{"id":1107630,"date":"2026-02-04T20:23:21","date_gmt":"2026-02-04T20:23:21","guid":{"rendered":"https:\/\/dimensionturistica.com\/es\/?p=1107630"},"modified":"2026-02-04T20:23:21","modified_gmt":"2026-02-04T20:23:21","slug":"omoda-y-jaecoo-te-llevan-a-vivir-bahidora-2026-con-una-dinamica-en-redes-sociales","status":"publish","type":"post","link":"https:\/\/dimensionturistica.com\/es\/omoda-y-jaecoo-te-llevan-a-vivir-bahidora-2026-con-una-dinamica-en-redes-sociales\/","title":{"rendered":"OMODA y JAECOO te llevan a vivir Bahidor\u00e1 2026 con una din\u00e1mica en redes sociales"},"content":{"rendered":"\n<figure class=\"wp-block-gallery has-nested-images columns-default is-cropped wp-block-gallery-1 is-layout-flex wp-block-gallery-is-layout-flex\">\n<figure class=\"wp-block-image size-large\"><img decoding=\"async\" width=\"500\" height=\"281\" data-id=\"1107631\" src=\"https:\/\/dimensionturistica.com\/es\/wp-content\/uploads\/2026\/02\/1OMODA.jpg\" alt=\"\" class=\"wp-image-1107631\" srcset=\"https:\/\/dimensionturistica.com\/es\/wp-content\/uploads\/2026\/02\/1OMODA.jpg 500w, https:\/\/dimensionturistica.com\/es\/wp-content\/uploads\/2026\/02\/1OMODA-300x169.jpg 300w\" sizes=\"(max-width: 500px) 100vw, 500px\" \/><\/figure>\n<\/figure>\n\n\n\n<p>&nbsp;La experiencia del Festival Bahidor\u00e1 2026 est\u00e1 m\u00e1s cerca. OMODA y JAECOO anuncian una din\u00e1mica en redes sociales con la que cinco personas podr\u00e1n ganar un pase doble para asistir al encuentro de m\u00fasica y cultura que se celebrar\u00e1 del 13 al 15 de febrero en el Parque Natural Las Estacas, Morelos.<\/p>\n\n\n\n<p>Con esta iniciativa, la marca invita a quienes disfrutan la m\u00fasica, la creatividad y las experiencias en vivo a formar parte de uno de los festivales m\u00e1s aut\u00e9nticos y espont\u00e1neos del pa\u00eds, donde la conexi\u00f3n entre personas, naturaleza y sonidos es protagonista.<\/p>\n\n\n\n<p>#AlBahidor\u00e1ConOMODAJAECOO<\/p>\n\n\n\n<p>La din\u00e1mica es sencilla y est\u00e1 pensada para celebrar el estilo, la creatividad y la forma \u00fanica en la que cada persona vive el festival:<\/p>\n\n\n\n<p>La participaci\u00f3n estar\u00e1 abierta del 22 de enero de 2026 a las 12:00 h al 6 de febrero de 2026 a las 00:00 h (Hora del Centro de M\u00e9xico).<\/p>\n\n\n\n<p>Podr\u00e1n participar personas mayores de edad, residentes en Ciudad de M\u00e9xico o \u00c1rea Metropolitana, con perfil p\u00fablico en redes sociales.<\/p>\n\n\n\n<p>Los participantes deber\u00e1n tomarse una fotograf\u00eda con el outfit que usar\u00edan para asistir a Bahidor\u00e1, publicarla en Instagram, Facebook o TikTok, y explicar en la descripci\u00f3n por qu\u00e9 OMODA y JAECOO son el compa\u00f1ero ideal para llevarlos al festival.<\/p>\n\n\n\n<p>En la publicaci\u00f3n deber\u00e1n etiquetar la cuenta oficial de OMODA y JAECOO M\u00e9xico y utilizar el hashtag #AlBahidor\u00e1ConOMODAJAECOO.<\/p>\n\n\n\n<figure class=\"wp-block-gallery has-nested-images columns-default is-cropped wp-block-gallery-2 is-layout-flex wp-block-gallery-is-layout-flex\">\n<figure class=\"wp-block-image size-large\"><img decoding=\"async\" width=\"500\" height=\"333\" data-id=\"1107635\" src=\"https:\/\/dimensionturistica.com\/es\/wp-content\/uploads\/2026\/02\/3OMODA.jpg\" alt=\"\" class=\"wp-image-1107635\" srcset=\"https:\/\/dimensionturistica.com\/es\/wp-content\/uploads\/2026\/02\/3OMODA.jpg 500w, https:\/\/dimensionturistica.com\/es\/wp-content\/uploads\/2026\/02\/3OMODA-300x200.jpg 300w\" sizes=\"(max-width: 500px) 100vw, 500px\" \/><\/figure>\n<\/figure>\n\n\n\n<p>Las siete publicaciones con m\u00e1s \u201clikes\u201d pasar\u00e1n a una etapa de evaluaci\u00f3n por un comit\u00e9, que seleccionar\u00e1 a los cinco ganadores, considerando la creatividad y afinidad con el esp\u00edritu del festival.<\/p>\n\n\n\n<p>Elecci\u00f3n y anuncio de ganadores<\/p>\n\n\n\n<p>Los ganadores se dar\u00e1n a conocer el 11 de febrero de 2026 a trav\u00e9s de las cuentas oficiales de OMODA y JAECOO M\u00e9xico.<\/p>\n\n\n\n<p>Cada ganador ser\u00e1 contactado ese mismo d\u00eda mediante mensaje directo en la red social donde particip\u00f3 y contar\u00e1 con 24 horas para confirmar su informaci\u00f3n y hacer v\u00e1lido su pase doble. En caso de no recibir respuesta dentro de ese periodo, el premio podr\u00e1 reasignarse.<\/p>\n\n\n\n<p>Consideraciones generales<\/p>\n\n\n\n<p>El premio consiste en un pase doble para el Festival Bahidor\u00e1 2026, v\u00e1lido para los d\u00edas 13, 14 y 15 de febrero.<\/p>\n\n\n\n<p>El pase no incluye transporte, hospedaje ni gastos adicionales relacionados con la asistencia al evento.<\/p>\n\n\n\n<p>Para hacer v\u00e1lido el premio, los ganadores deber\u00e1n presentar una identificaci\u00f3n oficial vigente. La participaci\u00f3n en esta din\u00e1mica implica la aceptaci\u00f3n total de los t\u00e9rminos y condiciones establecidos por OMODA y JAECOO, disponibles en jaecoo.mx en la secci\u00f3n de T\u00e9rminos y Condiciones.<\/p>\n\n\n\n<p>Esta din\u00e1mica se suma a la participaci\u00f3n de OMODA y JAECOO como patrocinador del escenario \u201cLa Estaci\u00f3n\u201d en Bahidor\u00e1 2026, reafirmando su presencia en espacios donde la m\u00fasica, la creatividad y las experiencias compartidas cobran vida.<\/p>\n\n\n\n<p>Conoce m\u00e1s de Chirey I OMODA I JAECOO en nuestras cuentas oficiales:<\/p>\n\n\n\n<p>Facebook: CHIREY I&nbsp; OMODA JAECOO<\/p>\n\n\n\n<p>Instagram: CHIREY I OMODA JAECOO<\/p>\n\n\n\n<p>TikTok: CHIREY I OMODA JAECOO<\/p>\n\n\n\n<p>Sitios:www.chirey.mx&nbsp; www.omoda.mx&nbsp; www.jaecoo.mx&nbsp;<\/p>\n","protected":false},"excerpt":{"rendered":"<p>&nbsp;La experiencia del Festival Bahidor\u00e1 2026 est\u00e1 m\u00e1s cerca. OMODA y JAECOO anuncian una din\u00e1mica en redes sociales con la que cinco personas podr\u00e1n ganar un pase doble para asistir al encuentro de m\u00fasica y cultura que se celebrar\u00e1 del 13 al 15 de febrero en el Parque Natural Las Estacas, Morelos. Con esta iniciativa, [&hellip;]<\/p>\n","protected":false},"author":1,"featured_media":0,"comment_status":"open","ping_status":"closed","sticky":false,"template":"","format":"standard","meta":{"om_disable_all_campaigns":false,"jnews-multi-image_gallery":[],"jnews_single_post":{"format":"standard"},"jnews_primary_category":[],"jnews_social_meta":[],"footnotes":""},"categories":[40],"tags":[],"class_list":["post-1107630","post","type-post","status-publish","format-standard","hentry","category-industria"],"_links":{"self":[{"href":"https:\/\/dimensionturistica.com\/es\/wp-json\/wp\/v2\/posts\/1107630","targetHints":{"allow":["GET"]}}],"collection":[{"href":"https:\/\/dimensionturistica.com\/es\/wp-json\/wp\/v2\/posts"}],"about":[{"href":"https:\/\/dimensionturistica.com\/es\/wp-json\/wp\/v2\/types\/post"}],"author":[{"embeddable":true,"href":"https:\/\/dimensionturistica.com\/es\/wp-json\/wp\/v2\/users\/1"}],"replies":[{"embeddable":true,"href":"https:\/\/dimensionturistica.com\/es\/wp-json\/wp\/v2\/comments?post=1107630"}],"version-history":[{"count":1,"href":"https:\/\/dimensionturistica.com\/es\/wp-json\/wp\/v2\/posts\/1107630\/revisions"}],"predecessor-version":[{"id":1107636,"href":"https:\/\/dimensionturistica.com\/es\/wp-json\/wp\/v2\/posts\/1107630\/revisions\/1107636"}],"wp:attachment":[{"href":"https:\/\/dimensionturistica.com\/es\/wp-json\/wp\/v2\/media?parent=1107630"}],"wp:term":[{"taxonomy":"category","embeddable":true,"href":"https:\/\/dimensionturistica.com\/es\/wp-json\/wp\/v2\/categories?post=1107630"},{"taxonomy":"post_tag","embeddable":true,"href":"https:\/\/dimensionturistica.com\/es\/wp-json\/wp\/v2\/tags?post=1107630"}],"curies":[{"name":"wp","href":"https:\/\/api.w.org\/{rel}","templated":true}]}}