{"id":1107608,"date":"2026-02-04T19:42:47","date_gmt":"2026-02-04T19:42:47","guid":{"rendered":"https:\/\/dimensionturistica.com\/es\/?p=1107608"},"modified":"2026-02-04T19:42:47","modified_gmt":"2026-02-04T19:42:47","slug":"gloria-guevara-manzo-encabezo-el-encuentro-que-reunio-a-lideres-globales-ministros-empresarios-y-autoridades-de-la-industria-turistica","status":"publish","type":"post","link":"https:\/\/dimensionturistica.com\/es\/gloria-guevara-manzo-encabezo-el-encuentro-que-reunio-a-lideres-globales-ministros-empresarios-y-autoridades-de-la-industria-turistica\/","title":{"rendered":"Gloria Guevara Manzo encabez\u00f3 el encuentro que reuni\u00f3 a l\u00edderes globales, ministros, empresarios y autoridades de la industria tur\u00edstica"},"content":{"rendered":"\n<figure class=\"wp-block-gallery has-nested-images columns-default is-cropped wp-block-gallery-1 is-layout-flex wp-block-gallery-is-layout-flex\">\n<figure class=\"wp-block-image size-large\"><img decoding=\"async\" width=\"500\" height=\"449\" data-id=\"1107611\" src=\"https:\/\/dimensionturistica.com\/es\/wp-content\/uploads\/2026\/02\/1GLORIA-1.jpg\" alt=\"\" class=\"wp-image-1107611\" srcset=\"https:\/\/dimensionturistica.com\/es\/wp-content\/uploads\/2026\/02\/1GLORIA-1.jpg 500w, https:\/\/dimensionturistica.com\/es\/wp-content\/uploads\/2026\/02\/1GLORIA-1-300x269.jpg 300w\" sizes=\"(max-width: 500px) 100vw, 500px\" \/><\/figure>\n<\/figure>\n\n\n\n<p>L\u00edderes globales de la industria tur\u00edstica, empresarios, ministros y autoridades se dieron cita en el encuentro de alto nivel organizado por el Consejo Mundial de Viajes y Turismo (WTTC, por sus siglas en ingl\u00e9s), en la capital espa\u00f1ola, donde se analizaron los retos y las oportunidades de inversi\u00f3n en distintas regiones del planeta para impulsar la actividad tur\u00edstica.<\/p>\n\n\n\n<figure class=\"wp-block-gallery has-nested-images columns-default is-cropped wp-block-gallery-2 is-layout-flex wp-block-gallery-is-layout-flex\">\n<figure class=\"wp-block-image size-large\"><img decoding=\"async\" width=\"500\" height=\"621\" data-id=\"1107612\" src=\"https:\/\/dimensionturistica.com\/es\/wp-content\/uploads\/2026\/02\/6GLORIA.jpg\" alt=\"\" class=\"wp-image-1107612\" srcset=\"https:\/\/dimensionturistica.com\/es\/wp-content\/uploads\/2026\/02\/6GLORIA.jpg 500w, https:\/\/dimensionturistica.com\/es\/wp-content\/uploads\/2026\/02\/6GLORIA-242x300.jpg 242w\" sizes=\"(max-width: 500px) 100vw, 500px\" \/><\/figure>\n<\/figure>\n\n\n\n<p>En una conversaci\u00f3n din\u00e1mica y abierta, los l\u00edderes globales identificaron que, entre los principales desaf\u00edos que enfrenta actualmente el sector, se encuentran la eliminaci\u00f3n de barreras para la movilidad de los turistas, el uso de nuevas tecnolog\u00edas para facilitar los viajes, el fortalecimiento de la conectividad, as\u00ed como el desarrollo sustentable del turismo, con pleno respeto al medio ambiente y con claros beneficios para las comunidades originarias.<\/p>\n\n\n\n<p>Asimismo, se dej\u00f3 en claro la importancia que reviste la seguridad jur\u00eddica para las inversiones en el sector, as\u00ed como el fortalecimiento de la infraestructura y las facilidades gubernamentales para el desarrollo de los negocios.<\/p>\n\n\n\n<p>Es importante destacar que los asistentes al encuentro de alto nivel guardaron un minuto de silencio en memoria de las v\u00edctimas del accidente ferroviario registrado recientemente en Espa\u00f1a.<\/p>\n\n\n\n<p>Durante su intervenci\u00f3n, Gloria Guevara Manzo, Presidenta y CEO del WTTC, asegur\u00f3 que el turismo reafirma su papel como uno de los motores m\u00e1s relevantes de la econom\u00eda global.<\/p>\n\n\n\n<p>\u201cEl WTTC celebra el crecimiento del turismo mundial, con r\u00e9cords de viajeros e ingresos. M\u00e1s de 1,500 millones de personas viajaron internacionalmente a lo largo de 2025, cifra que representa 80 millones m\u00e1s que en 2024. El turismo mundial cerr\u00f3 2025 como el mejor a\u00f1o de su historia, con una contribuci\u00f3n total de 10 billones de euros, lo que equivale al 10,3% de la econom\u00eda global y a un crecimiento de 6,7% con respecto al a\u00f1o anterior\u201d, se\u00f1al\u00f3 Guevara ante los asistentes.<\/p>\n\n\n\n<figure class=\"wp-block-gallery has-nested-images columns-default is-cropped wp-block-gallery-3 is-layout-flex wp-block-gallery-is-layout-flex\">\n<figure class=\"wp-block-image size-large\"><img decoding=\"async\" width=\"500\" height=\"333\" data-id=\"1107616\" src=\"https:\/\/dimensionturistica.com\/es\/wp-content\/uploads\/2026\/02\/2GLORIA-1.jpg\" alt=\"\" class=\"wp-image-1107616\" srcset=\"https:\/\/dimensionturistica.com\/es\/wp-content\/uploads\/2026\/02\/2GLORIA-1.jpg 500w, https:\/\/dimensionturistica.com\/es\/wp-content\/uploads\/2026\/02\/2GLORIA-1-300x200.jpg 300w\" sizes=\"(max-width: 500px) 100vw, 500px\" \/><\/figure>\n<\/figure>\n\n\n\n<p>Adem\u00e1s, resalt\u00f3 que el sector de viajes y turismo emplea a uno de cada tres trabajadores en todo el planeta. \u201cUn mill\u00f3n de empleos formar\u00e1 el turismo en los pr\u00f3ximos 10 a\u00f1os, por lo que se requiere fortalecer la formaci\u00f3n de talento\u201d, indic\u00f3.<\/p>\n\n\n\n<p>El foro cont\u00f3 con la participaci\u00f3n de Shaikha Alnuwais, Secretaria General de ONU Turismo, quien hizo \u00e9nfasis en la importancia de preservar la naturaleza y la cultura, as\u00ed como de generar beneficios para las peque\u00f1as comunidades a trav\u00e9s del turismo. \u201cMi visi\u00f3n es un sue\u00f1o que se puede materializar; necesitamos el alcance del sector privado y una estrecha colaboraci\u00f3n con las autoridades\u201d, refiri\u00f3.<\/p>\n\n\n\n<p>Se\u00f1al\u00f3 que la inversi\u00f3n ser\u00e1 el catalizador para lograr un desarrollo equitativo del turismo global, a\u00f1adiendo que: \u201cUna de las prioridades de mi gesti\u00f3n es fortalecer la colaboraci\u00f3n entre empresarios y autoridades, as\u00ed como apoyar a los destinos emergentes, promover la sostenibilidad y respaldar a los emprendedores y a las mujeres en el sector\u201d.<\/p>\n\n\n\n<p>En su oportunidad, la Gobernadora del Estado de Quintana Roo, Mara Lezama, afirm\u00f3 que no es posible tener para\u00edsos tur\u00edsticos con comunidades que padecen carencias. Destac\u00f3 la importancia de la democratizaci\u00f3n del turismo, el desarrollo compartido, el impulso al turismo rural y comunitario, as\u00ed como la implementaci\u00f3n de una regulaci\u00f3n transparente para las inversiones.<\/p>\n\n\n\n<figure class=\"wp-block-gallery has-nested-images columns-default is-cropped wp-block-gallery-4 is-layout-flex wp-block-gallery-is-layout-flex\">\n<figure class=\"wp-block-image size-large\"><img decoding=\"async\" width=\"500\" height=\"333\" data-id=\"1107617\" src=\"https:\/\/dimensionturistica.com\/es\/wp-content\/uploads\/2026\/02\/4GLORIA.jpg\" alt=\"\" class=\"wp-image-1107617\" srcset=\"https:\/\/dimensionturistica.com\/es\/wp-content\/uploads\/2026\/02\/4GLORIA.jpg 500w, https:\/\/dimensionturistica.com\/es\/wp-content\/uploads\/2026\/02\/4GLORIA-300x200.jpg 300w\" sizes=\"(max-width: 500px) 100vw, 500px\" \/><\/figure>\n<\/figure>\n\n\n\n<p>El encuentro de alto nivel cont\u00f3 tambi\u00e9n con la participaci\u00f3n de William Rodr\u00edguez, Ministro de Turismo de Costa Rica; Harris Whitbeck, Ministro de Turismo de Guatemala; Jorge Paoli, Presidente de la Asociaci\u00f3n Nacional de Cadenas Hoteleras; Juan Vela, de Vela Resorts; Frank Rainieri, de Grupo Punta Cana; Jos\u00e9 Chapur, de The Palace Company; Gloria Flux\u00e0, de Grupo Iberostar; Jos\u00e9 Carlos Azc\u00e1rraga, de Grupo Posadas; la Ministra de Turismo de Per\u00fa, Teresa Stella Mera; el Viceministro de Turismo de Ecuador, as\u00ed como representantes de la Agencia de Turismo de Jap\u00f3n y de la Rep\u00fablica Popular China.<\/p>\n\n\n\n<p>Finalmente, Gloria Guevara anunci\u00f3 que el WTTC celebrar\u00e1 foros regionales que permitir\u00e1n profundizar en el an\u00e1lisis de los retos y oportunidades del sector de viajes y turismo, con el objetivo de impulsar el crecimiento de la industria, la generaci\u00f3n de empleos y su contribuci\u00f3n al desarrollo econ\u00f3mico.<\/p>\n\n\n\n<p>Es importante destacar que el WTTC anunci\u00f3 recientemente su cambio oficial de sede, de Londres a Madrid, lo cual contribuir\u00e1 a generar un valor tangible para sus miembros y a potenciar el crecimiento del sector. Adicionalmente, el WTTC hizo oficial el nombramiento de Gloria Guevara Manzo como Presidenta y CEO de la organizaci\u00f3n.<\/p>\n","protected":false},"excerpt":{"rendered":"<p>L\u00edderes globales de la industria tur\u00edstica, empresarios, ministros y autoridades se dieron cita en el encuentro de alto nivel organizado por el Consejo Mundial de Viajes y Turismo (WTTC, por sus siglas en ingl\u00e9s), en la capital espa\u00f1ola, donde se analizaron los retos y las oportunidades de inversi\u00f3n en distintas regiones del planeta para impulsar [&hellip;]<\/p>\n","protected":false},"author":1,"featured_media":0,"comment_status":"open","ping_status":"closed","sticky":false,"template":"","format":"standard","meta":{"om_disable_all_campaigns":false,"jnews-multi-image_gallery":[],"jnews_single_post":[],"jnews_primary_category":[],"jnews_social_meta":[],"footnotes":""},"categories":[39],"tags":[],"class_list":["post-1107608","post","type-post","status-publish","format-standard","hentry","category-viajes"],"_links":{"self":[{"href":"https:\/\/dimensionturistica.com\/es\/wp-json\/wp\/v2\/posts\/1107608","targetHints":{"allow":["GET"]}}],"collection":[{"href":"https:\/\/dimensionturistica.com\/es\/wp-json\/wp\/v2\/posts"}],"about":[{"href":"https:\/\/dimensionturistica.com\/es\/wp-json\/wp\/v2\/types\/post"}],"author":[{"embeddable":true,"href":"https:\/\/dimensionturistica.com\/es\/wp-json\/wp\/v2\/users\/1"}],"replies":[{"embeddable":true,"href":"https:\/\/dimensionturistica.com\/es\/wp-json\/wp\/v2\/comments?post=1107608"}],"version-history":[{"count":1,"href":"https:\/\/dimensionturistica.com\/es\/wp-json\/wp\/v2\/posts\/1107608\/revisions"}],"predecessor-version":[{"id":1107618,"href":"https:\/\/dimensionturistica.com\/es\/wp-json\/wp\/v2\/posts\/1107608\/revisions\/1107618"}],"wp:attachment":[{"href":"https:\/\/dimensionturistica.com\/es\/wp-json\/wp\/v2\/media?parent=1107608"}],"wp:term":[{"taxonomy":"category","embeddable":true,"href":"https:\/\/dimensionturistica.com\/es\/wp-json\/wp\/v2\/categories?post=1107608"},{"taxonomy":"post_tag","embeddable":true,"href":"https:\/\/dimensionturistica.com\/es\/wp-json\/wp\/v2\/tags?post=1107608"}],"curies":[{"name":"wp","href":"https:\/\/api.w.org\/{rel}","templated":true}]}}