{"id":1107580,"date":"2026-02-04T18:52:28","date_gmt":"2026-02-04T18:52:28","guid":{"rendered":"https:\/\/dimensionturistica.com\/es\/?p=1107580"},"modified":"2026-02-04T18:52:28","modified_gmt":"2026-02-04T18:52:28","slug":"fraiche-presenta-su-coleccion-de-san-valentin-un-regalo-que-se-convierte-en-recuerdo","status":"publish","type":"post","link":"https:\/\/dimensionturistica.com\/es\/fraiche-presenta-su-coleccion-de-san-valentin-un-regalo-que-se-convierte-en-recuerdo\/","title":{"rendered":"Fraiche presenta su colecci\u00f3n de San Valent\u00edn: un regalo que se convierte en recuerdo"},"content":{"rendered":"\n<figure class=\"wp-block-gallery has-nested-images columns-default is-cropped wp-block-gallery-1 is-layout-flex wp-block-gallery-is-layout-flex\">\n<figure class=\"wp-block-image size-large\"><img decoding=\"async\" width=\"591\" height=\"201\" data-id=\"1107581\" src=\"https:\/\/dimensionturistica.com\/es\/wp-content\/uploads\/2026\/02\/1FRAi.jpg\" alt=\"\" class=\"wp-image-1107581\" srcset=\"https:\/\/dimensionturistica.com\/es\/wp-content\/uploads\/2026\/02\/1FRAi.jpg 591w, https:\/\/dimensionturistica.com\/es\/wp-content\/uploads\/2026\/02\/1FRAi-300x102.jpg 300w\" sizes=\"(max-width: 591px) 100vw, 591px\" \/><\/figure>\n<\/figure>\n\n\n\n<p>Este 14 de febrero, Fraiche celebra el amor en todas sus formas con el lanzamiento de su colecci\u00f3n de San Valent\u00edn, una edici\u00f3n especial creada para transformar un detalle en una experiencia sensorial inolvidable.<\/p>\n\n\n\n<figure class=\"wp-block-gallery has-nested-images columns-default is-cropped wp-block-gallery-2 is-layout-flex wp-block-gallery-is-layout-flex\">\n<figure class=\"wp-block-image size-large\"><img decoding=\"async\" width=\"500\" height=\"384\" data-id=\"1107582\" src=\"https:\/\/dimensionturistica.com\/es\/wp-content\/uploads\/2026\/02\/2FRAI.jpg\" alt=\"\" class=\"wp-image-1107582\" srcset=\"https:\/\/dimensionturistica.com\/es\/wp-content\/uploads\/2026\/02\/2FRAI.jpg 500w, https:\/\/dimensionturistica.com\/es\/wp-content\/uploads\/2026\/02\/2FRAI-300x230.jpg 300w\" sizes=\"(max-width: 500px) 100vw, 500px\" \/><\/figure>\n<\/figure>\n\n\n\n<p>Dise\u00f1ado como el regalo ideal para parejas o para consentirse a uno mismo, esta colecci\u00f3n re\u00fane una cuidada selecci\u00f3n de fragancias y productos que invitan a sentir, conectar y crear momentos que permanecen en la memoria. Porque regalar un aroma es regalar una emoci\u00f3n que se queda en la piel.<\/p>\n\n\n\n<p>Un d\u00fao que conecta emociones<\/p>\n\n\n\n<figure class=\"wp-block-gallery has-nested-images columns-default is-cropped wp-block-gallery-3 is-layout-flex wp-block-gallery-is-layout-flex\">\n<figure class=\"wp-block-image size-large\"><img decoding=\"async\" width=\"500\" height=\"292\" data-id=\"1107583\" src=\"https:\/\/dimensionturistica.com\/es\/wp-content\/uploads\/2026\/02\/4FRAI.jpg\" alt=\"\" class=\"wp-image-1107583\" srcset=\"https:\/\/dimensionturistica.com\/es\/wp-content\/uploads\/2026\/02\/4FRAI.jpg 500w, https:\/\/dimensionturistica.com\/es\/wp-content\/uploads\/2026\/02\/4FRAI-300x175.jpg 300w\" sizes=\"(max-width: 500px) 100vw, 500px\" \/><\/figure>\n<\/figure>\n\n\n\n<p>La colecci\u00f3n incluye dos perfumes Fraiche personalizables de 60 ml, Entre Besos y Entre Secretos, un d\u00fao que representa dos historias distintas unidas por un mismo sentimiento. Sus aromas se complementan y dialogan entre s\u00ed, creando una propuesta pensada para compartir, conectar y celebrar la autenticidad de cada relaci\u00f3n.<\/p>\n\n\n\n<p>Su precio 60 ml | $329.00 MXN<\/p>\n\n\n\n<p>Una experiencia que va m\u00e1s all\u00e1 del perfume<\/p>\n\n\n\n<figure class=\"wp-block-gallery has-nested-images columns-default is-cropped wp-block-gallery-4 is-layout-flex wp-block-gallery-is-layout-flex\">\n<figure class=\"wp-block-image size-large\"><img decoding=\"async\" width=\"500\" height=\"378\" data-id=\"1107584\" src=\"https:\/\/dimensionturistica.com\/es\/wp-content\/uploads\/2026\/02\/11FRAI.jpg\" alt=\"\" class=\"wp-image-1107584\" srcset=\"https:\/\/dimensionturistica.com\/es\/wp-content\/uploads\/2026\/02\/11FRAI.jpg 500w, https:\/\/dimensionturistica.com\/es\/wp-content\/uploads\/2026\/02\/11FRAI-300x227.jpg 300w\" sizes=\"(max-width: 500px) 100vw, 500px\" \/><\/figure>\n<\/figure>\n\n\n\n<p>Para completar esta experiencia sensorial,se integran dos lociones corporales refrescante de 250 ml, ideal para acompa\u00f1ar las fragancias durante todo el d\u00eda y prolongar su presencia sobre la piel, as\u00ed como una vela arom\u00e1tica de cera a base de soya de 300 g, dise\u00f1ada para crear una atm\u00f3sfera c\u00e1lida, envolvente e \u00edntima.<\/p>\n\n\n\n<figure class=\"wp-block-gallery has-nested-images columns-default is-cropped wp-block-gallery-5 is-layout-flex wp-block-gallery-is-layout-flex\">\n<figure class=\"wp-block-image size-large\"><img decoding=\"async\" width=\"500\" height=\"702\" data-id=\"1107585\" src=\"https:\/\/dimensionturistica.com\/es\/wp-content\/uploads\/2026\/02\/FRAICHE.jpg\" alt=\"\" class=\"wp-image-1107585\" srcset=\"https:\/\/dimensionturistica.com\/es\/wp-content\/uploads\/2026\/02\/FRAICHE.jpg 500w, https:\/\/dimensionturistica.com\/es\/wp-content\/uploads\/2026\/02\/FRAICHE-214x300.jpg 214w, https:\/\/dimensionturistica.com\/es\/wp-content\/uploads\/2026\/02\/FRAICHE-360x504.jpg 360w\" sizes=\"(max-width: 500px) 100vw, 500px\" \/><\/figure>\n<\/figure>\n\n\n\n<p>Su precio por ambas lociones es de $133.50 MXN<\/p>\n\n\n\n<p>Su precio para la vela arom\u00e1tica es de $215.00 MXN<\/p>\n\n\n\n<p>Disponibilidad<\/p>\n\n\n\n<p>La colecci\u00f3n estar\u00e1 disponible por tiempo limitado y hasta agotar existencias, en tiendas Fraiche y canales oficiales.<\/p>\n","protected":false},"excerpt":{"rendered":"<p>Este 14 de febrero, Fraiche celebra el amor en todas sus formas con el lanzamiento de su colecci\u00f3n de San Valent\u00edn, una edici\u00f3n especial creada para transformar un detalle en una experiencia sensorial inolvidable. Dise\u00f1ado como el regalo ideal para parejas o para consentirse a uno mismo, esta colecci\u00f3n re\u00fane una cuidada selecci\u00f3n de fragancias [&hellip;]<\/p>\n","protected":false},"author":1,"featured_media":0,"comment_status":"open","ping_status":"closed","sticky":false,"template":"","format":"standard","meta":{"om_disable_all_campaigns":false,"jnews-multi-image_gallery":[],"jnews_single_post":{"format":"standard"},"jnews_primary_category":[],"jnews_social_meta":[],"footnotes":""},"categories":[144872],"tags":[],"class_list":["post-1107580","post","type-post","status-publish","format-standard","hentry","category-fashion"],"_links":{"self":[{"href":"https:\/\/dimensionturistica.com\/es\/wp-json\/wp\/v2\/posts\/1107580","targetHints":{"allow":["GET"]}}],"collection":[{"href":"https:\/\/dimensionturistica.com\/es\/wp-json\/wp\/v2\/posts"}],"about":[{"href":"https:\/\/dimensionturistica.com\/es\/wp-json\/wp\/v2\/types\/post"}],"author":[{"embeddable":true,"href":"https:\/\/dimensionturistica.com\/es\/wp-json\/wp\/v2\/users\/1"}],"replies":[{"embeddable":true,"href":"https:\/\/dimensionturistica.com\/es\/wp-json\/wp\/v2\/comments?post=1107580"}],"version-history":[{"count":1,"href":"https:\/\/dimensionturistica.com\/es\/wp-json\/wp\/v2\/posts\/1107580\/revisions"}],"predecessor-version":[{"id":1107587,"href":"https:\/\/dimensionturistica.com\/es\/wp-json\/wp\/v2\/posts\/1107580\/revisions\/1107587"}],"wp:attachment":[{"href":"https:\/\/dimensionturistica.com\/es\/wp-json\/wp\/v2\/media?parent=1107580"}],"wp:term":[{"taxonomy":"category","embeddable":true,"href":"https:\/\/dimensionturistica.com\/es\/wp-json\/wp\/v2\/categories?post=1107580"},{"taxonomy":"post_tag","embeddable":true,"href":"https:\/\/dimensionturistica.com\/es\/wp-json\/wp\/v2\/tags?post=1107580"}],"curies":[{"name":"wp","href":"https:\/\/api.w.org\/{rel}","templated":true}]}}