{"id":1107575,"date":"2026-02-04T18:35:38","date_gmt":"2026-02-04T18:35:38","guid":{"rendered":"https:\/\/dimensionturistica.com\/es\/?p=1107575"},"modified":"2026-02-04T18:35:38","modified_gmt":"2026-02-04T18:35:38","slug":"indra-group-y-el-banco-de-desarrollo-de-america-latina-y-el-caribe-firman-un-acuerdo-estrategico-para-acelerar-la-digitalizacion-de-los-servicios-publicos-en-los-paises-miembros","status":"publish","type":"post","link":"https:\/\/dimensionturistica.com\/es\/indra-group-y-el-banco-de-desarrollo-de-america-latina-y-el-caribe-firman-un-acuerdo-estrategico-para-acelerar-la-digitalizacion-de-los-servicios-publicos-en-los-paises-miembros\/","title":{"rendered":"Indra Group y el Banco de Desarrollo de Am\u00e9rica Latina y el Caribe firman un acuerdo estrat\u00e9gico para acelerar la digitalizaci\u00f3n de los servicios p\u00fablicos en los pa\u00edses miembros"},"content":{"rendered":"\n<figure class=\"wp-block-gallery has-nested-images columns-default is-cropped wp-block-gallery-1 is-layout-flex wp-block-gallery-is-layout-flex\">\n<figure class=\"wp-block-image size-large\"><img decoding=\"async\" width=\"456\" height=\"180\" data-id=\"1107576\" src=\"https:\/\/dimensionturistica.com\/es\/wp-content\/uploads\/2026\/02\/5INDRA.jpg\" alt=\"\" class=\"wp-image-1107576\" srcset=\"https:\/\/dimensionturistica.com\/es\/wp-content\/uploads\/2026\/02\/5INDRA.jpg 456w, https:\/\/dimensionturistica.com\/es\/wp-content\/uploads\/2026\/02\/5INDRA-300x118.jpg 300w\" sizes=\"(max-width: 456px) 100vw, 456px\" \/><\/figure>\n<\/figure>\n\n\n\n<p>El acuerdo permitir\u00e1 acelerar la transformaci\u00f3n digital en los pa\u00edses que forman parte de esta entidad mediante iniciativas de inteligencia artificial aplicada, resiliencia de infraestructuras y soluciones conectadas en \u00e1mbitos clave como el gobierno digital, la ciberseguridad, movilidad inteligente o gesti\u00f3n del tr\u00e1fico a\u00e9reo<\/p>\n\n\n\n<p>\u00c1ngel Escribano, presidente ejecutivo de Indra Group, Sergio D\u00edaz-Granados, presidente ejecutivo de CAF y Jos\u00e9 Vicente de los Mozos, consejero delegado de Indra Group.<\/p>\n\n\n\n<p>El acuerdo con la principal instituci\u00f3n financiera multilateral de desarrollo de Am\u00e9rica Latina y el Caribe refuerza el posicionamiento de Indra Group como socio tecnol\u00f3gico estrat\u00e9gico del sector p\u00fablico y refuerza su proyecci\u00f3n internacional en \u00e1mbitos de crecimiento claves y tecnolog\u00edas transformadoras<\/p>\n\n\n\n<figure class=\"wp-block-gallery has-nested-images columns-default is-cropped wp-block-gallery-2 is-layout-flex wp-block-gallery-is-layout-flex\">\n<figure class=\"wp-block-image size-large\"><img decoding=\"async\" width=\"500\" height=\"333\" data-id=\"1107577\" src=\"https:\/\/dimensionturistica.com\/es\/wp-content\/uploads\/2026\/02\/1INDRA.jpg\" alt=\"\" class=\"wp-image-1107577\" srcset=\"https:\/\/dimensionturistica.com\/es\/wp-content\/uploads\/2026\/02\/1INDRA.jpg 500w, https:\/\/dimensionturistica.com\/es\/wp-content\/uploads\/2026\/02\/1INDRA-300x200.jpg 300w\" sizes=\"(max-width: 500px) 100vw, 500px\" \/><\/figure>\n<\/figure>\n\n\n\n<p>Indra Group y el Banco de Desarrollo de Am\u00e9rica Latina y el Caribe (CAF) &#8211; instituci\u00f3n financiera multilateral integrada por m\u00e1s de 20 pa\u00edses americanos, junto con Espa\u00f1a y Portugal- han firmado un acuerdo estrat\u00e9gico para promover y desarrollar proyectos conjuntos orientados a la digitalizaci\u00f3n avanzada y la modernizaci\u00f3n tecnol\u00f3gica de los servicios p\u00fablicos e infraestructuras claves en estos territorios.<\/p>\n\n\n\n<p>El acuerdo, firmado en Ciudad de Panam\u00e1, une la capacidad de integraci\u00f3n regional del CAF con la experiencia, el conocimiento sectorial y las capacidades tecnol\u00f3gicas de Indra Group, que se proyectan ahora en iniciativas conjuntas orientadas a la modernizaci\u00f3n del Estado y a la prestaci\u00f3n de servicios p\u00fablicos esenciales para el desarrollo de los pa\u00edses de esta regi\u00f3n.<\/p>\n\n\n\n<p>En el marco del acuerdo, Indra Group y CAF trabajar\u00e1n conjuntamente en la identificaci\u00f3n, estructuraci\u00f3n y desarrollo de proyectos de alto impacto para \u00e1mbitos tan estrat\u00e9gicos como el gobierno digital, ciberseguridad, movilidad inteligente, gesti\u00f3n del tr\u00e1fico a\u00e9reo y uso de anal\u00edtica avanzada e inteligencia artificial, as\u00ed como en iniciativas de inversi\u00f3n vinculadas directamente con la transformaci\u00f3n digital del sector p\u00fablico.<\/p>\n\n\n\n<figure class=\"wp-block-gallery has-nested-images columns-default is-cropped wp-block-gallery-3 is-layout-flex wp-block-gallery-is-layout-flex\">\n<figure class=\"wp-block-image size-large\"><img decoding=\"async\" width=\"500\" height=\"315\" data-id=\"1107578\" src=\"https:\/\/dimensionturistica.com\/es\/wp-content\/uploads\/2026\/02\/3INDRA.jpg\" alt=\"\" class=\"wp-image-1107578\" srcset=\"https:\/\/dimensionturistica.com\/es\/wp-content\/uploads\/2026\/02\/3INDRA.jpg 500w, https:\/\/dimensionturistica.com\/es\/wp-content\/uploads\/2026\/02\/3INDRA-300x189.jpg 300w\" sizes=\"(max-width: 500px) 100vw, 500px\" \/><\/figure>\n<\/figure>\n\n\n\n<p>&#8220;La transformaci\u00f3n digital es un habilitador fundamental del desarrollo sostenible en nuestra regi\u00f3n. Este acuerdo con Indra Group nos permitir\u00e1 identificar y estructurar proyectos de alto impacto que fortalezcan las capacidades institucionales de nuestros pa\u00edses miembros, mejoren la eficiencia del Estado y, sobre todo, acerquen servicios p\u00fablicos de calidad a millones de ciudadanos latinoamericanos y caribe\u00f1os&#8221;, afirm\u00f3 Sergio D\u00edaz-Granados, presidente ejecutivo de CAF.<\/p>\n\n\n\n<p>\u201cLa firma de este acuerdo con CAF refuerza el compromiso de Indra Group con el desarrollo de Am\u00e9rica Latina y el Caribe y con el fortalecimiento de los servicios p\u00fablicos como pilar del progreso econ\u00f3mico y social. Nuestra colaboraci\u00f3n con la principal instituci\u00f3n financiera multilateral de la regi\u00f3n refleja la vocaci\u00f3n de Indra por aportar conocimiento, tecnolog\u00eda y experiencia internacional al servicio de los ciudadanos y de las instituciones p\u00fablicas\u201d, destac\u00f3 \u00c1ngel Escribano, presidente ejecutivo de Indra Group.<\/p>\n\n\n\n<p>Por su parte Jos\u00e9 Vicente de los Mozos, consejero delegado (CEO) de Indra Group, afirm\u00f3 que \u201ceste acuerdo con CAF se enmarca en la hoja de ruta estrat\u00e9gica de Indra Group para consolidar nuestra posici\u00f3n como socio tecnol\u00f3gico de referencia en Am\u00e9rica Latina y el Caribe. Nos permite identificar y estructurar iniciativas de alto impacto en \u00e1mbitos clave como la digitalizaci\u00f3n avanzada de los servicios p\u00fablicos, la gesti\u00f3n de datos y la inteligencia artificial aplicada, alineando nuestras capacidades con las prioridades de desarrollo de la regi\u00f3n y con una clara orientaci\u00f3n a resultados\u201d.<\/p>\n\n\n\n<p>Para Indra Group, la alianza supone un paso decisivo en su estrategia de crecimiento y consolidaci\u00f3n dentro de Am\u00e9rica Latina y el Caribe. La compa\u00f1\u00eda refuerza su papel como socio tecnol\u00f3gico estrat\u00e9gico con vocaci\u00f3n de largo plazo en la regi\u00f3n, a trav\u00e9s de soluciones avanzadas aplicadas a proyectos orientados a la modernizaci\u00f3n del Estado, la protecci\u00f3n y resiliencia de infraestructuras cr\u00edticas y la mejora de la eficiencia y calidad en la prestaci\u00f3n de servicios p\u00fablicos.<\/p>\n\n\n\n<p>Asimismo, Indra Group alinea sus capacidades tecnol\u00f3gicas, su experiencia internacional y su liderazgo en sectores clave de la agenda de desarrollo de CAF, instituci\u00f3n que, con 24 pa\u00edses miembros, desempe\u00f1a un papel central en la financiaci\u00f3n y estructuraci\u00f3n de proyectos orientados a mejorar la competitividad, la productividad y la calidad de vida en Am\u00e9rica Latina y el Caribe. Seg\u00fan informaciones recientes facilitadas por la propia entidad, CAF aprob\u00f3 en 2025 m\u00e1s de 18.000 millones de d\u00f3lares en financiaci\u00f3n en los pa\u00edses que la conforman, con un peso creciente de proyectos vinculados al desarrollo y la sostenibilidad.<\/p>\n","protected":false},"excerpt":{"rendered":"<p>El acuerdo permitir\u00e1 acelerar la transformaci\u00f3n digital en los pa\u00edses que forman parte de esta entidad mediante iniciativas de inteligencia artificial aplicada, resiliencia de infraestructuras y soluciones conectadas en \u00e1mbitos clave como el gobierno digital, la ciberseguridad, movilidad inteligente o gesti\u00f3n del tr\u00e1fico a\u00e9reo \u00c1ngel Escribano, presidente ejecutivo de Indra Group, Sergio D\u00edaz-Granados, presidente ejecutivo [&hellip;]<\/p>\n","protected":false},"author":1,"featured_media":0,"comment_status":"open","ping_status":"closed","sticky":false,"template":"","format":"standard","meta":{"om_disable_all_campaigns":false,"jnews-multi-image_gallery":[],"jnews_single_post":[],"jnews_primary_category":[],"jnews_social_meta":[],"footnotes":""},"categories":[40],"tags":[],"class_list":["post-1107575","post","type-post","status-publish","format-standard","hentry","category-industria"],"_links":{"self":[{"href":"https:\/\/dimensionturistica.com\/es\/wp-json\/wp\/v2\/posts\/1107575","targetHints":{"allow":["GET"]}}],"collection":[{"href":"https:\/\/dimensionturistica.com\/es\/wp-json\/wp\/v2\/posts"}],"about":[{"href":"https:\/\/dimensionturistica.com\/es\/wp-json\/wp\/v2\/types\/post"}],"author":[{"embeddable":true,"href":"https:\/\/dimensionturistica.com\/es\/wp-json\/wp\/v2\/users\/1"}],"replies":[{"embeddable":true,"href":"https:\/\/dimensionturistica.com\/es\/wp-json\/wp\/v2\/comments?post=1107575"}],"version-history":[{"count":1,"href":"https:\/\/dimensionturistica.com\/es\/wp-json\/wp\/v2\/posts\/1107575\/revisions"}],"predecessor-version":[{"id":1107579,"href":"https:\/\/dimensionturistica.com\/es\/wp-json\/wp\/v2\/posts\/1107575\/revisions\/1107579"}],"wp:attachment":[{"href":"https:\/\/dimensionturistica.com\/es\/wp-json\/wp\/v2\/media?parent=1107575"}],"wp:term":[{"taxonomy":"category","embeddable":true,"href":"https:\/\/dimensionturistica.com\/es\/wp-json\/wp\/v2\/categories?post=1107575"},{"taxonomy":"post_tag","embeddable":true,"href":"https:\/\/dimensionturistica.com\/es\/wp-json\/wp\/v2\/tags?post=1107575"}],"curies":[{"name":"wp","href":"https:\/\/api.w.org\/{rel}","templated":true}]}}