{"id":1107529,"date":"2026-02-04T17:00:41","date_gmt":"2026-02-04T17:00:41","guid":{"rendered":"https:\/\/dimensionturistica.com\/es\/?p=1107529"},"modified":"2026-02-04T17:00:41","modified_gmt":"2026-02-04T17:00:41","slug":"al-buen-entendedor-el-triste-viacrucis-de-la-tramitologia-en-mexico","status":"publish","type":"post","link":"https:\/\/dimensionturistica.com\/es\/al-buen-entendedor-el-triste-viacrucis-de-la-tramitologia-en-mexico\/","title":{"rendered":"Al Buen Entendedor&#8230; El triste viacrucis de la tramitolog\u00eda en M\u00e9xico."},"content":{"rendered":"\n<p><\/p>\n\n\n\n<figure class=\"wp-block-gallery has-nested-images columns-default is-cropped wp-block-gallery-1 is-layout-flex wp-block-gallery-is-layout-flex\">\n<figure class=\"wp-block-image size-large\"><img decoding=\"async\" width=\"500\" height=\"536\" data-id=\"1107530\" src=\"https:\/\/dimensionturistica.com\/es\/wp-content\/uploads\/2026\/02\/1SERGIO.jpg\" alt=\"\" class=\"wp-image-1107530\" srcset=\"https:\/\/dimensionturistica.com\/es\/wp-content\/uploads\/2026\/02\/1SERGIO.jpg 500w, https:\/\/dimensionturistica.com\/es\/wp-content\/uploads\/2026\/02\/1SERGIO-280x300.jpg 280w\" sizes=\"(max-width: 500px) 100vw, 500px\" \/><\/figure>\n<\/figure>\n\n\n\n<p><strong>Por: Sergio E. Gonz\u00e1lez Rubiera<\/strong><\/p>\n\n\n\n<p>Acudir a las oficinas del Gobierno del Estado en Canc\u00fan, Quintana Roo es una penosa experiencia por decir lo menos, aunque esto ya lo saben y ya lo sufrimos pr\u00e1cticamente todos los mexicanos.<\/p>\n\n\n\n<figure class=\"wp-block-gallery has-nested-images columns-default is-cropped wp-block-gallery-2 is-layout-flex wp-block-gallery-is-layout-flex\">\n<figure class=\"wp-block-image size-large\"><img decoding=\"async\" width=\"500\" height=\"666\" data-id=\"1107531\" src=\"https:\/\/dimensionturistica.com\/es\/wp-content\/uploads\/2026\/02\/3SERGIO.jpg\" alt=\"\" class=\"wp-image-1107531\" srcset=\"https:\/\/dimensionturistica.com\/es\/wp-content\/uploads\/2026\/02\/3SERGIO.jpg 500w, https:\/\/dimensionturistica.com\/es\/wp-content\/uploads\/2026\/02\/3SERGIO-225x300.jpg 225w\" sizes=\"(max-width: 500px) 100vw, 500px\" \/><\/figure>\n<\/figure>\n\n\n\n<p>Oficinas sin aire acondicionado, largu\u00edsimas, casi interminables filas y desde luego decenas de tr\u00e1mites, papeler\u00eda, copias y m\u00e1s copias; inconsistencias entre lo que requiere el servicio de &#8220;Asistencia al Contribuyente&#8221; y lo que los funcionarios solicitan en la visita personal a las oficinas.<\/p>\n\n\n\n<figure class=\"wp-block-gallery has-nested-images columns-default is-cropped wp-block-gallery-3 is-layout-flex wp-block-gallery-is-layout-flex\">\n<figure class=\"wp-block-image size-large\"><img decoding=\"async\" width=\"500\" height=\"666\" data-id=\"1107532\" src=\"https:\/\/dimensionturistica.com\/es\/wp-content\/uploads\/2026\/02\/5SERGIO.jpg\" alt=\"\" class=\"wp-image-1107532\" srcset=\"https:\/\/dimensionturistica.com\/es\/wp-content\/uploads\/2026\/02\/5SERGIO.jpg 500w, https:\/\/dimensionturistica.com\/es\/wp-content\/uploads\/2026\/02\/5SERGIO-225x300.jpg 225w\" sizes=\"(max-width: 500px) 100vw, 500px\" \/><\/figure>\n<\/figure>\n\n\n\n<p>Confusi\u00f3n, frustraci\u00f3n y largas horas invertida Hay que reconocer tambi\u00e9n, que en su mayor\u00eda, el personal es amable y con ganas de ayudar; son diligentes y est\u00e1n conscientes de las molest\u00edas, claro no todos, siempre hay ese gru\u00f1\u00f3n con mala cara, con quien a veces le toca a uno tratar.<\/p>\n\n\n\n<figure class=\"wp-block-gallery has-nested-images columns-default is-cropped wp-block-gallery-4 is-layout-flex wp-block-gallery-is-layout-flex\">\n<figure class=\"wp-block-image size-large\"><img decoding=\"async\" width=\"500\" height=\"666\" data-id=\"1107533\" src=\"https:\/\/dimensionturistica.com\/es\/wp-content\/uploads\/2026\/02\/6SERGIO.jpg\" alt=\"\" class=\"wp-image-1107533\" srcset=\"https:\/\/dimensionturistica.com\/es\/wp-content\/uploads\/2026\/02\/6SERGIO.jpg 500w, https:\/\/dimensionturistica.com\/es\/wp-content\/uploads\/2026\/02\/6SERGIO-225x300.jpg 225w\" sizes=\"(max-width: 500px) 100vw, 500px\" \/><\/figure>\n<\/figure>\n\n\n\n<p>Pero el asunto es que, el gobierno deber\u00eda preocuparse por hacer que estos menesteres sean m\u00e1s amables y menos burocr\u00e1ticos en beneficio tanto de quienes nos sirven, como de quienes tenemos que emprender la tediosa tramitolog\u00eda. Mucho se puede avanzar con la digitalizaci\u00f3n, las aplicaciones en l\u00ednea y otros recursos tecnol\u00f3gicos; se requiere de voluntad e inversi\u00f3n para ello.\ufeff<\/p>\n\n\n\n<p>Situaciones similares ocurren con el IMSS y por supuesto con el SAT, en donde su portal electr\u00f3nico presenta constantes fallas y ni que decir de lo penoso que resulta tratar de conseguir una cita, eso s\u00ed que es toda una proeza.<\/p>\n\n\n\n<figure class=\"wp-block-gallery has-nested-images columns-default is-cropped wp-block-gallery-5 is-layout-flex wp-block-gallery-is-layout-flex\">\n<figure class=\"wp-block-image size-large\"><img decoding=\"async\" width=\"500\" height=\"666\" data-id=\"1107534\" src=\"https:\/\/dimensionturistica.com\/es\/wp-content\/uploads\/2026\/02\/7SERGIO-1.jpg\" alt=\"\" class=\"wp-image-1107534\" srcset=\"https:\/\/dimensionturistica.com\/es\/wp-content\/uploads\/2026\/02\/7SERGIO-1.jpg 500w, https:\/\/dimensionturistica.com\/es\/wp-content\/uploads\/2026\/02\/7SERGIO-1-225x300.jpg 225w\" sizes=\"(max-width: 500px) 100vw, 500px\" \/><\/figure>\n<\/figure>\n\n\n\n<p>Hay grandes retos para que M\u00e9xico sea competitivo, en Infraestructura, en conectividad, en promoci\u00f3n, en seguridad y sin duda uno de ellos se encuentra en la oportunidad de una verdadera mejora regulatoria y en la eliminaci\u00f3n de barreras en los tres niveles de gobierno. Mientras tanto, se agradecer\u00eda en gran medida, que, las oficinas gubernamentales fueran amplias, c\u00f3modas, beneficiarias de la tecnolog\u00eda y que acudir a ellas no sea un viacrucis al que uno siempre &#8221; le saca la vuelta&#8221;&#8230;<\/p>\n\n\n\n<p>Agradezco a todos los funcionarios p\u00fablicos que son amables y que cumplen con su misi\u00f3n, ellos no son causantes de nuestras penurias como contribuyentes y usuarios.<\/p>\n\n\n\n<p>Al Buen Entendedor&#8230;<\/p>\n\n\n\n<p>\ufeff\ufeffsgrubiera@acticonsultores.com<\/p>\n\n\n\n<p><\/p>\n\n\n\n<p><\/p>\n","protected":false},"excerpt":{"rendered":"<p>Por: Sergio E. Gonz\u00e1lez Rubiera Acudir a las oficinas del Gobierno del Estado en Canc\u00fan, Quintana Roo es una penosa experiencia por decir lo menos, aunque esto ya lo saben y ya lo sufrimos pr\u00e1cticamente todos los mexicanos. Oficinas sin aire acondicionado, largu\u00edsimas, casi interminables filas y desde luego decenas de tr\u00e1mites, papeler\u00eda, copias y [&hellip;]<\/p>\n","protected":false},"author":1,"featured_media":0,"comment_status":"open","ping_status":"closed","sticky":false,"template":"","format":"standard","meta":{"om_disable_all_campaigns":false,"jnews-multi-image_gallery":[],"jnews_single_post":{"format":"standard"},"jnews_primary_category":[],"jnews_social_meta":[],"footnotes":""},"categories":[40],"tags":[],"class_list":["post-1107529","post","type-post","status-publish","format-standard","hentry","category-industria"],"_links":{"self":[{"href":"https:\/\/dimensionturistica.com\/es\/wp-json\/wp\/v2\/posts\/1107529","targetHints":{"allow":["GET"]}}],"collection":[{"href":"https:\/\/dimensionturistica.com\/es\/wp-json\/wp\/v2\/posts"}],"about":[{"href":"https:\/\/dimensionturistica.com\/es\/wp-json\/wp\/v2\/types\/post"}],"author":[{"embeddable":true,"href":"https:\/\/dimensionturistica.com\/es\/wp-json\/wp\/v2\/users\/1"}],"replies":[{"embeddable":true,"href":"https:\/\/dimensionturistica.com\/es\/wp-json\/wp\/v2\/comments?post=1107529"}],"version-history":[{"count":1,"href":"https:\/\/dimensionturistica.com\/es\/wp-json\/wp\/v2\/posts\/1107529\/revisions"}],"predecessor-version":[{"id":1107535,"href":"https:\/\/dimensionturistica.com\/es\/wp-json\/wp\/v2\/posts\/1107529\/revisions\/1107535"}],"wp:attachment":[{"href":"https:\/\/dimensionturistica.com\/es\/wp-json\/wp\/v2\/media?parent=1107529"}],"wp:term":[{"taxonomy":"category","embeddable":true,"href":"https:\/\/dimensionturistica.com\/es\/wp-json\/wp\/v2\/categories?post=1107529"},{"taxonomy":"post_tag","embeddable":true,"href":"https:\/\/dimensionturistica.com\/es\/wp-json\/wp\/v2\/tags?post=1107529"}],"curies":[{"name":"wp","href":"https:\/\/api.w.org\/{rel}","templated":true}]}}