{"id":1107324,"date":"2026-02-04T00:25:04","date_gmt":"2026-02-04T00:25:04","guid":{"rendered":"https:\/\/dimensionturistica.com\/es\/?p=1107324"},"modified":"2026-02-04T00:25:04","modified_gmt":"2026-02-04T00:25:04","slug":"al-buen-entendedor-leyendo-al-quijote-parte-i","status":"publish","type":"post","link":"https:\/\/dimensionturistica.com\/es\/al-buen-entendedor-leyendo-al-quijote-parte-i\/","title":{"rendered":"Al Buen Entendedor\u2026 Leyendo al Quijote. Parte I."},"content":{"rendered":"\n<figure class=\"wp-block-gallery has-nested-images columns-default is-cropped wp-block-gallery-1 is-layout-flex wp-block-gallery-is-layout-flex\">\n<figure class=\"wp-block-image size-large\"><img decoding=\"async\" width=\"500\" height=\"535\" data-id=\"1107325\" src=\"https:\/\/dimensionturistica.com\/es\/wp-content\/uploads\/2026\/02\/SERGIO.jpg\" alt=\"\" class=\"wp-image-1107325\" srcset=\"https:\/\/dimensionturistica.com\/es\/wp-content\/uploads\/2026\/02\/SERGIO.jpg 500w, https:\/\/dimensionturistica.com\/es\/wp-content\/uploads\/2026\/02\/SERGIO-280x300.jpg 280w\" sizes=\"(max-width: 500px) 100vw, 500px\" \/><\/figure>\n<\/figure>\n\n\n\n<p><strong>Por: Sergio Gonz\u00e1lez Rubiera<\/strong><\/p>\n\n\n\n<p>Leer a Cervantes a trav\u00e9s de, El ingenioso hidalgo Don Quijote de la Mancha es una delicia, no solo por el placer de leerle y admirarse de su narrativa en ese castellano antiguo, de su gram\u00e1tica y su l\u00e9xico, sino, adem\u00e1s, por su muy especial manera de poner en boca de todos sus personajes, su cr\u00edtica a la sociedad de la \u00e9poca, su filosof\u00eda, sus valores y su aportaci\u00f3n al mundo, que en muchas de sus sentencias y reflexiones sigue siendo v\u00e1lida casi a quinientos a\u00f1os.<\/p>\n\n\n\n<p>Mientras se lee al Quijote, se puede ir disfrutando de la narrativa, al tiempo que se va<\/p>\n\n\n\n<p>aprendiendo algo de historia, si se quiere, y se va uno maravillando al tiempo, de la vasta cultura que, Miguel de Cervantes Saavedra, pose\u00eda, al inferir que sin duda, entreg\u00f3 largos a\u00f1os de su vida a la lectura de tantas y tantas obras, as\u00ed como al estudio ya sea de la mitolog\u00eda griega, como de la antigua Roma, o a la vida del Cid Rodrigo D\u00edaz de Vivar, entre muchos; conocimientos que se ven vertidos en El Quijote, en innumerables citas.<\/p>\n\n\n\n<p>Es de maravillarse, a lo largo de la obra, de la enorme cantidad de referencias a libros, obras completas, frases, refranes c\u00e9lebres, personajes reales o ficticios, mitol\u00f3gicos y po\u00e9ticos a que alude Cervantes a trav\u00e9s de la dial\u00e9ctica, argumentaci\u00f3n y maravillosa ret\u00f3rica de sus personajes.<\/p>\n\n\n\n<figure class=\"wp-block-gallery has-nested-images columns-default is-cropped wp-block-gallery-2 is-layout-flex wp-block-gallery-is-layout-flex\">\n<figure class=\"wp-block-image size-large\"><img decoding=\"async\" width=\"500\" height=\"281\" data-id=\"1107326\" src=\"https:\/\/dimensionturistica.com\/es\/wp-content\/uploads\/2026\/02\/11SERGIO.jpg\" alt=\"\" class=\"wp-image-1107326\" srcset=\"https:\/\/dimensionturistica.com\/es\/wp-content\/uploads\/2026\/02\/11SERGIO.jpg 500w, https:\/\/dimensionturistica.com\/es\/wp-content\/uploads\/2026\/02\/11SERGIO-300x169.jpg 300w\" sizes=\"(max-width: 500px) 100vw, 500px\" \/><\/figure>\n<\/figure>\n\n\n\n<p>En esta mi primera entrega de, Leyendo al Quijote, quisiera compartir con mis ocho<\/p>\n\n\n\n<p>lectores sobre aspectos que refieren por una parte a la cr\u00edtica que, Cervantes hace a otros autores; por otra, al estilo o forma de discurrir de Don Quijote; reflexionar acerca del reto que representa leer esta obra para muchos y finalmente sobre la escritura de la \u00e9poca, haciendo una comparaci\u00f3n con los textos de Bernal D\u00edaz del Castillo en la Historia Verdadera de la Conquista de la Nueva Espa\u00f1a.<\/p>\n\n\n\n<p>Par\u00e9ceme que habiendo dicho lo dicho ser\u00e1 poco el espacio, reducido el tiempo y a\u00fan m\u00e1s la paciencia de los curiosos, para acometer semejante tarea en la primera entrega, por lo que hubiereis de perdonar, si las asignaturas propuestas han de ser divididas o postergadas seg\u00fan sea menester para mejor entendimiento, paciencia y disfrute del intrigado lector.<\/p>\n\n\n\n<p>En trat\u00e1ndose como dec\u00eda, de la cr\u00edtica del gran Cervantes, basta con referirse al Cap\u00edtulo VI de la parte primera de su magna obra, que a la letra intitula: <strong>\u201cDEL DONOSO Y GRANDE ESCRUTINIO QUE EL CURA Y EL BARBERO HICIERON EN LA LIBRER\u00cdA DE NUESTRO INGENIOSO HIDALGO\u201d<\/strong><\/p>\n\n\n\n<p>Resulta que, como muchos lectores sabr\u00e9is, a Don Quijote le acogi\u00f3 una suerte de locura, a partir de la continua lectura de libros de caballer\u00eda, en los que se relataban las venturosas aventuras de caballeros andantes, que acomet\u00edan tareas para salvar doncellas, defender viudas y proteger a los flacos y menesterosos, al tiempo que luchaban contra despiadados gigantes e incluso ej\u00e9rcitos, cosas de las que Don Quijote se fue contagiando hasta perder el juicio y con ello darse a la magnificente tarea y prop\u00f3sito de ser un caballero andante.<\/p>\n\n\n\n<figure class=\"wp-block-gallery has-nested-images columns-default is-cropped wp-block-gallery-3 is-layout-flex wp-block-gallery-is-layout-flex\">\n<figure class=\"wp-block-image size-large\"><img decoding=\"async\" width=\"500\" height=\"260\" data-id=\"1107327\" src=\"https:\/\/dimensionturistica.com\/es\/wp-content\/uploads\/2026\/02\/1QUIJOTE.jpg\" alt=\"\" class=\"wp-image-1107327\" srcset=\"https:\/\/dimensionturistica.com\/es\/wp-content\/uploads\/2026\/02\/1QUIJOTE.jpg 500w, https:\/\/dimensionturistica.com\/es\/wp-content\/uploads\/2026\/02\/1QUIJOTE-300x156.jpg 300w\" sizes=\"(max-width: 500px) 100vw, 500px\" \/><\/figure>\n<\/figure>\n\n\n\n<p>Al verle loco y completamente entregado a aquellos disparates, la Ama de su hacienda y su sobrina dieron cuenta de aquello al Cura y al Barbero, amigos ambos del Se\u00f1or Don Quijote, quienes prestos vinieron en su ayuda.<\/p>\n\n\n\n<p>Lo relevante de este cap\u00edtulo mis queridos lectores, y que a mi parecer es una de las<\/p>\n\n\n\n<p>grandes primeras lecciones de Cervantes, es que el se\u00f1or Cura, al llegar a la hacienda del Sr. Don Quijote, atendiendo a la llamada de su sobrina, lo primero que hace es tratar de enterarse de que trataban aquellos libros.<\/p>\n\n\n\n<p>El Ama y la sobrina eran de la muy decidida idea de condenar todos los libros al fuego,<\/p>\n\n\n\n<p>m\u00e1s el Cura, hombre docto, decidi\u00f3 echarles antes, una ojeada, ya que quiz\u00e1 no todos merecieren ser abrasados.<\/p>\n\n\n\n<p>En este relato que abreviar\u00e9, so pena de no aburrir a mis ocho, Cura y Barbero van echando uno a uno libros y libros al final destino de ser abrasados, criticando en algunos, con detalle, la larga colecci\u00f3n de desatinos, disparates y sin sentidos, aludiendo incluso a sus autores, en una clara iron\u00eda de Cervantes a todos ellos, lo que deja ver, adem\u00e1s, el enorme conocimiento de Cervantes sobre aquella literatura barata de la \u00e9poca.<\/p>\n\n\n\n<figure class=\"wp-block-gallery has-nested-images columns-default is-cropped wp-block-gallery-4 is-layout-flex wp-block-gallery-is-layout-flex\">\n<figure class=\"wp-block-image size-large\"><img decoding=\"async\" width=\"500\" height=\"333\" data-id=\"1107328\" src=\"https:\/\/dimensionturistica.com\/es\/wp-content\/uploads\/2026\/02\/8SERGIO.jpg\" alt=\"\" class=\"wp-image-1107328\" srcset=\"https:\/\/dimensionturistica.com\/es\/wp-content\/uploads\/2026\/02\/8SERGIO.jpg 500w, https:\/\/dimensionturistica.com\/es\/wp-content\/uploads\/2026\/02\/8SERGIO-300x200.jpg 300w\" sizes=\"(max-width: 500px) 100vw, 500px\" \/><\/figure>\n<\/figure>\n\n\n\n<p>Se salvan de morir en la hoguera, entre otros, el muy memorado por Don Quijote, Amad\u00eds de Gaula, y de manera especial se guarda tambi\u00e9n entre los escogidos, \u00e9ste al que el Cura pregunta al Barbero, \u00bfQu\u00e9 libro es ese?\u201c<\/p>\n\n\n\n<p>&#8211; La Galatea de Miguel Cervantes, dijo el barbero.<\/p>\n\n\n\n<p>&#8211; Muchos a\u00f1os ha, que es grande amigo m\u00edo ese Cervantes, y s\u00e9 que es mas versado<\/p>\n\n\n\n<p>en desdichas que en versos. Su libro tiene algo de buena invenci\u00f3n; propone, no concluye nada: es menester esperar la segunda parte que promete\u2026 \u201c<\/p>\n\n\n\n<p>Entre otras cosas que dijo el Cura al Barbero, para salvar a este libro del abrasamiento al que estaban condenados todos aquellos, que, la locura hab\u00edan causado a nuestro caballero andante.<\/p>\n\n\n\n<p>Cervantes ironiza y satiriza de esta manera, a trav\u00e9s del Cura y de otros personajes, a lo largo de su obra a las disparatadas obras de caballeros andantes, as\u00ed como a otras de poca val\u00eda. Es un avezado lector y cr\u00edtico por lo que se infiere, tanto de la literatura como de la sociedad.<\/p>\n\n\n\n<figure class=\"wp-block-gallery has-nested-images columns-default is-cropped wp-block-gallery-5 is-layout-flex wp-block-gallery-is-layout-flex\">\n<figure class=\"wp-block-image size-large\"><img decoding=\"async\" width=\"500\" height=\"362\" data-id=\"1107329\" src=\"https:\/\/dimensionturistica.com\/es\/wp-content\/uploads\/2026\/02\/7SERGIO.jpg\" alt=\"\" class=\"wp-image-1107329\" srcset=\"https:\/\/dimensionturistica.com\/es\/wp-content\/uploads\/2026\/02\/7SERGIO.jpg 500w, https:\/\/dimensionturistica.com\/es\/wp-content\/uploads\/2026\/02\/7SERGIO-300x217.jpg 300w, https:\/\/dimensionturistica.com\/es\/wp-content\/uploads\/2026\/02\/7SERGIO-120x86.jpg 120w\" sizes=\"(max-width: 500px) 100vw, 500px\" \/><\/figure>\n<\/figure>\n\n\n\n<p>Me parece que Cervantes, adem\u00e1s de escribir y de sus a\u00f1os en reclusi\u00f3n dedic\u00f3 una buena parte de su vida a leer a los m\u00e1s grandes autores y a las m\u00e1s grandes haza\u00f1as, lo cual se evidencia en las innumerables citas y referencias presentes en El Quijote, algunas breves y sutiles, algunas ret\u00f3ricas y otras m\u00e1s, francamente evidentes y reveladoras.<\/p>\n\n\n\n<p>Sobre el estilo o forma de discurrir de Don Quijote.<\/p>\n\n\n\n<p>Si bien el estilo narrativo y a veces r\u00edtmico y hasta po\u00e9tico de Cervantes en El Quijote es caracter\u00edstico de la \u00e9poca, as\u00ed como el lenguaje y los usos del mismo, es tambi\u00e9n cierto que el magn\u00edfico autor, juega, a mi juicio con dos jergas, o con dos estilos simult\u00e1neos, quiz\u00e1 muy entendidos y entendibles en la \u00e9poca de su escritura, pero hartamente dif\u00edciles de entender y compaginar en la actualidad a m\u00e1s de cuatrocientos a\u00f1os.<\/p>\n\n\n\n<p>Los dos usos a que me refiero se evidencian claramente en el mismo Don Quijote, por una parte cuando habla en el lenguaje de sus libros de caballer\u00edas que le trastocaron el juicio, y por otra, cuando es capaz de comunicarse con unos o con otros para emitir juicios y razones con tanta sabrosura y raz\u00f3n que es un deleite, no solo en las palabras sino en la forma en que el autor va uniendo frases, razonamientos y conclusiones que sin ser po\u00e9ticas, tienen r\u00edtmica, elocuencia y elegancia, en el marco de una ret\u00f3rica que a\u00fan hoy es envidiable.<\/p>\n\n\n\n<p>Como ejemplo breve de cientos que aparecen en la obra, me refiero a cuando DonQuijote, hace menci\u00f3n de la sin par fermosura de una doncella, como su Dulcinea del Toboso, que es justo cuando pareciera estar en el trance de ser un Caballero Andante, pero al tiempo, aparecen en la obra di\u00e1logos en los que se utiliza el sustantivo hermosura, de lo que se deduce que fermosura, no solo era arcaico ya entonces, sino una iron\u00eda de Cervantes al lenguaje de los libros de caballer\u00edas, as\u00ed como agora, en lugar de ahora y otras muchas m\u00e1s. Por otra parte, aparecen tambi\u00e9n innumerables palabras ahora en desuso o que se han modificado, pero que a\u00fan se pueden entender como mesmo por mismo, o ans\u00ed por as\u00ed.<\/p>\n\n\n\n<p>El cap\u00edtulo VII de la parte primera, trata de la segunda salida de nuestro buen caballero Don Quijote de la Mancha, y es de ese cap\u00edtulo, que me permito insertar a continuaci\u00f3n un p\u00e1rrafo que ilustra claramente lo arriba citado:<\/p>\n\n\n\n<figure class=\"wp-block-gallery has-nested-images columns-default is-cropped wp-block-gallery-6 is-layout-flex wp-block-gallery-is-layout-flex\">\n<figure class=\"wp-block-image size-large\"><img decoding=\"async\" width=\"126\" height=\"179\" data-id=\"1107330\" src=\"https:\/\/dimensionturistica.com\/es\/wp-content\/uploads\/2026\/02\/OIP-4.jpeg\" alt=\"\" class=\"wp-image-1107330\"\/><\/figure>\n<\/figure>\n\n\n\n<p>\u201cDio luego don Quijote orden en buscar dineros, y, vendiendo una cosa, y empe\u00f1ando otra, y malbarat\u00e1ndolas todas, lleg\u00f3 1 una razonable cantidad. Acomod\u00f3se asimesmo de una rodela, que pidi\u00f3 prestada a un su amigo, y, pertrechando su rota celada lo mejor que pudo, avis\u00f3 a su escudero Sancho del d\u00eda y la hora que pensaba ponerse en camino, para que \u00e9l se acomodase de lo que viese que m\u00e1s le era menester; sobre todo, le encarg\u00f3 que llevase alforjas.<\/p>\n\n\n\n<p>\u00c9l dijo que si llevar\u00eda, y que ansimesmo pensaba llevar un asno que ten\u00eda muy bueno,<\/p>\n\n\n\n<p>porque el no esta duecho 2 a andar mucho a pie. En lo del asno repar\u00f3 un poco don<\/p>\n\n\n\n<p>Quijote, imaginando si se le acordaba si alg\u00fan caballero andante hab\u00eda tra\u00eddo escudero caballero asnalmente; pero nunca le vino alguno a la memoria; mas, con todo esto, determin\u00f3 que le llevase, con presupuesto 3 de acomodarle de m\u00e1s honrada caballer\u00eda en habiendo ocasi\u00f3n para ello, quit\u00e1ndole el caballo al primer descort\u00e9s caballero que topase.\u201d<\/p>\n\n\n\n<p>1 lleg\u00f3. Alcanz\u00f3.<\/p>\n\n\n\n<p>2 duecho. Ducho, acostumbrado. Forma arcaica.<\/p>\n\n\n\n<p>3 presupuesto. Con intenci\u00f3n.<\/p>\n\n\n\n<p>Sobra decir que he re\u00eddo en demas\u00eda al leer lo de asnalmente, expresi\u00f3n que, quien esto escribe resalt\u00f3 deliberadamente.<\/p>\n\n\n\n<p>Como dicho tengo previamente, a efecto de no aburrir mucho a los curiosos lectores, me dejo para la siguiente entrega, dos temas, a saber:<\/p>\n\n\n\n<p>El reto que representa el leer esta obra para muchos y finalmente la escritura de la \u00e9poca, haciendo un interesante comparativo con la obra de Bernal D\u00edaz del Castillo, sobre la conquista de la Nueva Espa\u00f1a, que espero no se pierdan.<\/p>\n\n\n\n<p>Sea pues, hasta la pr\u00f3xima.<\/p>\n\n\n\n<p>Al Buen Entendedor\u2026<\/p>\n\n\n\n<p><strong>sgrubiera@acticonsultores.com<\/strong><\/p>\n","protected":false},"excerpt":{"rendered":"<p>Por: Sergio Gonz\u00e1lez Rubiera Leer a Cervantes a trav\u00e9s de, El ingenioso hidalgo Don Quijote de la Mancha es una delicia, no solo por el placer de leerle y admirarse de su narrativa en ese castellano antiguo, de su gram\u00e1tica y su l\u00e9xico, sino, adem\u00e1s, por su muy especial manera de poner en boca de [&hellip;]<\/p>\n","protected":false},"author":1,"featured_media":0,"comment_status":"open","ping_status":"closed","sticky":false,"template":"","format":"standard","meta":{"om_disable_all_campaigns":false,"jnews-multi-image_gallery":[],"jnews_single_post":[],"jnews_primary_category":[],"jnews_social_meta":[],"footnotes":""},"categories":[39],"tags":[],"class_list":["post-1107324","post","type-post","status-publish","format-standard","hentry","category-viajes"],"_links":{"self":[{"href":"https:\/\/dimensionturistica.com\/es\/wp-json\/wp\/v2\/posts\/1107324","targetHints":{"allow":["GET"]}}],"collection":[{"href":"https:\/\/dimensionturistica.com\/es\/wp-json\/wp\/v2\/posts"}],"about":[{"href":"https:\/\/dimensionturistica.com\/es\/wp-json\/wp\/v2\/types\/post"}],"author":[{"embeddable":true,"href":"https:\/\/dimensionturistica.com\/es\/wp-json\/wp\/v2\/users\/1"}],"replies":[{"embeddable":true,"href":"https:\/\/dimensionturistica.com\/es\/wp-json\/wp\/v2\/comments?post=1107324"}],"version-history":[{"count":1,"href":"https:\/\/dimensionturistica.com\/es\/wp-json\/wp\/v2\/posts\/1107324\/revisions"}],"predecessor-version":[{"id":1107331,"href":"https:\/\/dimensionturistica.com\/es\/wp-json\/wp\/v2\/posts\/1107324\/revisions\/1107331"}],"wp:attachment":[{"href":"https:\/\/dimensionturistica.com\/es\/wp-json\/wp\/v2\/media?parent=1107324"}],"wp:term":[{"taxonomy":"category","embeddable":true,"href":"https:\/\/dimensionturistica.com\/es\/wp-json\/wp\/v2\/categories?post=1107324"},{"taxonomy":"post_tag","embeddable":true,"href":"https:\/\/dimensionturistica.com\/es\/wp-json\/wp\/v2\/tags?post=1107324"}],"curies":[{"name":"wp","href":"https:\/\/api.w.org\/{rel}","templated":true}]}}