{"id":1107297,"date":"2026-02-03T23:30:50","date_gmt":"2026-02-03T23:30:50","guid":{"rendered":"https:\/\/dimensionturistica.com\/es\/?p=1107297"},"modified":"2026-02-03T23:30:50","modified_gmt":"2026-02-03T23:30:50","slug":"asetur-logra-importantes-acuerdos-en-fitur-2026-que-potenciaran-el-turismo-de-mexico","status":"publish","type":"post","link":"https:\/\/dimensionturistica.com\/es\/asetur-logra-importantes-acuerdos-en-fitur-2026-que-potenciaran-el-turismo-de-mexico\/","title":{"rendered":"ASETUR logra importantes acuerdos en FITUR 2026 que potenciar\u00e1n el turismo de M\u00e9xico"},"content":{"rendered":"\n<figure class=\"wp-block-gallery has-nested-images columns-default is-cropped wp-block-gallery-1 is-layout-flex wp-block-gallery-is-layout-flex\">\n<figure class=\"wp-block-image size-large\"><img decoding=\"async\" width=\"500\" height=\"102\" data-id=\"1107298\" src=\"https:\/\/dimensionturistica.com\/es\/wp-content\/uploads\/2026\/02\/1ASE.jpg\" alt=\"\" class=\"wp-image-1107298\" srcset=\"https:\/\/dimensionturistica.com\/es\/wp-content\/uploads\/2026\/02\/1ASE.jpg 500w, https:\/\/dimensionturistica.com\/es\/wp-content\/uploads\/2026\/02\/1ASE-300x61.jpg 300w\" sizes=\"(max-width: 500px) 100vw, 500px\" \/><\/figure>\n<\/figure>\n\n\n\n<p>La destacada participaci\u00f3n de las Secretarias y Secretarios de Turismo de M\u00e9xico (ASETUR) en la Feria Internacional de Turismo (FITUR) 2026, que se llev\u00f3 a cabo en Madrid, Espa\u00f1a, concluy\u00f3 con importantes acuerdos en materia de financiamiento, inversi\u00f3n, conectividad, as\u00ed como de promoci\u00f3n y posicionamiento que impulsar\u00e1n la llegada de viajeros internacionales a nuestro pa\u00eds consolid\u00e1ndolo como una de las principales potencias tur\u00edsticas del mundo.<\/p>\n\n\n\n<p>En conferencia de prensa virtual, el presidente de ASETUR y secretario de Turismo de Quintana Roo, Bernardo Cueto Riestra, expuso las acciones realizadas durante esta importante feria tur\u00edstica en donde M\u00e9xico fue Pa\u00eds Socio, y en la que por primera vez participaron las 32 entidades federativas, en el pabell\u00f3n m\u00e1s grande de su historia con 1,800 metros cuadrados.<\/p>\n\n\n\n<figure class=\"wp-block-gallery has-nested-images columns-default is-cropped wp-block-gallery-2 is-layout-flex wp-block-gallery-is-layout-flex\">\n<figure class=\"wp-block-image size-large\"><img decoding=\"async\" width=\"500\" height=\"401\" data-id=\"1107299\" src=\"https:\/\/dimensionturistica.com\/es\/wp-content\/uploads\/2026\/02\/2ASE.jpg\" alt=\"\" class=\"wp-image-1107299\" srcset=\"https:\/\/dimensionturistica.com\/es\/wp-content\/uploads\/2026\/02\/2ASE.jpg 500w, https:\/\/dimensionturistica.com\/es\/wp-content\/uploads\/2026\/02\/2ASE-300x241.jpg 300w\" sizes=\"(max-width: 500px) 100vw, 500px\" \/><\/figure>\n<\/figure>\n\n\n\n<p>Con el prop\u00f3sito de fortalecer la coordinaci\u00f3n p\u00fablico-privada, ASETUR celebr\u00f3 una reuni\u00f3n de trabajo, con el patrocinio de la Asociaci\u00f3n Nacional de Cadenas Hoteleras (ANCH) en la que&nbsp; resalt\u00f3 el encuentro con autoridades y l\u00edderes del sector tur\u00edstico, entre ellos, Mara Lezama Espinosa, gobernadora de Quintana Roo y presidenta de la Comisi\u00f3n de Turismo de la CONAGO; Gloria Guevara Manzo, presidenta y directora ejecutiva del Consejo Mundial de Viajes y Turismo (WTTC, por sus siglas en ingl\u00e9s), Antonio Cos\u00edo Pando, Consejo Nacional Empresarial Tur\u00edstico (CNET), y Jorge Paoli D\u00edaz, presidente de la ANCH, al cual asistieron m\u00e1s de 40 representantes del sector empresarial tur\u00edstico, incluyendo grupos hoteleros, c\u00e1maras empresariales, banca comercial y asociaciones nacionales.<\/p>\n\n\n\n<p>Tambi\u00e9n, se abord\u00f3 el impulso a la inversi\u00f3n tur\u00edstica en los estados, mediante el di\u00e1logo entre gobiernos estatales y sector empresarial; se present\u00f3 la Agenda Estrat\u00e9gica del Sector Empresarial Tur\u00edstico 2026\u20132028 del CNET; y se analiz\u00f3 el uso estrat\u00e9gico del Impuesto al Hospedaje para financiar promoci\u00f3n, infraestructura, sostenibilidad y competitividad, bajo criterios de transparencia y corresponsabilidad.<\/p>\n\n\n\n<figure class=\"wp-block-gallery has-nested-images columns-default is-cropped wp-block-gallery-3 is-layout-flex wp-block-gallery-is-layout-flex\">\n<figure class=\"wp-block-image size-large\"><img decoding=\"async\" width=\"500\" height=\"612\" data-id=\"1107300\" src=\"https:\/\/dimensionturistica.com\/es\/wp-content\/uploads\/2026\/02\/4ASE.jpg\" alt=\"\" class=\"wp-image-1107300\" srcset=\"https:\/\/dimensionturistica.com\/es\/wp-content\/uploads\/2026\/02\/4ASE.jpg 500w, https:\/\/dimensionturistica.com\/es\/wp-content\/uploads\/2026\/02\/4ASE-245x300.jpg 245w\" sizes=\"(max-width: 500px) 100vw, 500px\" \/><\/figure>\n<\/figure>\n\n\n\n<p>En materia de financiamiento e inclusi\u00f3n financiera, en este encuentro, BBVA M\u00e9xico present\u00f3 el programa \u201cAvanzamos por M\u00e9xico\u201d, desarrollado con Sectur federal y orientado a la digitalizaci\u00f3n de pagos, educaci\u00f3n financiera para prestadores de servicios tur\u00edsticos con cobertura en los 177 Pueblos M\u00e1gicos y 73 localidades tur\u00edsticas m\u00e1s.<\/p>\n\n\n\n<p>As\u00ed mismo, Banco Santander M\u00e9xico mostr\u00f3 a la banca como habilitador del desarrollo tur\u00edstico regional mediante acciones de financiamiento de largo plazo, acompa\u00f1amiento a PYMES tur\u00edsticas, apoyo a proyectos de infraestructura, e incorporaci\u00f3n de criterios de sostenibilidad.<\/p>\n\n\n\n<p>Se present\u00f3 tambi\u00e9n la Gu\u00eda de Buenas Pr\u00e1cticas de los 32 estados \u201cTurismo Sostenible: M\u00e9xico en Movimiento\u201d, elaborada por la Comisi\u00f3n de Sustentabilidad de ASETUR, coordinada por la Secretar\u00eda de Turismo de Nuevo Le\u00f3n. El documento contiene un banco de soluciones replicables, base de intercambio t\u00e9cnico entre entidades e insumo para una pol\u00edtica de turismo sostenible basada en evidencia.<\/p>\n\n\n\n<figure class=\"wp-block-gallery has-nested-images columns-default is-cropped wp-block-gallery-4 is-layout-flex wp-block-gallery-is-layout-flex\">\n<figure class=\"wp-block-image size-large\"><img decoding=\"async\" width=\"500\" height=\"332\" data-id=\"1107301\" src=\"https:\/\/dimensionturistica.com\/es\/wp-content\/uploads\/2026\/02\/3ASE.jpg\" alt=\"\" class=\"wp-image-1107301\" srcset=\"https:\/\/dimensionturistica.com\/es\/wp-content\/uploads\/2026\/02\/3ASE.jpg 500w, https:\/\/dimensionturistica.com\/es\/wp-content\/uploads\/2026\/02\/3ASE-300x199.jpg 300w\" sizes=\"(max-width: 500px) 100vw, 500px\" \/><\/figure>\n<\/figure>\n\n\n\n<p>Adem\u00e1s, se compartieron los avances legislativos en la regulaci\u00f3n de plataformas digitales de hospedaje, incluyendo reformas ya aprobadas en Oaxaca, Michoac\u00e1n y Morelos. Se coincidi\u00f3 en la necesidad de avanzar hacia marcos regulatorios claros y homologables, con enfoque en seguridad, ordenamiento urbano y equidad competitiva.<\/p>\n\n\n\n<p>En el marco de FITUR 2026, las grandes c\u00e1maras empresariales del pa\u00eds (CANIRAC, COPARMEX, CNET, SK\u00c5L M\u00e9xico, Tesoros de M\u00e9xico y AMAV) firmaron el Convenio Marco de Colaboraci\u00f3n y Acci\u00f3n Conjunta para potenciar este sector en nuestro pa\u00eds. \u201cEso es precisamente lo que est\u00e1bamos buscando desde ASETUR, unir esfuerzos para que empresarios, la sociedad y los tres \u00f3rdenes de gobierno nos sumemos en una visi\u00f3n consolidada de que el turismo sea prioridad en la agenda nacional\u201d, declar\u00f3 Cueto Riestra, al participar como testigo de honor.<\/p>\n\n\n\n<figure class=\"wp-block-gallery has-nested-images columns-default is-cropped wp-block-gallery-5 is-layout-flex wp-block-gallery-is-layout-flex\">\n<figure class=\"wp-block-image size-large\"><img decoding=\"async\" width=\"500\" height=\"333\" data-id=\"1107302\" src=\"https:\/\/dimensionturistica.com\/es\/wp-content\/uploads\/2026\/02\/5ASE.jpg\" alt=\"\" class=\"wp-image-1107302\" srcset=\"https:\/\/dimensionturistica.com\/es\/wp-content\/uploads\/2026\/02\/5ASE.jpg 500w, https:\/\/dimensionturistica.com\/es\/wp-content\/uploads\/2026\/02\/5ASE-300x200.jpg 300w\" sizes=\"(max-width: 500px) 100vw, 500px\" \/><\/figure>\n<\/figure>\n\n\n\n<p>En ese sentido, en FITUR 2026, la aerol\u00ednea Volaris y la compa\u00f1\u00eda de viajes Despegar se sumaron como miembros afiliados de ASETUR, con el prop\u00f3sito de fortalecer la conectividad hacia mercados estrat\u00e9gicos, y la promoci\u00f3n y comercializaci\u00f3n de los destinos.<\/p>\n\n\n\n<p>Promoci\u00f3n tur\u00edstica y posicionamiento internacional de M\u00e9xico en FITUR<\/p>\n\n\n\n<p>La participaci\u00f3n de M\u00e9xico en FITUR incluy\u00f3 una agenda de activaciones culturales y promocionales tanto dentro como fuera del recinto ferial, fortaleciendo su visibilidad en el mercado europeo; y alineada con la proyecci\u00f3n internacional del pa\u00eds rumbo a la Copa Mundial de la FIFA 2026.<\/p>\n\n\n\n<figure class=\"wp-block-gallery has-nested-images columns-default is-cropped wp-block-gallery-6 is-layout-flex wp-block-gallery-is-layout-flex\">\n<figure class=\"wp-block-image size-large\"><img decoding=\"async\" width=\"500\" height=\"333\" data-id=\"1107303\" src=\"https:\/\/dimensionturistica.com\/es\/wp-content\/uploads\/2026\/02\/6ASE.jpg\" alt=\"\" class=\"wp-image-1107303\" srcset=\"https:\/\/dimensionturistica.com\/es\/wp-content\/uploads\/2026\/02\/6ASE.jpg 500w, https:\/\/dimensionturistica.com\/es\/wp-content\/uploads\/2026\/02\/6ASE-300x200.jpg 300w\" sizes=\"(max-width: 500px) 100vw, 500px\" \/><\/figure>\n<\/figure>\n\n\n\n<p>En materia de conectividad, se anunciaron rutas a\u00e9reas e incremento de frecuencias. Como ejemplo, las nuevas rutas CDMX-Barcelona y Monterrey-Par\u00eds de Aerom\u00e9xico, y el aumento de operaci\u00f3n a m\u00e1s de 70 vuelos semanales en este mercado.<\/p>\n\n\n\n<p>Iberia inform\u00f3 la apertura de las rutas directas Monterrey-Madrid y Guadalajara-Madrid; y Air Europa avanz\u00f3 en acuerdos para una nueva ruta directa entre Guanajuato y Madrid.<\/p>\n\n\n\n<p>As\u00ed mismo, M\u00e9xico promovi\u00f3 proyectos de inversi\u00f3n tur\u00edstica y aeroportuaria bajo esquemas de capital mixto, y se resalt\u00f3 la modernizaci\u00f3n y expansi\u00f3n de los aeropuertos internacionales de Tepic-Riviera Nayarit y de Puerto Escondido; con inversiones de 4 mil millones y 5 mil millones de pesos, respectivamente.<\/p>\n\n\n\n<figure class=\"wp-block-gallery has-nested-images columns-default is-cropped wp-block-gallery-7 is-layout-flex wp-block-gallery-is-layout-flex\">\n<figure class=\"wp-block-image size-large\"><img decoding=\"async\" width=\"500\" height=\"333\" data-id=\"1107304\" src=\"https:\/\/dimensionturistica.com\/es\/wp-content\/uploads\/2026\/02\/11ASE.jpg\" alt=\"\" class=\"wp-image-1107304\" srcset=\"https:\/\/dimensionturistica.com\/es\/wp-content\/uploads\/2026\/02\/11ASE.jpg 500w, https:\/\/dimensionturistica.com\/es\/wp-content\/uploads\/2026\/02\/11ASE-300x200.jpg 300w\" sizes=\"(max-width: 500px) 100vw, 500px\" \/><\/figure>\n<\/figure>\n\n\n\n<p>El presidente de ASETUR subray\u00f3 el inter\u00e9s que mostraron en FITUR las cadenas hoteleras internacionales por ampliar su presencia en M\u00e9xico, mediante nuevos desarrollos y expansi\u00f3n de marcas en distintos destinos. Aunado a ello, instituciones financieras y actores del sector privado analizaron esquemas de financiamiento de proyectos tur\u00edsticos, particularmente en infraestructura, conectividad y desarrollo regional.<\/p>\n\n\n\n<p>Activaciones y acciones de M\u00e9xico en FITUR<\/p>\n\n\n\n<p>Dentro del pabell\u00f3n de M\u00e9xico en FITUR, las entidades federativas sostuvieron una agenda de promoci\u00f3n tur\u00edstica, cultural y gastron\u00f3mica, con muestras, presentaciones de destino, artesan\u00edas, expresiones art\u00edsticas, musicales y danc\u00edsticas representativas; as\u00ed como activaciones abiertas al p\u00fablico como la Guelaguetza, de Oaxaca, y la Danza de los Viejitos, de Michoac\u00e1n.<\/p>\n\n\n\n<figure class=\"wp-block-gallery has-nested-images columns-default is-cropped wp-block-gallery-8 is-layout-flex wp-block-gallery-is-layout-flex\">\n<figure class=\"wp-block-image size-large\"><img decoding=\"async\" width=\"500\" height=\"333\" data-id=\"1107305\" src=\"https:\/\/dimensionturistica.com\/es\/wp-content\/uploads\/2026\/02\/9ASE.jpg\" alt=\"\" class=\"wp-image-1107305\" srcset=\"https:\/\/dimensionturistica.com\/es\/wp-content\/uploads\/2026\/02\/9ASE.jpg 500w, https:\/\/dimensionturistica.com\/es\/wp-content\/uploads\/2026\/02\/9ASE-300x200.jpg 300w\" sizes=\"(max-width: 500px) 100vw, 500px\" \/><\/figure>\n<\/figure>\n\n\n\n<p>Fuera del recinto IFEMA se llev\u00f3 a cabo \u201cVentana a M\u00e9xico\u201d, una plataforma donde las 32 entidades presentaron su oferta ante operadores, agencias y medios; y se realizaron seminarios y webinars con agencias de viaje espa\u00f1olas, adem\u00e1s de campa\u00f1as en redes de distribuci\u00f3n tur\u00edstica.<\/p>\n\n\n\n<p>El presidente de ASETUR extern\u00f3 un reconocimiento a la Secretar\u00eda de Turismo del Gobierno de M\u00e9xico (Sectur), encabezada por Josefina Rodr\u00edguez Zamora, por el liderazgo y conducci\u00f3n de la participaci\u00f3n de M\u00e9xico en FITUR 2026; as\u00ed como un agradecimiento a las gobernadoras y gobernadores por su impulso al turismo como motor de desarrollo regional.<\/p>\n\n\n\n<p>Participaci\u00f3n de las entidades en FITUR<\/p>\n\n\n\n<figure class=\"wp-block-gallery has-nested-images columns-default is-cropped wp-block-gallery-9 is-layout-flex wp-block-gallery-is-layout-flex\">\n<figure class=\"wp-block-image size-large\"><img decoding=\"async\" width=\"500\" height=\"333\" data-id=\"1107306\" src=\"https:\/\/dimensionturistica.com\/es\/wp-content\/uploads\/2026\/02\/11ASE-1.jpg\" alt=\"\" class=\"wp-image-1107306\" srcset=\"https:\/\/dimensionturistica.com\/es\/wp-content\/uploads\/2026\/02\/11ASE-1.jpg 500w, https:\/\/dimensionturistica.com\/es\/wp-content\/uploads\/2026\/02\/11ASE-1-300x200.jpg 300w\" sizes=\"(max-width: 500px) 100vw, 500px\" \/><\/figure>\n<\/figure>\n\n\n\n<p>En la conferencia de prensa virtual, el secretario de Turismo de Guerrero, Sim\u00f3n Qui\u00f1ones Orozco, mencion\u00f3 que en FITUR se anunci\u00f3 ante el mercado europeo la edici\u00f3n 50\u00aa del Tianguis Tur\u00edstico M\u00e9xico, que se realizar\u00e1 del 27 al 30 de abril en Acapulco, sede que vio nacer la feria tur\u00edstica m\u00e1s importante de Latinoam\u00e9rica, y que este a\u00f1o se expandir\u00e1 a otros destinos guerrerenses. Adem\u00e1s, indic\u00f3 que el Di\u00e1logo de Capitanes de la Industria tendr\u00e1 formato renovado y se ampliar\u00e1 el piso de exposici\u00f3n para crear un tianguis &#8220;memorable e hist\u00f3rico&#8221;.<\/p>\n\n\n\n<p>La secretaria de Turismo de Oaxaca, Saymi Pineda Velasco, celebr\u00f3 la participaci\u00f3n del estado en FITUR, en donde promovieron la Guelaguetza de julio, sus rutas tur\u00edsticas, la gastronom\u00eda y el mezcal, destacando el premio de Excelencia Tur\u00edstica y el apoyo al turismo comunitario.<\/p>\n\n\n\n<figure class=\"wp-block-gallery has-nested-images columns-default is-cropped wp-block-gallery-10 is-layout-flex wp-block-gallery-is-layout-flex\">\n<figure class=\"wp-block-image size-large\"><img decoding=\"async\" width=\"500\" height=\"333\" data-id=\"1107307\" src=\"https:\/\/dimensionturistica.com\/es\/wp-content\/uploads\/2026\/02\/7ASE.jpg\" alt=\"\" class=\"wp-image-1107307\" srcset=\"https:\/\/dimensionturistica.com\/es\/wp-content\/uploads\/2026\/02\/7ASE.jpg 500w, https:\/\/dimensionturistica.com\/es\/wp-content\/uploads\/2026\/02\/7ASE-300x200.jpg 300w\" sizes=\"(max-width: 500px) 100vw, 500px\" \/><\/figure>\n<\/figure>\n\n\n\n<p>Daniel Altafi Valladares, secretario de Turismo de Morelos, comparti\u00f3 su satisfacci\u00f3n por el regreso del estado a FITUR, y precis\u00f3 que llevaron a cabo estrategias de turismo deportivo y gastron\u00f3mico.<\/p>\n\n\n\n<p>Mar\u00eda Guadalupe Robles Le\u00f3n, secretaria de Turismo de Guanajuato subray\u00f3 el anuncio del vuelo directo Guanajuato-Madrid, de Air Europa, y celebr\u00f3 el centenario de Jos\u00e9 Alfredo Jim\u00e9nez con exposiciones y activaciones, as\u00ed como la inversi\u00f3n hotelera de grupos como Meli\u00e1 y Accor.<\/p>\n\n\n\n<p>Roberto Monroy Garc\u00eda, vicepresidente de ASETUR y secretario de Turismo de Michoac\u00e1n, enfatiz\u00f3 que esta fue la presencia m\u00e1s significativa de M\u00e9xico en FITUR, al consolidar la promoci\u00f3n de M\u00e9xico como un solo destino para lograr importantes acuerdos de negocio a nivel internacional.<\/p>\n\n\n\n<figure class=\"wp-block-gallery has-nested-images columns-default is-cropped wp-block-gallery-11 is-layout-flex wp-block-gallery-is-layout-flex\">\n<figure class=\"wp-block-image size-large\"><img decoding=\"async\" width=\"500\" height=\"333\" data-id=\"1107308\" src=\"https:\/\/dimensionturistica.com\/es\/wp-content\/uploads\/2026\/02\/14ASE.jpg\" alt=\"\" class=\"wp-image-1107308\" srcset=\"https:\/\/dimensionturistica.com\/es\/wp-content\/uploads\/2026\/02\/14ASE.jpg 500w, https:\/\/dimensionturistica.com\/es\/wp-content\/uploads\/2026\/02\/14ASE-300x200.jpg 300w\" sizes=\"(max-width: 500px) 100vw, 500px\" \/><\/figure>\n<\/figure>\n\n\n\n<p>Las acciones y logros alcanzados en FITUR 2026 manifiestan el compromiso de ASETUR por alinear los esfuerzos entre los gobiernos, organismos nacionales e internacionales y la iniciativa privada que impulsen las acciones para hacer del turismo una prioridad para M\u00e9xico.<\/p>\n","protected":false},"excerpt":{"rendered":"<p>La destacada participaci\u00f3n de las Secretarias y Secretarios de Turismo de M\u00e9xico (ASETUR) en la Feria Internacional de Turismo (FITUR) 2026, que se llev\u00f3 a cabo en Madrid, Espa\u00f1a, concluy\u00f3 con importantes acuerdos en materia de financiamiento, inversi\u00f3n, conectividad, as\u00ed como de promoci\u00f3n y posicionamiento que impulsar\u00e1n la llegada de viajeros internacionales a nuestro pa\u00eds [&hellip;]<\/p>\n","protected":false},"author":1,"featured_media":0,"comment_status":"open","ping_status":"closed","sticky":false,"template":"","format":"standard","meta":{"om_disable_all_campaigns":false,"jnews-multi-image_gallery":[],"jnews_single_post":{"format":"standard"},"jnews_primary_category":[],"jnews_social_meta":[],"footnotes":""},"categories":[39],"tags":[],"class_list":["post-1107297","post","type-post","status-publish","format-standard","hentry","category-viajes"],"_links":{"self":[{"href":"https:\/\/dimensionturistica.com\/es\/wp-json\/wp\/v2\/posts\/1107297","targetHints":{"allow":["GET"]}}],"collection":[{"href":"https:\/\/dimensionturistica.com\/es\/wp-json\/wp\/v2\/posts"}],"about":[{"href":"https:\/\/dimensionturistica.com\/es\/wp-json\/wp\/v2\/types\/post"}],"author":[{"embeddable":true,"href":"https:\/\/dimensionturistica.com\/es\/wp-json\/wp\/v2\/users\/1"}],"replies":[{"embeddable":true,"href":"https:\/\/dimensionturistica.com\/es\/wp-json\/wp\/v2\/comments?post=1107297"}],"version-history":[{"count":1,"href":"https:\/\/dimensionturistica.com\/es\/wp-json\/wp\/v2\/posts\/1107297\/revisions"}],"predecessor-version":[{"id":1107309,"href":"https:\/\/dimensionturistica.com\/es\/wp-json\/wp\/v2\/posts\/1107297\/revisions\/1107309"}],"wp:attachment":[{"href":"https:\/\/dimensionturistica.com\/es\/wp-json\/wp\/v2\/media?parent=1107297"}],"wp:term":[{"taxonomy":"category","embeddable":true,"href":"https:\/\/dimensionturistica.com\/es\/wp-json\/wp\/v2\/categories?post=1107297"},{"taxonomy":"post_tag","embeddable":true,"href":"https:\/\/dimensionturistica.com\/es\/wp-json\/wp\/v2\/tags?post=1107297"}],"curies":[{"name":"wp","href":"https:\/\/api.w.org\/{rel}","templated":true}]}}