{"id":1107265,"date":"2026-02-03T22:12:39","date_gmt":"2026-02-03T22:12:39","guid":{"rendered":"https:\/\/dimensionturistica.com\/es\/?p=1107265"},"modified":"2026-02-03T22:12:39","modified_gmt":"2026-02-03T22:12:39","slug":"colitis-ulcerosa-puede-comenzar-entre-los-20-y-40-anos-de-edad-sin-diagnostico-oportuno-puede-elevar-riesgo-de-cancer-de-colon","status":"publish","type":"post","link":"https:\/\/dimensionturistica.com\/es\/colitis-ulcerosa-puede-comenzar-entre-los-20-y-40-anos-de-edad-sin-diagnostico-oportuno-puede-elevar-riesgo-de-cancer-de-colon\/","title":{"rendered":"Colitis ulcerosa puede comenzar entre los 20 y 40 a\u00f1os de edad; sin diagn\u00f3stico oportuno, puede elevar riesgo de c\u00e1ncer de colon"},"content":{"rendered":"\n<figure class=\"wp-block-gallery has-nested-images columns-default is-cropped wp-block-gallery-1 is-layout-flex wp-block-gallery-is-layout-flex\">\n<figure class=\"wp-block-image size-large\"><img decoding=\"async\" width=\"500\" height=\"375\" data-id=\"1107266\" src=\"https:\/\/dimensionturistica.com\/es\/wp-content\/uploads\/2026\/02\/2PANZA.jpg\" alt=\"\" class=\"wp-image-1107266\" srcset=\"https:\/\/dimensionturistica.com\/es\/wp-content\/uploads\/2026\/02\/2PANZA.jpg 500w, https:\/\/dimensionturistica.com\/es\/wp-content\/uploads\/2026\/02\/2PANZA-300x225.jpg 300w\" sizes=\"(max-width: 500px) 100vw, 500px\" \/><\/figure>\n<\/figure>\n\n\n\n<p>La colitis ulcerosa es una enfermedad que puede comenzar entre la segunda y cuarta d\u00e9cada de vida, etapas de gran actividad social y laboral, ante lo cual se debe diagnosticar y tratar oportunamente, toda vez que tiene un fuerte impacto en quienes la padecen, alert\u00f3 la doctora Ceriolith Tenorio.<\/p>\n\n\n\n<p>La especialista en gastroenterolog\u00eda detall\u00f3 que la colitis ulcerosa provoca inflamaci\u00f3n cr\u00f3nica del colon, lo cual genera episodios de diarrea con sangre, dolor abdominal y una sensaci\u00f3n constante de urgencia para evacuar.<\/p>\n\n\n\n<figure class=\"wp-block-gallery has-nested-images columns-default is-cropped wp-block-gallery-2 is-layout-flex wp-block-gallery-is-layout-flex\">\n<figure class=\"wp-block-image size-large\"><img decoding=\"async\" width=\"500\" height=\"303\" data-id=\"1107267\" src=\"https:\/\/dimensionturistica.com\/es\/wp-content\/uploads\/2026\/02\/1PANZA.jpg\" alt=\"\" class=\"wp-image-1107267\" srcset=\"https:\/\/dimensionturistica.com\/es\/wp-content\/uploads\/2026\/02\/1PANZA.jpg 500w, https:\/\/dimensionturistica.com\/es\/wp-content\/uploads\/2026\/02\/1PANZA-300x182.jpg 300w\" sizes=\"(max-width: 500px) 100vw, 500px\" \/><\/figure>\n<\/figure>\n\n\n\n<p>En nuestro pa\u00eds se estima que hay cerca de 48 mil personas con dicho padecimiento, muchas de ellas sin diagn\u00f3stico formal porque se confunden los s\u00edntomas con infecciones, con s\u00edndrome de intestino irritable u otras causas de diarrea.<\/p>\n\n\n\n<p>La especialista advirti\u00f3 que comidas abundantes, bebidas alcoh\u00f3licas y horarios desordenados pueden precipitar reca\u00eddas en quienes viven con colitis ulcerosa porque el intestino es sensible al estr\u00e9s y a la alimentaci\u00f3n.<\/p>\n\n\n\n<p>\u201cLa mala adherencia al tratamiento asociado a factores como estr\u00e9s emocional o f\u00edsico y cambios en la alimentaci\u00f3n puede provocar un rebrote de la enfermedad\u201d, coment\u00f3.<\/p>\n\n\n\n<p>Pero adem\u00e1s del impacto f\u00edsico, la colitis ulcerosa tiene consecuencias emocionales significativas. \u201cMuchos pacientes evitan reuniones o viajes por miedo a un episodio inesperado, adem\u00e1s de que el aislamiento social y la ansiedad son frecuentes, sobre todo cuando no se cuenta con informaci\u00f3n detallada sobre el diagn\u00f3stico o un plan de manejo adecuado\u201d, puntualiz\u00f3 la doctora Tenorio.<\/p>\n\n\n\n<figure class=\"wp-block-gallery has-nested-images columns-default is-cropped wp-block-gallery-3 is-layout-flex wp-block-gallery-is-layout-flex\">\n<figure class=\"wp-block-image size-large\"><img decoding=\"async\" width=\"500\" height=\"495\" data-id=\"1107268\" src=\"https:\/\/dimensionturistica.com\/es\/wp-content\/uploads\/2026\/02\/4PANZA.jpg\" alt=\"\" class=\"wp-image-1107268\" srcset=\"https:\/\/dimensionturistica.com\/es\/wp-content\/uploads\/2026\/02\/4PANZA.jpg 500w, https:\/\/dimensionturistica.com\/es\/wp-content\/uploads\/2026\/02\/4PANZA-300x297.jpg 300w, https:\/\/dimensionturistica.com\/es\/wp-content\/uploads\/2026\/02\/4PANZA-150x150.jpg 150w, https:\/\/dimensionturistica.com\/es\/wp-content\/uploads\/2026\/02\/4PANZA-75x75.jpg 75w\" sizes=\"(max-width: 500px) 100vw, 500px\" \/><\/figure>\n<\/figure>\n\n\n\n<p>Por ello el diagn\u00f3stico temprano y el seguimiento de un tratamiento integral son esenciales para controlar la inflamaci\u00f3n y mantener la enfermedad en remisi\u00f3n. De no hacerlo, el da\u00f1o intestinal puede progresar y aumentar el riesgo de complicaciones graves como c\u00e1ncer de colon.<\/p>\n\n\n\n<p>Los expertos recomiendan acudir al m\u00e9dico si los s\u00edntomas digestivos persisten o si se presentan datos de alarma como diarrea con sangre o p\u00e9rdida de peso.<\/p>\n\n\n\n<p>\u201cVivir con colitis ulcerosa requiere atenci\u00f3n m\u00e9dica continua y acompa\u00f1amiento integral que incluya nutrici\u00f3n, bienestar emocional y adherencia terap\u00e9utica\u201d, agreg\u00f3 la gastroenter\u00f3loga y record\u00f3 que ante cualquier s\u00edntoma persistente de dolor abdominal, diarrea con sangre o fatiga, es fundamental acudir con el gastroenter\u00f3logo para valoraci\u00f3n cl\u00ednica oportuna.<\/p>\n\n\n\n<p>Agreg\u00f3 que quienes quieran conocer m\u00e1s pueden consultar la p\u00e1gina www.viviendoconcolitisulcerosa.com que es un espacio informativo con materiales educativos y orientaci\u00f3n confiable para pacientes y familiares.<\/p>\n","protected":false},"excerpt":{"rendered":"<p>La colitis ulcerosa es una enfermedad que puede comenzar entre la segunda y cuarta d\u00e9cada de vida, etapas de gran actividad social y laboral, ante lo cual se debe diagnosticar y tratar oportunamente, toda vez que tiene un fuerte impacto en quienes la padecen, alert\u00f3 la doctora Ceriolith Tenorio. La especialista en gastroenterolog\u00eda detall\u00f3 que [&hellip;]<\/p>\n","protected":false},"author":1,"featured_media":0,"comment_status":"open","ping_status":"closed","sticky":false,"template":"","format":"standard","meta":{"om_disable_all_campaigns":false,"jnews-multi-image_gallery":[],"jnews_single_post":[],"jnews_primary_category":[],"jnews_social_meta":[],"footnotes":""},"categories":[40],"tags":[],"class_list":["post-1107265","post","type-post","status-publish","format-standard","hentry","category-industria"],"_links":{"self":[{"href":"https:\/\/dimensionturistica.com\/es\/wp-json\/wp\/v2\/posts\/1107265","targetHints":{"allow":["GET"]}}],"collection":[{"href":"https:\/\/dimensionturistica.com\/es\/wp-json\/wp\/v2\/posts"}],"about":[{"href":"https:\/\/dimensionturistica.com\/es\/wp-json\/wp\/v2\/types\/post"}],"author":[{"embeddable":true,"href":"https:\/\/dimensionturistica.com\/es\/wp-json\/wp\/v2\/users\/1"}],"replies":[{"embeddable":true,"href":"https:\/\/dimensionturistica.com\/es\/wp-json\/wp\/v2\/comments?post=1107265"}],"version-history":[{"count":1,"href":"https:\/\/dimensionturistica.com\/es\/wp-json\/wp\/v2\/posts\/1107265\/revisions"}],"predecessor-version":[{"id":1107269,"href":"https:\/\/dimensionturistica.com\/es\/wp-json\/wp\/v2\/posts\/1107265\/revisions\/1107269"}],"wp:attachment":[{"href":"https:\/\/dimensionturistica.com\/es\/wp-json\/wp\/v2\/media?parent=1107265"}],"wp:term":[{"taxonomy":"category","embeddable":true,"href":"https:\/\/dimensionturistica.com\/es\/wp-json\/wp\/v2\/categories?post=1107265"},{"taxonomy":"post_tag","embeddable":true,"href":"https:\/\/dimensionturistica.com\/es\/wp-json\/wp\/v2\/tags?post=1107265"}],"curies":[{"name":"wp","href":"https:\/\/api.w.org\/{rel}","templated":true}]}}