{"id":1106761,"date":"2026-02-02T18:38:24","date_gmt":"2026-02-02T18:38:24","guid":{"rendered":"https:\/\/dimensionturistica.com\/es\/?p=1106761"},"modified":"2026-02-02T18:38:24","modified_gmt":"2026-02-02T18:38:24","slug":"mundial-de-footgolf-se-presento-durante-fitur-y-se-realizara-en-acapulco","status":"publish","type":"post","link":"https:\/\/dimensionturistica.com\/es\/mundial-de-footgolf-se-presento-durante-fitur-y-se-realizara-en-acapulco\/","title":{"rendered":"Mundial de FootGolf \u00a0se present\u00f3 durante FITUR y se realizar\u00e1 en Acapulco"},"content":{"rendered":"\n<p><\/p>\n\n\n\n<figure class=\"wp-block-gallery has-nested-images columns-default is-cropped wp-block-gallery-1 is-layout-flex wp-block-gallery-is-layout-flex\">\n<figure class=\"wp-block-image size-large\"><img decoding=\"async\" width=\"500\" height=\"281\" data-id=\"1106762\" src=\"https:\/\/dimensionturistica.com\/es\/wp-content\/uploads\/2026\/02\/2GOLF.jpg\" alt=\"\" class=\"wp-image-1106762\" srcset=\"https:\/\/dimensionturistica.com\/es\/wp-content\/uploads\/2026\/02\/2GOLF.jpg 500w, https:\/\/dimensionturistica.com\/es\/wp-content\/uploads\/2026\/02\/2GOLF-300x169.jpg 300w\" sizes=\"(max-width: 500px) 100vw, 500px\" \/><\/figure>\n<\/figure>\n\n\n\n<p>El d\u00eda de hoy en una de las ferias m\u00e1s importantes a nivel mundial, FITUR (Feria Internacional de Turismo) durante la clausura de actividades, el estado de Guerrero expuso ante el mundo el lanzamiento del Mundial de FootGolf que se realizar\u00e1 en Acapulco<\/p>\n\n\n\n<p>del 27 de mayo al 7 de junio de este 2026.<\/p>\n\n\n\n<p>En el escenario principal se cont\u00f3 con la participaci\u00f3n Seyed Rezvani, director general de Grupo Mundo Imperial, Aleksander Kravanja presidente de la FIFG (Federaci\u00f3n Internacional de FootGolf) y Fernando Name Guzzy director general de la FMFG (Federaci\u00f3n Mexicana de FootGolf) y el maestro Sim\u00f3n Qui\u00f1ones Orozco secretario de turismo del estado de Guerrero<\/p>\n\n\n\n<figure class=\"wp-block-gallery has-nested-images columns-default is-cropped wp-block-gallery-2 is-layout-flex wp-block-gallery-is-layout-flex\">\n<figure class=\"wp-block-image size-large\"><img decoding=\"async\" width=\"500\" height=\"703\" data-id=\"1106763\" src=\"https:\/\/dimensionturistica.com\/es\/wp-content\/uploads\/2026\/02\/3GOLF.jpg\" alt=\"\" class=\"wp-image-1106763\" srcset=\"https:\/\/dimensionturistica.com\/es\/wp-content\/uploads\/2026\/02\/3GOLF.jpg 500w, https:\/\/dimensionturistica.com\/es\/wp-content\/uploads\/2026\/02\/3GOLF-213x300.jpg 213w\" sizes=\"(max-width: 500px) 100vw, 500px\" \/><\/figure>\n<\/figure>\n\n\n\n<p>\u201cLa realizaci\u00f3n del Mundial de FootGolf 2026 impulsa la reactivaci\u00f3n tur\u00edstica y econ\u00f3mica del puerto y consolida a Acapulco como un destino seguro, moderno y competitivo a nivel nacional e internacional\u201d coment\u00f3 el Mtro. Sim\u00f3n Qui\u00f1ones.<\/p>\n\n\n\n<p>Actualmente, Grupo Mundo Imperial ya tienen reserva de m\u00e1s de 4 mil cuartos\/noche para este importante evento, que tiene entre sus objetivos generar una derrama econ\u00f3mica de 145 millones de pesos en M\u00e9xico, de los cuales 135 millones beneficiar\u00e1n directamente a Acapulco.<\/p>\n\n\n\n<p>Por su parte el presidente de la FIFG, Aleksander Kravanja indic\u00f3: M\u00e9xico reafirma su liderazgo en la organizaci\u00f3n de eventos deportivos, promoviendo el acceso al FootGolf y fortaleciendo la participaci\u00f3n de la comunidad.<\/p>\n\n\n\n<p>Desde la llegada de Kravanja a la presidencia de la FIFG, el deporte ha tenido un crecimiento importante contemplando nuevas federaciones en \u00c1frica, Asia y Am\u00e9rica, llegando pr\u00e1cticamente a 70 naciones incorporadas a la federaci\u00f3n.<\/p>\n\n\n\n<figure class=\"wp-block-gallery has-nested-images columns-default is-cropped wp-block-gallery-3 is-layout-flex wp-block-gallery-is-layout-flex\">\n<figure class=\"wp-block-image size-large\"><img decoding=\"async\" width=\"500\" height=\"281\" data-id=\"1106764\" src=\"https:\/\/dimensionturistica.com\/es\/wp-content\/uploads\/2026\/02\/5GOLF.JPGF_.jpg\" alt=\"\" class=\"wp-image-1106764\" srcset=\"https:\/\/dimensionturistica.com\/es\/wp-content\/uploads\/2026\/02\/5GOLF.JPGF_.jpg 500w, https:\/\/dimensionturistica.com\/es\/wp-content\/uploads\/2026\/02\/5GOLF.JPGF_-300x169.jpg 300w\" sizes=\"(max-width: 500px) 100vw, 500px\" \/><\/figure>\n<\/figure>\n\n\n\n<p>El director general de la Federaci\u00f3n Mexicana de FootGolf y organizador del campeonato, Fernando Name Guzzy, destac\u00f3 que, de la mano con los diferentes \u00f3rdenes de gobierno, el torneo busca impulsar no solo el deporte, sino tambi\u00e9n al pa\u00eds, mediante un trabajo conjunto de promoci\u00f3n que fortalece tanto la actividad deportiva como la proyecci\u00f3n internacional de M\u00e9xico. Asimismo, reafirm\u00f3 su compromiso de seguir promoviendo la rama femenil, resaltando que las mujeres participantes se distinguen por su t\u00e9cnica y habilidades, e invit\u00f3 a todas y todos a sumarse a este torneo, asegurando que el FootGolf es un deporte abierto a todos.<\/p>\n\n\n\n<p>A\u00f1adi\u00f3 que como parte de la promoci\u00f3n del Mundial de FootGolf 2026, se lanz\u00f3 una campa\u00f1a global de Visit M\u00e9xico, la marca M\u00e9xico y #RoadToAcapulco. A trav\u00e9s de la Federaci\u00f3n Internacional de FootGolf se distribuyeron materiales en distintos pa\u00edses y se difunde la campa\u00f1a en sus redes y p\u00e1gina oficial, generando un impacto internacional y aumentando el inter\u00e9s por nuestro pa\u00eds y el torneo.<\/p>\n\n\n\n<figure class=\"wp-block-gallery has-nested-images columns-default is-cropped wp-block-gallery-4 is-layout-flex wp-block-gallery-is-layout-flex\">\n<figure class=\"wp-block-image size-large\"><img decoding=\"async\" width=\"500\" height=\"888\" data-id=\"1106765\" src=\"https:\/\/dimensionturistica.com\/es\/wp-content\/uploads\/2026\/02\/7GOLG.jpg\" alt=\"\" class=\"wp-image-1106765\" srcset=\"https:\/\/dimensionturistica.com\/es\/wp-content\/uploads\/2026\/02\/7GOLG.jpg 500w, https:\/\/dimensionturistica.com\/es\/wp-content\/uploads\/2026\/02\/7GOLG-169x300.jpg 169w\" sizes=\"(max-width: 500px) 100vw, 500px\" \/><\/figure>\n<\/figure>\n\n\n\n<p>Para cerrar, el mtro. Qui\u00f1ones se\u00f1al\u00f3: Una de las prioridades en nuestro pa\u00eds, es regresar el Hogar del Sol ya que Acapulco fue el primer destino que levant\u00f3 el turismo en M\u00e9xico y Guerrero est\u00e1 completamente comprometido respaldando al Mundial de FootGolf para que este sea un \u00e9xito, para todos nosotros es un orgullo, honor y placer que la Federaci\u00f3n Internacional y la Federaci\u00f3n Mexicana de FootGolf contemplen al estado para este gran evento, despu\u00e9s de que Acapulco ya hab\u00eda recibido torneos internacionales de 500 y 1000 puntos en esta disciplina, que mejor que ahora tener el m\u00e1ximo evento de este deporte. Al finalizar los integrantes del pres\u00eddium firmaron un acuerdo de colaboraci\u00f3n para que el Mundial de Acapulco 2026, quinto en la historia de este deporte, sea todo un \u00e9xito.<\/p>\n","protected":false},"excerpt":{"rendered":"<p>El d\u00eda de hoy en una de las ferias m\u00e1s importantes a nivel mundial, FITUR (Feria Internacional de Turismo) durante la clausura de actividades, el estado de Guerrero expuso ante el mundo el lanzamiento del Mundial de FootGolf que se realizar\u00e1 en Acapulco del 27 de mayo al 7 de junio de este 2026. En [&hellip;]<\/p>\n","protected":false},"author":1,"featured_media":0,"comment_status":"open","ping_status":"closed","sticky":false,"template":"","format":"standard","meta":{"om_disable_all_campaigns":false,"jnews-multi-image_gallery":[],"jnews_single_post":[],"jnews_primary_category":[],"jnews_social_meta":[],"footnotes":""},"categories":[39],"tags":[],"class_list":["post-1106761","post","type-post","status-publish","format-standard","hentry","category-viajes"],"_links":{"self":[{"href":"https:\/\/dimensionturistica.com\/es\/wp-json\/wp\/v2\/posts\/1106761","targetHints":{"allow":["GET"]}}],"collection":[{"href":"https:\/\/dimensionturistica.com\/es\/wp-json\/wp\/v2\/posts"}],"about":[{"href":"https:\/\/dimensionturistica.com\/es\/wp-json\/wp\/v2\/types\/post"}],"author":[{"embeddable":true,"href":"https:\/\/dimensionturistica.com\/es\/wp-json\/wp\/v2\/users\/1"}],"replies":[{"embeddable":true,"href":"https:\/\/dimensionturistica.com\/es\/wp-json\/wp\/v2\/comments?post=1106761"}],"version-history":[{"count":1,"href":"https:\/\/dimensionturistica.com\/es\/wp-json\/wp\/v2\/posts\/1106761\/revisions"}],"predecessor-version":[{"id":1106766,"href":"https:\/\/dimensionturistica.com\/es\/wp-json\/wp\/v2\/posts\/1106761\/revisions\/1106766"}],"wp:attachment":[{"href":"https:\/\/dimensionturistica.com\/es\/wp-json\/wp\/v2\/media?parent=1106761"}],"wp:term":[{"taxonomy":"category","embeddable":true,"href":"https:\/\/dimensionturistica.com\/es\/wp-json\/wp\/v2\/categories?post=1106761"},{"taxonomy":"post_tag","embeddable":true,"href":"https:\/\/dimensionturistica.com\/es\/wp-json\/wp\/v2\/tags?post=1106761"}],"curies":[{"name":"wp","href":"https:\/\/api.w.org\/{rel}","templated":true}]}}