{"id":1106749,"date":"2026-02-02T18:12:21","date_gmt":"2026-02-02T18:12:21","guid":{"rendered":"https:\/\/dimensionturistica.com\/es\/?p=1106749"},"modified":"2026-02-02T18:12:21","modified_gmt":"2026-02-02T18:12:21","slug":"que-revelan-los-documentos-filtrados","status":"publish","type":"post","link":"https:\/\/dimensionturistica.com\/es\/que-revelan-los-documentos-filtrados\/","title":{"rendered":"\u00bfQu\u00e9 revelan los documentos filtrados?"},"content":{"rendered":"<h3>El Fascinante Mundo de los Viajes en el Tiempo: Un An\u00e1lisis desde la Perspectiva Tur\u00edstica<\/h3>\n<p>Imagina tener la posibilidad de viajar no solo a diferentes lugares del mundo, sino tambi\u00e9n a distintas \u00e9pocas. La idea de los viajes en el tiempo ha capturado la imaginaci\u00f3n de muchos a lo largo de la historia, y aunque todav\u00eda no hemos logrado materializarlo, la curiosidad persiste. Recientemente, un tema que ha resonado en el \u00e1mbito p\u00fablico es el inter\u00e9s de una figura controversial en temas relacionados con el tiempo, lo que ha abierto un debate en torno a esta fascinante noci\u00f3n.<\/p>\n<p>La idea de viajar en el tiempo ha sido alimentada por la literatura, el cine y la televisi\u00f3n. Desde las obras cl\u00e1sicas de H.G. Wells hasta las producciones modernas como &#8220;Doctor Who&#8221;, el concepto ha sido explorado de diversas maneras. Pero, \u00bfqu\u00e9 pasar\u00eda si realmente tuvi\u00e9ramos la oportunidad de visitar el pasado o el futuro?<\/p>\n<p><strong>Un Turismo Imaginario<\/strong><\/p>\n<p>El &#8220;turismo temporal&#8221; podr\u00eda ofrecer una experiencia \u00fanica. Imagina poder asistir a la inauguraci\u00f3n de una de las maravillas del mundo antiguo, o caminar por las calles de una ciudad en su \u00e9poca dorada. Este tipo de viaje no solo ampliar\u00eda nuestro conocimiento hist\u00f3rico, sino que tambi\u00e9n nos permitir\u00eda apreciar las culturas de maneras que hoy nos resultan inalcanzables.<\/p>\n<p>Hay quienes argumentan que, aunque la posibilidad de viajar en el tiempo todav\u00eda es pura ciencia ficci\u00f3n, la industria tur\u00edstica podr\u00eda beneficiarse de esta fascinaci\u00f3n. Destinos que se centran en la historia podr\u00edan hacer uso de tecnolog\u00edas de realidad aumentada para ofrecer experiencias inmersivas que simulan el pasado, permitiendo a los visitantes &#8220;vivir&#8221; momentos hist\u00f3ricos.<\/p>\n<p><strong>Reflexiones sobre el Pasado y el Futuro<\/strong><\/p>\n<p>M\u00e1s all\u00e1 de la mera curiosidad, la noci\u00f3n de viajar en el tiempo nos invita a reflexionar sobre nuestras propias decisiones y la historia que nos rodea. \u00bfC\u00f3mo cambiar\u00edan nuestras vidas si tuvi\u00e9ramos la capacidad de corregir errores del pasado? Las implicaciones \u00e9ticas y filos\u00f3ficas son vastas, y cada una podr\u00eda dar lugar a un viaje \u00fanico, tanto emocional como intelectual.<\/p>\n<p><strong>Conclusiones<\/strong><\/p>\n<p>Aunque el tiempo de los viajes temporales a\u00fan no ha llegado, la fascinaci\u00f3n por esta idea contin\u00faa fomentando el inter\u00e9s en el turismo hist\u00f3rico. Viajar no solo es moverse a diferentes lugares, sino tambi\u00e9n sumergirse en la riqueza de nuestras historias compartidas. La pr\u00f3xima vez que planees un viaje, considera c\u00f3mo puedes explorar el pasado de tu destino y permitirte una conexi\u00f3n m\u00e1s profunda con lo que realmente significa ser humano a trav\u00e9s de la historia. El tiempo y el espacio pueden ser conceptos abstractos, pero su potencial para abrir puertas a nuevas experiencias es, sin duda, un viaje en s\u00ed mismo.<\/p>\n<p><em> &#8221; Fuentes www.metroecuador.com.ec &#8221; <\/em><\/p>\n","protected":false},"excerpt":{"rendered":"<p>El Fascinante Mundo de los Viajes en el Tiempo: Un An\u00e1lisis desde la Perspectiva Tur\u00edstica Imagina tener la posibilidad de viajar no solo a diferentes lugares del mundo, sino tambi\u00e9n a distintas \u00e9pocas. La idea de los viajes en el tiempo ha capturado la imaginaci\u00f3n de muchos a lo largo de la historia, y aunque [&hellip;]<\/p>\n","protected":false},"author":4,"featured_media":1106750,"comment_status":"open","ping_status":"closed","sticky":false,"template":"","format":"standard","meta":{"om_disable_all_campaigns":false,"jnews-multi-image_gallery":[],"jnews_single_post":[],"jnews_primary_category":[],"jnews_social_meta":[],"footnotes":""},"categories":[39],"tags":[266226,266230,266229,266227,266228,65977,266237,266217,266235,266219,266234,266238,266221,266233,196574,266232,266218,266225,266224,266222,24943,698,6643,30294,266216,266215,266236,266223,266220,154183,266231,12512],"class_list":["post-1106749","post","type-post","status-publish","format-standard","has-post-thumbnail","hentry","category-viajes","tag-jeffrey-epstein-estaba-interesado-en-viajar-en-el-tiempo","tag-por-que-se-publicaron-nuevos-documentos-de-jeffrey-epstein","tag-que-contienen-los-archivos-desclasificados-de-epstein","tag-que-dice-el-correo-de-jeffrey-epstein-sobre-viajes-en-el-tiempo","tag-quien-es-martin-nowak-y-que-relacion-tuvo-con-epstein","tag-acceso-a-la-informacion","tag-archivos-desclasificados","tag-archivos-desclasificados-jeffrey-epstein","tag-archivos-judiciales-estados-unidos","tag-caso-jeffrey-epstein-nuevos-archivos","tag-ciencia-y-teorias-del-tiempo","tag-conocimiento-publico","tag-correos-filtrados-de-jeffrey-epstein","tag-correos-polemicos-epstein","tag-derechos-civiles","tag-desinformacion-caso-epstein","tag-documentos-epstein-departamento-de-justicia","tag-epstein-archivos-oficiales-estados-unidos","tag-epstein-documentos-revelados","tag-epstein-y-cientificos-de-harvard","tag-espionaje","tag-gobierno","tag-historia","tag-informacion-publica","tag-jeffrey-epstein-correo-electronico-polemico","tag-jeffrey-epstein-mail-viajes-en-el-tiempo","tag-jeffrey-epstein-prision-y-muerte","tag-martin-nowak-correo-jeffrey-epstein","tag-que-dicen-los-nuevos-archivos-de-jeffrey-epstein","tag-seguridad-nacional","tag-teorias-conspirativas-epstein","tag-transparencia"],"_links":{"self":[{"href":"https:\/\/dimensionturistica.com\/es\/wp-json\/wp\/v2\/posts\/1106749","targetHints":{"allow":["GET"]}}],"collection":[{"href":"https:\/\/dimensionturistica.com\/es\/wp-json\/wp\/v2\/posts"}],"about":[{"href":"https:\/\/dimensionturistica.com\/es\/wp-json\/wp\/v2\/types\/post"}],"author":[{"embeddable":true,"href":"https:\/\/dimensionturistica.com\/es\/wp-json\/wp\/v2\/users\/4"}],"replies":[{"embeddable":true,"href":"https:\/\/dimensionturistica.com\/es\/wp-json\/wp\/v2\/comments?post=1106749"}],"version-history":[{"count":1,"href":"https:\/\/dimensionturistica.com\/es\/wp-json\/wp\/v2\/posts\/1106749\/revisions"}],"predecessor-version":[{"id":1106751,"href":"https:\/\/dimensionturistica.com\/es\/wp-json\/wp\/v2\/posts\/1106749\/revisions\/1106751"}],"wp:featuredmedia":[{"embeddable":true,"href":"https:\/\/dimensionturistica.com\/es\/wp-json\/wp\/v2\/media\/1106750"}],"wp:attachment":[{"href":"https:\/\/dimensionturistica.com\/es\/wp-json\/wp\/v2\/media?parent=1106749"}],"wp:term":[{"taxonomy":"category","embeddable":true,"href":"https:\/\/dimensionturistica.com\/es\/wp-json\/wp\/v2\/categories?post=1106749"},{"taxonomy":"post_tag","embeddable":true,"href":"https:\/\/dimensionturistica.com\/es\/wp-json\/wp\/v2\/tags?post=1106749"}],"curies":[{"name":"wp","href":"https:\/\/api.w.org\/{rel}","templated":true}]}}