{"id":1106738,"date":"2026-02-02T17:52:15","date_gmt":"2026-02-02T17:52:15","guid":{"rendered":"https:\/\/dimensionturistica.com\/es\/?p=1106738"},"modified":"2026-02-02T17:52:15","modified_gmt":"2026-02-02T17:52:15","slug":"la-presidenta-y-ceo-del-wttc-encabezo-un-encuentro-de-alto-nivel-con-empresarios-ministros-y-autoridades-de-todo-el-mundo-que-permitio-impulsar-oportunidades-de-inversion-en-sus-regiones","status":"publish","type":"post","link":"https:\/\/dimensionturistica.com\/es\/la-presidenta-y-ceo-del-wttc-encabezo-un-encuentro-de-alto-nivel-con-empresarios-ministros-y-autoridades-de-todo-el-mundo-que-permitio-impulsar-oportunidades-de-inversion-en-sus-regiones\/","title":{"rendered":"La Presidenta y CEO del WTTC encabez\u00f3 un encuentro de alto nivel con empresarios, ministros y autoridades de todo el mundo, que permiti\u00f3 impulsar oportunidades de inversi\u00f3n en sus regiones"},"content":{"rendered":"\n<figure class=\"wp-block-gallery has-nested-images columns-default is-cropped wp-block-gallery-1 is-layout-flex wp-block-gallery-is-layout-flex\">\n<figure class=\"wp-block-image size-large\"><img decoding=\"async\" width=\"500\" height=\"447\" data-id=\"1106739\" src=\"https:\/\/dimensionturistica.com\/es\/wp-content\/uploads\/2026\/02\/7GLORIA.jpg\" alt=\"\" class=\"wp-image-1106739\" srcset=\"https:\/\/dimensionturistica.com\/es\/wp-content\/uploads\/2026\/02\/7GLORIA.jpg 500w, https:\/\/dimensionturistica.com\/es\/wp-content\/uploads\/2026\/02\/7GLORIA-300x268.jpg 300w\" sizes=\"(max-width: 500px) 100vw, 500px\" \/><\/figure>\n<\/figure>\n\n\n\n<p>El Consejo Mundial de Viajes y Turismo (WTTC, por sus siglas en ingl\u00e9s), tuvo una intensa participaci\u00f3n durante la Feria Internacional de Turismo (FITUR), que se realiz\u00f3 en la capital espa\u00f1ola entre el 21 y el 25 de enero, que permiti\u00f3 fortalecer el sector y abrir oportunidades de inversi\u00f3n.<\/p>\n\n\n\n<p>Gloria Guevara Manzo, Presidenta y CEO del WTTC, tuvo el honor de ser invitada a formar parte de la comitiva oficial que acompa\u00f1\u00f3 a Sus Majestades Los Reyes de Espa\u00f1a durante la inauguraci\u00f3n oficial del encuentro, considerado el m\u00e1s importante para la industria de viajes y turismo, que reuni\u00f3 a m\u00e1s de 250,000 visitantes y m\u00e1s de 10,000 empresas de 161 naciones.<\/p>\n\n\n\n<figure class=\"wp-block-gallery has-nested-images columns-default is-cropped wp-block-gallery-2 is-layout-flex wp-block-gallery-is-layout-flex\">\n<figure class=\"wp-block-image size-large\"><img decoding=\"async\" width=\"500\" height=\"333\" data-id=\"1106740\" src=\"https:\/\/dimensionturistica.com\/es\/wp-content\/uploads\/2026\/02\/2GLORIA.jpg\" alt=\"\" class=\"wp-image-1106740\" srcset=\"https:\/\/dimensionturistica.com\/es\/wp-content\/uploads\/2026\/02\/2GLORIA.jpg 500w, https:\/\/dimensionturistica.com\/es\/wp-content\/uploads\/2026\/02\/2GLORIA-300x200.jpg 300w\" sizes=\"(max-width: 500px) 100vw, 500px\" \/><\/figure>\n<\/figure>\n\n\n\n<p>Adem\u00e1s, encabez\u00f3 el Executive Roundtable, un encuentro de alto nivel que reuni\u00f3 a l\u00edderes de toda la industria, concebido como un espacio estrat\u00e9gico de networking y di\u00e1logo para impulsar el desarrollo y las inversiones del sector de viajes y turismo. En este foro, los miembros del organismo, junto con invitados del sector p\u00fablico y privado, debatieron los principales desaf\u00edos y oportunidades en torno a la inversi\u00f3n estrat\u00e9gica, el impulso a la movilidad, el desarrollo de talento y el crecimiento sostenible.<\/p>\n\n\n\n<figure class=\"wp-block-gallery has-nested-images columns-default is-cropped wp-block-gallery-3 is-layout-flex wp-block-gallery-is-layout-flex\">\n<figure class=\"wp-block-image size-large\"><img decoding=\"async\" width=\"500\" height=\"333\" data-id=\"1106741\" src=\"https:\/\/dimensionturistica.com\/es\/wp-content\/uploads\/2026\/02\/1GLORIA.jpg\" alt=\"\" class=\"wp-image-1106741\" srcset=\"https:\/\/dimensionturistica.com\/es\/wp-content\/uploads\/2026\/02\/1GLORIA.jpg 500w, https:\/\/dimensionturistica.com\/es\/wp-content\/uploads\/2026\/02\/1GLORIA-300x200.jpg 300w\" sizes=\"(max-width: 500px) 100vw, 500px\" \/><\/figure>\n<\/figure>\n\n\n\n<p>Entre los participantes en esta mesa de debate se encontraron H.E. Shaikha Al Nowais, Secretaria General de ONU Turismo; Jordi Hereu, Ministro de Industria y Turismo de Espa\u00f1a; Takeshi Nakano, Vicecomisionado de la Agencia de Turismo de Jap\u00f3n; Teresa Mera G\u00f3mez, Ministra de Comercio Exterior y Turismo del Per\u00fa; William Rodr\u00edguez L\u00f3pez,<\/p>\n\n\n\n<p>Ministro de Turismo de Costa Rica, y Harris Whitbeck, Ministro de Turismo de Guatemala.<\/p>\n\n\n\n<p>Asimismo, participaron Frank Rainieri, Fundador y Presidente de Grupo Puntacana; Antonio Cos\u00edo, CEO de Grupo Brisas; Hamza Farooqui, CEO de Millat Group; Dillip Rajakarier, CEO de Minor Hotels; Pansy Ho, Presidenta Ejecutiva del Consejo y Directora General de Shun Tak Holdings Limited; Desir\u00e9e Bollier, Presidenta y Directora Global de Merchandising de The Bicester Collection; Jos\u00e9 Chapur, Presidente y Fundador de The Palace Company; Gloria Flux\u00e0, Vicepresidenta de Iberostar; Malula Prieto, Presidenta Ejecutiva de CNET, y Mara Lezama, Gobernadora de Quintana Roo. Guevara Manzo tambi\u00e9n firm\u00f3 un Memor\u00e1ndum de Entendimiento con el Ministro de Industria y Turismo de Espa\u00f1a, Jordi Hereu Boher, y con el Alcalde de Madrid, Jos\u00e9 Luis Mart\u00ednez-Almeida, para formalizar el cambio de sede del WTTC a Madrid. Este acuerdo represent\u00f3 el inicio de un nuevo cap\u00edtulo para el turismo global, donde Espa\u00f1a seguir\u00e1 fortaleciendo su posici\u00f3n de liderazgo en el sector a nivel mundial.<\/p>\n\n\n\n<figure class=\"wp-block-gallery has-nested-images columns-default is-cropped wp-block-gallery-4 is-layout-flex wp-block-gallery-is-layout-flex\">\n<figure class=\"wp-block-image size-large\"><img decoding=\"async\" width=\"500\" height=\"364\" data-id=\"1106743\" src=\"https:\/\/dimensionturistica.com\/es\/wp-content\/uploads\/2026\/02\/5GLORIA.jpg\" alt=\"\" class=\"wp-image-1106743\" srcset=\"https:\/\/dimensionturistica.com\/es\/wp-content\/uploads\/2026\/02\/5GLORIA.jpg 500w, https:\/\/dimensionturistica.com\/es\/wp-content\/uploads\/2026\/02\/5GLORIA-300x218.jpg 300w, https:\/\/dimensionturistica.com\/es\/wp-content\/uploads\/2026\/02\/5GLORIA-120x86.jpg 120w\" sizes=\"(max-width: 500px) 100vw, 500px\" \/><\/figure>\n<\/figure>\n\n\n\n<p>En el marco de la Feria Internacional de Turismo, Guevara Manzo tuvo una activa participaci\u00f3n en distintos foros y encuentros de primer nivel. Guevara Manzo clausur\u00f3 el XII del Foro de Innovaci\u00f3n Tur\u00edstica Hotusa Explora, junto con Amancio L\u00f3pez, Presidente<\/p>\n\n\n\n<p>de Grupo Hotusa.<\/p>\n\n\n\n<p>De igual forma, tuvo una destacada participaci\u00f3n en el encuentro con integrantes de laAsociaci\u00f3n de Secretarios de Turismo de M\u00e9xico (ASETUR), con quienes comparti\u00f3 los niveles r\u00e9cord que alcanz\u00f3 el sector de viajes y turismo en el \u00faltimo a\u00f1o, as\u00ed como las oportunidades para seguir posicionando a esta industria como un motor econ\u00f3mico y social en M\u00e9xico.<\/p>\n\n\n\n<p>Durante el desarrollo de FITUR, el WTTC refrend\u00f3 su papel como la voz global del sector privado de la industria de viajes y turismo. La Presidenta y CEO del WTTC tuvo encuentros de primer nivel con autoridades de Egipto, Colombia, Puerto Rico, Bolivia, Per\u00fa, Espa\u00f1a y M\u00e9xico, que en esta ocasi\u00f3n fue pa\u00eds socio en el ferial.<\/p>\n\n\n\n<figure class=\"wp-block-gallery has-nested-images columns-default is-cropped wp-block-gallery-5 is-layout-flex wp-block-gallery-is-layout-flex\">\n<figure class=\"wp-block-image size-large\"><img decoding=\"async\" width=\"500\" height=\"333\" data-id=\"1106742\" src=\"https:\/\/dimensionturistica.com\/es\/wp-content\/uploads\/2026\/02\/3GLORIA.jpg\" alt=\"\" class=\"wp-image-1106742\" srcset=\"https:\/\/dimensionturistica.com\/es\/wp-content\/uploads\/2026\/02\/3GLORIA.jpg 500w, https:\/\/dimensionturistica.com\/es\/wp-content\/uploads\/2026\/02\/3GLORIA-300x200.jpg 300w\" sizes=\"(max-width: 500px) 100vw, 500px\" \/><\/figure>\n<\/figure>\n\n\n\n<p>Adem\u00e1s, sostuvo reuniones con Jes\u00fas Pablo Lemus, Gobernador de Jalisco; Libia Dennise Garc\u00eda, Gobernadora de Guanajuato, y Mara Lezama, Gobernadora de Quintana Roo.<\/p>\n\n\n\n<p>Desde hace m\u00e1s de tres d\u00e9cadas, el WTTC ha defendido y visibilizado la contribuci\u00f3n econ\u00f3mica y social del sector de viajes y turismo. A trav\u00e9s de investigaciones rigurosas y basadas en datos, el organismo cuantifica el impacto del sector en el PIB, el empleo y el desarrollo social, as\u00ed como en el \u00e1mbito medioambiental, contribuyendo a la formulaci\u00f3n de pol\u00edticas p\u00fablicas, al fortalecimiento de la concienciaci\u00f3n y al impulso de la colaboraci\u00f3n p\u00fablico-privada.<\/p>\n","protected":false},"excerpt":{"rendered":"<p>El Consejo Mundial de Viajes y Turismo (WTTC, por sus siglas en ingl\u00e9s), tuvo una intensa participaci\u00f3n durante la Feria Internacional de Turismo (FITUR), que se realiz\u00f3 en la capital espa\u00f1ola entre el 21 y el 25 de enero, que permiti\u00f3 fortalecer el sector y abrir oportunidades de inversi\u00f3n. Gloria Guevara Manzo, Presidenta y CEO [&hellip;]<\/p>\n","protected":false},"author":1,"featured_media":0,"comment_status":"open","ping_status":"closed","sticky":false,"template":"","format":"standard","meta":{"om_disable_all_campaigns":false,"jnews-multi-image_gallery":[],"jnews_single_post":{"format":"standard"},"jnews_primary_category":[],"jnews_social_meta":[],"footnotes":""},"categories":[39],"tags":[],"class_list":["post-1106738","post","type-post","status-publish","format-standard","hentry","category-viajes"],"_links":{"self":[{"href":"https:\/\/dimensionturistica.com\/es\/wp-json\/wp\/v2\/posts\/1106738","targetHints":{"allow":["GET"]}}],"collection":[{"href":"https:\/\/dimensionturistica.com\/es\/wp-json\/wp\/v2\/posts"}],"about":[{"href":"https:\/\/dimensionturistica.com\/es\/wp-json\/wp\/v2\/types\/post"}],"author":[{"embeddable":true,"href":"https:\/\/dimensionturistica.com\/es\/wp-json\/wp\/v2\/users\/1"}],"replies":[{"embeddable":true,"href":"https:\/\/dimensionturistica.com\/es\/wp-json\/wp\/v2\/comments?post=1106738"}],"version-history":[{"count":1,"href":"https:\/\/dimensionturistica.com\/es\/wp-json\/wp\/v2\/posts\/1106738\/revisions"}],"predecessor-version":[{"id":1106744,"href":"https:\/\/dimensionturistica.com\/es\/wp-json\/wp\/v2\/posts\/1106738\/revisions\/1106744"}],"wp:attachment":[{"href":"https:\/\/dimensionturistica.com\/es\/wp-json\/wp\/v2\/media?parent=1106738"}],"wp:term":[{"taxonomy":"category","embeddable":true,"href":"https:\/\/dimensionturistica.com\/es\/wp-json\/wp\/v2\/categories?post=1106738"},{"taxonomy":"post_tag","embeddable":true,"href":"https:\/\/dimensionturistica.com\/es\/wp-json\/wp\/v2\/tags?post=1106738"}],"curies":[{"name":"wp","href":"https:\/\/api.w.org\/{rel}","templated":true}]}}