{"id":1106715,"date":"2026-02-02T17:06:48","date_gmt":"2026-02-02T17:06:48","guid":{"rendered":"https:\/\/dimensionturistica.com\/es\/?p=1106715"},"modified":"2026-02-02T17:06:48","modified_gmt":"2026-02-02T17:06:48","slug":"isuzu-presenta-los-imparables-una-serie-documental-que-rinde-homenaje-a-quienes-mueven-a-mexico-sin-detenerse","status":"publish","type":"post","link":"https:\/\/dimensionturistica.com\/es\/isuzu-presenta-los-imparables-una-serie-documental-que-rinde-homenaje-a-quienes-mueven-a-mexico-sin-detenerse\/","title":{"rendered":"ISUZU presenta Los Imparables, una serie documental que rinde homenaje a quienes mueven a M\u00e9xico sin detenerse"},"content":{"rendered":"\n<figure class=\"wp-block-gallery has-nested-images columns-default is-cropped wp-block-gallery-1 is-layout-flex wp-block-gallery-is-layout-flex\">\n<figure class=\"wp-block-image size-large\"><img decoding=\"async\" width=\"500\" height=\"128\" data-id=\"1106719\" src=\"https:\/\/dimensionturistica.com\/es\/wp-content\/uploads\/2026\/02\/1izuzu.jpg\" alt=\"\" class=\"wp-image-1106719\" srcset=\"https:\/\/dimensionturistica.com\/es\/wp-content\/uploads\/2026\/02\/1izuzu.jpg 500w, https:\/\/dimensionturistica.com\/es\/wp-content\/uploads\/2026\/02\/1izuzu-300x77.jpg 300w\" sizes=\"(max-width: 500px) 100vw, 500px\" \/><\/figure>\n<\/figure>\n\n\n\n<p>ISUZU Motors de M\u00e9xico presenta Los Imparables, una serie documental original que celebra el esp\u00edritu inquebrantable de las personas que no esperan a que las cosas sucedan, sino que las forjan.<\/p>\n\n\n\n<figure class=\"wp-block-gallery has-nested-images columns-default is-cropped wp-block-gallery-2 is-layout-flex wp-block-gallery-is-layout-flex\">\n<figure class=\"wp-block-image size-large\"><img decoding=\"async\" width=\"500\" height=\"281\" data-id=\"1106720\" src=\"https:\/\/dimensionturistica.com\/es\/wp-content\/uploads\/2026\/02\/2izuzu.jpg\" alt=\"\" class=\"wp-image-1106720\" srcset=\"https:\/\/dimensionturistica.com\/es\/wp-content\/uploads\/2026\/02\/2izuzu.jpg 500w, https:\/\/dimensionturistica.com\/es\/wp-content\/uploads\/2026\/02\/2izuzu-300x169.jpg 300w\" sizes=\"(max-width: 500px) 100vw, 500px\" \/><figcaption class=\"wp-element-caption\">default<\/figcaption><\/figure>\n<\/figure>\n\n\n\n<p>A trav\u00e9s de testimonios reales de clientes de distintas industrias y regiones del pa\u00eds, Los Imparables retrata historias de trabajo, determinaci\u00f3n y prop\u00f3sito. Historias de quienes han enfrentado grandes desaf\u00edos y los han transformado en la fuerza que los impulsa a alcanzar sus sue\u00f1os, teniendo a ISUZU como un aliado clave en su camino.<\/p>\n\n\n\n<figure class=\"wp-block-gallery has-nested-images columns-default is-cropped wp-block-gallery-3 is-layout-flex wp-block-gallery-is-layout-flex\">\n<figure class=\"wp-block-image size-large\"><img decoding=\"async\" width=\"500\" height=\"375\" data-id=\"1106721\" src=\"https:\/\/dimensionturistica.com\/es\/wp-content\/uploads\/2026\/02\/7izuzu.jpg\" alt=\"\" class=\"wp-image-1106721\" srcset=\"https:\/\/dimensionturistica.com\/es\/wp-content\/uploads\/2026\/02\/7izuzu.jpg 500w, https:\/\/dimensionturistica.com\/es\/wp-content\/uploads\/2026\/02\/7izuzu-300x225.jpg 300w\" sizes=\"(max-width: 500px) 100vw, 500px\" \/><\/figure>\n<\/figure>\n\n\n\n<p>M\u00e1s que una producci\u00f3n audiovisual, Los Imparables es un homenaje a las personas que, d\u00eda con d\u00eda, mantienen a M\u00e9xico en movimiento. Hombres y mujeres que transportan mucho m\u00e1s que carga: llevan consigo sue\u00f1os, responsabilidades, econom\u00edas locales y el progreso de todo un pa\u00eds.<\/p>\n\n\n\n<figure class=\"wp-block-gallery has-nested-images columns-default is-cropped wp-block-gallery-4 is-layout-flex wp-block-gallery-is-layout-flex\">\n<figure class=\"wp-block-image size-large\"><img decoding=\"async\" width=\"500\" height=\"281\" data-id=\"1106722\" src=\"https:\/\/dimensionturistica.com\/es\/wp-content\/uploads\/2026\/02\/3izuzu.jpg\" alt=\"\" class=\"wp-image-1106722\" srcset=\"https:\/\/dimensionturistica.com\/es\/wp-content\/uploads\/2026\/02\/3izuzu.jpg 500w, https:\/\/dimensionturistica.com\/es\/wp-content\/uploads\/2026\/02\/3izuzu-300x169.jpg 300w\" sizes=\"(max-width: 500px) 100vw, 500px\" \/><\/figure>\n<\/figure>\n\n\n\n<p>En cada una de estas historias, ISUZU ha sido parte importante del trayecto, acompa\u00f1ando a sus clientes con soluciones confiables que les permiten seguir avanzando.<\/p>\n\n\n\n<p>\u201cEsta serie nace de una convicci\u00f3n muy clara: las marcas no se construyen \u00fanicamente con productos, sino con las personas que conf\u00edan en ellos para avanzar. Si nuestros clientes y sus negocios no se detienen, nosotros tampoco\u201d, se\u00f1al\u00f3 Mariana Cervantes, Head of Marketing de ISUZU.<\/p>\n\n\n\n<figure class=\"wp-block-gallery has-nested-images columns-default is-cropped wp-block-gallery-5 is-layout-flex wp-block-gallery-is-layout-flex\">\n<figure class=\"wp-block-image size-large\"><img decoding=\"async\" width=\"500\" height=\"750\" data-id=\"1106723\" src=\"https:\/\/dimensionturistica.com\/es\/wp-content\/uploads\/2026\/02\/4izuzu.jpg\" alt=\"\" class=\"wp-image-1106723\" srcset=\"https:\/\/dimensionturistica.com\/es\/wp-content\/uploads\/2026\/02\/4izuzu.jpg 500w, https:\/\/dimensionturistica.com\/es\/wp-content\/uploads\/2026\/02\/4izuzu-200x300.jpg 200w\" sizes=\"(max-width: 500px) 100vw, 500px\" \/><\/figure>\n<\/figure>\n\n\n\n<p>Historias reales, un mismo esp\u00edritu<\/p>\n\n\n\n<p>La serie consta de 4 temporadas con 5 cap\u00edtulos cada una, sumando un total de 20 testimonios.<\/p>\n\n\n\n<p>Cada episodio presenta contextos, industrias y trayectorias distintas, pero todas las historias comparten un hilo com\u00fan: no detenerse ante la adversidad.<\/p>\n\n\n\n<p>Las narrativas abordan momentos de dificultad, decisiones complejas, aprendizajes profundos y crecimiento personal y profesional, mostrando que el camino no siempre es lineal, pero s\u00ed impulsado por la determinaci\u00f3n y el acompa\u00f1amiento correcto.<\/p>\n\n\n\n<p>Calendario de lanzamiento<\/p>\n\n\n\n<figure class=\"wp-block-gallery has-nested-images columns-default is-cropped wp-block-gallery-6 is-layout-flex wp-block-gallery-is-layout-flex\">\n<figure class=\"wp-block-image size-large\"><img decoding=\"async\" width=\"500\" height=\"333\" data-id=\"1106724\" src=\"https:\/\/dimensionturistica.com\/es\/wp-content\/uploads\/2026\/02\/6izuzu.jpg\" alt=\"\" class=\"wp-image-1106724\" srcset=\"https:\/\/dimensionturistica.com\/es\/wp-content\/uploads\/2026\/02\/6izuzu.jpg 500w, https:\/\/dimensionturistica.com\/es\/wp-content\/uploads\/2026\/02\/6izuzu-300x200.jpg 300w\" sizes=\"(max-width: 500px) 100vw, 500px\" \/><\/figure>\n<\/figure>\n\n\n\n<p>Los Imparables se estrenar\u00e1 por temporadas a lo largo de los pr\u00f3ximos meses:<\/p>\n\n\n\n<p>\u25cf Temporada 1: Lunes 2 de febrero<\/p>\n\n\n\n<p>\u25cf Temporada 2: Viernes 27 de febrero<\/p>\n\n\n\n<p>\u25cf Temporada 3: Martes 24 de marzo<\/p>\n\n\n\n<p>\u25cf Temporada 4: S\u00e1bado 18 de abril<\/p>\n\n\n\n<p>Cada lanzamiento continuar\u00e1 construyendo una conversaci\u00f3n sobre el valor del esfuerzo, la resiliencia y la importancia de contar con aliados que acompa\u00f1en el crecimiento de los negocios.<\/p>\n\n\n\n<p>Una serie sobre ISUZU, pero sobre todo sobre M\u00e9xico<\/p>\n\n\n\n<figure class=\"wp-block-gallery has-nested-images columns-default is-cropped wp-block-gallery-7 is-layout-flex wp-block-gallery-is-layout-flex\">\n<figure class=\"wp-block-image size-large\"><img decoding=\"async\" width=\"500\" height=\"609\" data-id=\"1106725\" src=\"https:\/\/dimensionturistica.com\/es\/wp-content\/uploads\/2026\/02\/5izuzu.jpg\" alt=\"\" class=\"wp-image-1106725\" srcset=\"https:\/\/dimensionturistica.com\/es\/wp-content\/uploads\/2026\/02\/5izuzu.jpg 500w, https:\/\/dimensionturistica.com\/es\/wp-content\/uploads\/2026\/02\/5izuzu-246x300.jpg 246w\" sizes=\"(max-width: 500px) 100vw, 500px\" \/><\/figure>\n<\/figure>\n\n\n\n<p>Si bien Los Imparables es una producci\u00f3n impulsada por ISUZU, la serie trasciende a la marca para convertirse en un retrato del pa\u00eds y de su gente. Un reconocimiento a quienes avanzan sin rendirse y que, con su ejemplo, inspiran y transforman vidas, acompa\u00f1ados por una marca que cree en el largo plazo y en las relaciones de confianza.<\/p>\n\n\n\n<p>ISUZU invita a los medios de comunicaci\u00f3n y al p\u00fablico en general a conocer, compartir y amplificar estas historias que reflejan el verdadero motor de M\u00e9xico: su gente.<\/p>\n\n\n\n<p>Porque cuando el prop\u00f3sito es claro y la determinaci\u00f3n es firme, no hay camino imposible.<\/p>\n","protected":false},"excerpt":{"rendered":"<p>ISUZU Motors de M\u00e9xico presenta Los Imparables, una serie documental original que celebra el esp\u00edritu inquebrantable de las personas que no esperan a que las cosas sucedan, sino que las forjan. A trav\u00e9s de testimonios reales de clientes de distintas industrias y regiones del pa\u00eds, Los Imparables retrata historias de trabajo, determinaci\u00f3n y prop\u00f3sito. Historias [&hellip;]<\/p>\n","protected":false},"author":1,"featured_media":0,"comment_status":"open","ping_status":"closed","sticky":false,"template":"","format":"standard","meta":{"om_disable_all_campaigns":false,"jnews-multi-image_gallery":[],"jnews_single_post":{"format":"standard"},"jnews_primary_category":[],"jnews_social_meta":[],"footnotes":""},"categories":[40],"tags":[],"class_list":["post-1106715","post","type-post","status-publish","format-standard","hentry","category-industria"],"_links":{"self":[{"href":"https:\/\/dimensionturistica.com\/es\/wp-json\/wp\/v2\/posts\/1106715","targetHints":{"allow":["GET"]}}],"collection":[{"href":"https:\/\/dimensionturistica.com\/es\/wp-json\/wp\/v2\/posts"}],"about":[{"href":"https:\/\/dimensionturistica.com\/es\/wp-json\/wp\/v2\/types\/post"}],"author":[{"embeddable":true,"href":"https:\/\/dimensionturistica.com\/es\/wp-json\/wp\/v2\/users\/1"}],"replies":[{"embeddable":true,"href":"https:\/\/dimensionturistica.com\/es\/wp-json\/wp\/v2\/comments?post=1106715"}],"version-history":[{"count":1,"href":"https:\/\/dimensionturistica.com\/es\/wp-json\/wp\/v2\/posts\/1106715\/revisions"}],"predecessor-version":[{"id":1106726,"href":"https:\/\/dimensionturistica.com\/es\/wp-json\/wp\/v2\/posts\/1106715\/revisions\/1106726"}],"wp:attachment":[{"href":"https:\/\/dimensionturistica.com\/es\/wp-json\/wp\/v2\/media?parent=1106715"}],"wp:term":[{"taxonomy":"category","embeddable":true,"href":"https:\/\/dimensionturistica.com\/es\/wp-json\/wp\/v2\/categories?post=1106715"},{"taxonomy":"post_tag","embeddable":true,"href":"https:\/\/dimensionturistica.com\/es\/wp-json\/wp\/v2\/tags?post=1106715"}],"curies":[{"name":"wp","href":"https:\/\/api.w.org\/{rel}","templated":true}]}}