{"id":1106594,"date":"2026-02-02T10:41:06","date_gmt":"2026-02-02T10:41:06","guid":{"rendered":"https:\/\/dimensionturistica.com\/es\/?p=1106594"},"modified":"2026-02-02T10:41:06","modified_gmt":"2026-02-02T10:41:06","slug":"k-pop-en-los-grammys-2026-exitos-virales-y-la-busqueda-de-identidad","status":"publish","type":"post","link":"https:\/\/dimensionturistica.com\/es\/k-pop-en-los-grammys-2026-exitos-virales-y-la-busqueda-de-identidad\/","title":{"rendered":"\u00bfK-pop en los Grammys 2026: \u00c9xitos virales y la b\u00fasqueda de identidad?"},"content":{"rendered":"<h3>El Impacto del K-Pop en los Grammy de 2026: Una Revoluci\u00f3n Cultural<\/h3>\n<p>El mundo de la m\u00fasica y la moda nunca ha estado tan entrelazado como en la actualidad, y uno de los fen\u00f3menos m\u00e1s destacados es, sin duda, el K-Pop. En 2026, los Grammy han dado un paso audaz al abrir sus puertas de manera m\u00e1s inclusiva hacia este g\u00e9nero, reflejando un cambio significativo en la cultura pop global.<\/p>\n<h4>La Visibilidad del K-Pop<\/h4>\n<p>Este a\u00f1o, bandas ic\u00f3nicas han conquistado no solo el coraz\u00f3n de los fans, sino tambi\u00e9n la red carpet y las categor\u00edas m\u00e1s prestigiosas de los premios. Desde su est\u00e9tica visual impactante hasta su producci\u00f3n musical impecable, el K-Pop ha redefinido lo que significa ser una estrella en la industria. Los grupos que han brillado en estos galardones traen consigo una est\u00e9tica que fusiona elementos de la moda occidental con tradiciones culturales \u00fanicas. Cada presentaci\u00f3n se convierte en un espect\u00e1culo visual, donde el dise\u00f1o y la m\u00fasica se entrelazan de manera magistral.<\/p>\n<h4>Los Vanguardistas de la Moda<\/h4>\n<p>Las estrellas del K-Pop no son solo artistas; son \u00edconos de estilo que marcan tendencias y desaf\u00edan las normas. Sus looks cuidadosamente curados han inspirado a dise\u00f1adores de todo el mundo, convirti\u00e9ndose en un referente en las pasarelas, as\u00ed como en el street style. La mezcla de colores vibrantes, texturas inusuales y siluetas arriesgadas est\u00e1n revolucionando las tendencias de la moda contempor\u00e1nea, y su presencia en los Grammy es la prueba de que est\u00e1n aqu\u00ed para quedarse.<\/p>\n<h4>La Diversidad Cultural<\/h4>\n<p>Uno de los aspectos m\u00e1s celebrados de la inclusi\u00f3n del K-Pop en los Grammy es su capacidad para unir culturas. Las colaboraciones entre artistas de diferentes or\u00edgenes han sido m\u00e1s comunes que nunca, promoviendo un intercambio cultural que va m\u00e1s all\u00e1 de la m\u00fasica. Esta sinergia no solo enriquece las producciones, sino que tambi\u00e9n ampl\u00eda el horizonte de la moda, integrando influencias que trascienden fronteras.<\/p>\n<h4>La Nueva Generaci\u00f3n de Estrellas<\/h4>\n<p>Los artistas de K-Pop est\u00e1n liderando una nueva era en la m\u00fasica, donde la interacci\u00f3n con los fans es m\u00e1s cercana y personal. Estos \u00edconos utilizan plataformas digitales para compartir su proceso creativo, ofreciendo una mirada detr\u00e1s de c\u00e1maras que tradicionalmente no estaba disponible. Esta transparencia ha generado una conexi\u00f3n emocional m\u00e1s profunda, convirtiendo a los seguidores en verdaderos embajadores de su estilo y m\u00fasica.<\/p>\n<h4>El Futuro de los Premios<\/h4>\n<p>A medida que el K-Pop contin\u00faa desafiando las normas establecidas y estableci\u00e9ndose como un pilar en la industria musical, los Grammy se ven forzados a adaptarse a esta nueva realidad. La inclusi\u00f3n de m\u00e1s categor\u00edas para g\u00e9neros emergentes y la celebraci\u00f3n de la diversidad en la m\u00fasica prometen un futuro emocionante para estos premios. <\/p>\n<p>La evoluci\u00f3n de los Grammy, en este contexto, no solo refleja el \u00e9xito del K-Pop, sino tambi\u00e9n un reconocimiento de la importancia de la diversidad y la innovaci\u00f3n en un mundo en constante cambio.<\/p>\n<h3>Un Nuevo Cap\u00edtulo en la Moda y la M\u00fasica<\/h3>\n<p>La presencia del K-Pop en los Grammy de 2026 marca un antes y un despu\u00e9s. Esta fusi\u00f3n de m\u00fasica y moda est\u00e1 configurando no solo el presente, sino tambi\u00e9n el futuro de la industria. Cada nota, cada look y cada presentaci\u00f3n est\u00e1 dejando una huella indeleble en la historia cultural, invitando al p\u00fablico a explorar un universo lleno de creatividad, autenticidad y, por supuesto, estilo. <\/p>\n<p>La cultura del K-Pop est\u00e1 aqu\u00ed para transformar, y los Grammy, como un escenario emblem\u00e1tico, se convierten en el tel\u00f3n de fondo perfecto para esta narraci\u00f3n fascinante. La moda y la m\u00fasica, en su m\u00e1xima expresi\u00f3n.<\/p>\n<p><em> &#8221; Fuentes www.vogue.mx &#8221; <\/em><\/p>\n","protected":false},"excerpt":{"rendered":"<p>El Impacto del K-Pop en los Grammy de 2026: Una Revoluci\u00f3n Cultural El mundo de la m\u00fasica y la moda nunca ha estado tan entrelazado como en la actualidad, y uno de los fen\u00f3menos m\u00e1s destacados es, sin duda, el K-Pop. En 2026, los Grammy han dado un paso audaz al abrir sus puertas de [&hellip;]<\/p>\n","protected":false},"author":14,"featured_media":1106595,"comment_status":"open","ping_status":"closed","sticky":false,"template":"","format":"standard","meta":{"om_disable_all_campaigns":false,"jnews-multi-image_gallery":[],"jnews_single_post":[],"jnews_primary_category":[],"jnews_social_meta":[],"footnotes":""},"categories":[144872],"tags":[6804,136343,266187,267,266160,203583,50,2282,266188,966,2182],"class_list":["post-1106594","post","type-post","status-publish","format-standard","has-post-thumbnail","hentry","category-fashion","tag-artistas","tag-cultura-pop","tag-exitos-virales","tag-grammy","tag-grammys-2026","tag-industria-musical","tag-k-pop","tag-musica","tag-perdida-de-pertenencia","tag-premios","tag-tendencias"],"_links":{"self":[{"href":"https:\/\/dimensionturistica.com\/es\/wp-json\/wp\/v2\/posts\/1106594","targetHints":{"allow":["GET"]}}],"collection":[{"href":"https:\/\/dimensionturistica.com\/es\/wp-json\/wp\/v2\/posts"}],"about":[{"href":"https:\/\/dimensionturistica.com\/es\/wp-json\/wp\/v2\/types\/post"}],"author":[{"embeddable":true,"href":"https:\/\/dimensionturistica.com\/es\/wp-json\/wp\/v2\/users\/14"}],"replies":[{"embeddable":true,"href":"https:\/\/dimensionturistica.com\/es\/wp-json\/wp\/v2\/comments?post=1106594"}],"version-history":[{"count":1,"href":"https:\/\/dimensionturistica.com\/es\/wp-json\/wp\/v2\/posts\/1106594\/revisions"}],"predecessor-version":[{"id":1106596,"href":"https:\/\/dimensionturistica.com\/es\/wp-json\/wp\/v2\/posts\/1106594\/revisions\/1106596"}],"wp:featuredmedia":[{"embeddable":true,"href":"https:\/\/dimensionturistica.com\/es\/wp-json\/wp\/v2\/media\/1106595"}],"wp:attachment":[{"href":"https:\/\/dimensionturistica.com\/es\/wp-json\/wp\/v2\/media?parent=1106594"}],"wp:term":[{"taxonomy":"category","embeddable":true,"href":"https:\/\/dimensionturistica.com\/es\/wp-json\/wp\/v2\/categories?post=1106594"},{"taxonomy":"post_tag","embeddable":true,"href":"https:\/\/dimensionturistica.com\/es\/wp-json\/wp\/v2\/tags?post=1106594"}],"curies":[{"name":"wp","href":"https:\/\/api.w.org\/{rel}","templated":true}]}}