{"id":1106439,"date":"2026-02-02T00:47:16","date_gmt":"2026-02-02T00:47:16","guid":{"rendered":"https:\/\/dimensionturistica.com\/es\/?p=1106439"},"modified":"2026-02-02T00:47:16","modified_gmt":"2026-02-02T00:47:16","slug":"la-sincronizacion-de-tendencias-en-los-premios-grammy-2026","status":"publish","type":"post","link":"https:\/\/dimensionturistica.com\/es\/la-sincronizacion-de-tendencias-en-los-premios-grammy-2026\/","title":{"rendered":"La Sincronizaci\u00f3n de Tendencias en los Premios Grammy 2026"},"content":{"rendered":"<h3>La Sinfon\u00eda de Estilos: Un Viaje por la Diversidad Musical en los Grammy 2026<\/h3>\n<p>La m\u00fasica es un lenguaje universal, y ninguna ceremonia lo demuestra mejor que los Grammy. En 2026, esta celebraci\u00f3n fue un verdadero fest\u00edn de estilos, donde la diversidad y la innovaci\u00f3n se unieron para brindar una experiencia inolvidable. Desde ritmos latinos llenos de energ\u00eda hasta melod\u00edas cl\u00e1sicas que evocan nostalgia, cada presentaci\u00f3n reflej\u00f3 la rica tapeza de la cultura sonora contempor\u00e1nea.<\/p>\n<h4>Una Escenograf\u00eda Deslumbrante<\/h4>\n<p>El escenario de los Grammy 2026 fue una obra maestra en s\u00ed mismo. Con tecnolog\u00eda de punta y un dise\u00f1o que fusionaba lo cl\u00e1sico y lo moderno, cada actuaci\u00f3n se convirti\u00f3 en un espect\u00e1culo visual. Las luces, los colores y las proyecciones transformaron el auditorio en un universo sonoro donde cada artista pod\u00eda brillar con todo su esplendor.<\/p>\n<h4>Artistas que Rompen Barreras<\/h4>\n<p>Las actuaciones fueron la estrella absoluta de la noche. Artistas de distintas procedencias y g\u00e9neros se adue\u00f1aron del escenario, demostrando que la m\u00fasica puede trascender cualquier frontera. Colaboraciones inesperadas, como la fusi\u00f3n entre pop y m\u00fasica folcl\u00f3rica, deleitaron al p\u00fablico y mostraron c\u00f3mo diferentes g\u00e9neros pueden complementarse de maneras sorprendentes.<\/p>\n<p>Destacaron artistas emergentes que, aunque nuevos en la industria, han capturado la atenci\u00f3n de oyentes con propuestas frescas y audaces. La inclusi\u00f3n de voces diversas permite que cada rinc\u00f3n del mundo est\u00e9 presente en la ceremonia, promoviendo un mensaje de unidad en la diversidad.<\/p>\n<h4>Un Reconocimiento a la Innovaci\u00f3n<\/h4>\n<p>El reconocimiento a los artistas no se limit\u00f3 a los premios. La ceremonia tambi\u00e9n celebr\u00f3 la innovaci\u00f3n en la producci\u00f3n musical. Los Grammy 2026 destacaron a quienes, a trav\u00e9s de la tecnolog\u00eda y la creatividad, han reinventado la forma en que se crea, distribuye y consume la m\u00fasica. Desde artistas que utilizan plataformas digitales de formas revolucionarias hasta aquellos que experimentan con nuevos sonidos y formatos, la entrega de premios reconoci\u00f3 la importancia de adaptarse a un mundo en constante cambio.<\/p>\n<h4>La Apuesta por la Sustentabilidad<\/h4>\n<p>En un a\u00f1o marcado por la conciencia ambiental, los Grammy 2026 tambi\u00e9n hicieron hincapi\u00e9 en la sostenibilidad. Desde el uso de materiales reciclados en la escenograf\u00eda hasta la reducci\u00f3n de residuos, la ceremonia mostr\u00f3 que la m\u00fasica puede ser tambi\u00e9n un veh\u00edculo para promover el cuidado del planeta. Este enfoque sostenible reson\u00f3 entre los asistentes y los artistas, creando un ambiente m\u00e1s responsable y consciente.<\/p>\n<h4>Despedida y Nuevos Horizontes<\/h4>\n<p>La noche cerr\u00f3 con una conmovedora presentaci\u00f3n que reuni\u00f3 a varios de los nominados en un tributo a la m\u00fasica y su poder transformador. Fue un recordatorio de que, independientemente de los premios, lo importante es la conexi\u00f3n que se establece entre los artistas y su p\u00fablico. <\/p>\n<p>El Grammy 2026 no solo fue una celebraci\u00f3n de la excelencia musical, sino tambi\u00e9n un viaje a trav\u00e9s de estilos y culturas que invitan a la reflexi\u00f3n. Adem\u00e1s, dej\u00f3 en claro que la m\u00fasica sigue evolucionando y que las futuras generaciones tienen un papel clave en esta revoluci\u00f3n sonora. Al final, lo que realmente resuena en la memoria son las emociones, las historias y el poder de la m\u00fasica para unirnos a todos. <\/p>\n<p>As\u00ed, al cerrar este cap\u00edtulo, miramos hacia adelante con la esperanza de que los pr\u00f3ximos a\u00f1os contin\u00faen iluminando el camino hacia un panorama musical cada vez m\u00e1s diverso y colaborativo. \u00a1Que vengan los pr\u00f3ximos Grammy, y que la m\u00fasica nunca deje de sorprendernos!<\/p>\n<p><em> &#8221; Fuentes columnadigital.com &#8221; <\/em><\/p>\n","protected":false},"excerpt":{"rendered":"<p>La Sinfon\u00eda de Estilos: Un Viaje por la Diversidad Musical en los Grammy 2026 La m\u00fasica es un lenguaje universal, y ninguna ceremonia lo demuestra mejor que los Grammy. En 2026, esta celebraci\u00f3n fue un verdadero fest\u00edn de estilos, donde la diversidad y la innovaci\u00f3n se unieron para brindar una experiencia inolvidable. Desde ritmos latinos [&hellip;]<\/p>\n","protected":false},"author":4,"featured_media":1106440,"comment_status":"open","ping_status":"closed","sticky":false,"template":"","format":"standard","meta":{"om_disable_all_campaigns":false,"jnews-multi-image_gallery":[],"jnews_single_post":[],"jnews_primary_category":[],"jnews_social_meta":[],"footnotes":""},"categories":[39],"tags":[55723,21732,6446,233985,25507,266150,82365,175193,13061,724,267,255830,28228,659,2282,966,2182],"class_list":["post-1106439","post","type-post","status-publish","format-standard","has-post-thumbnail","hentry","category-viajes","tag-55723","tag-alfombra-roja","tag-celebridades","tag-columna-digital","tag-coordinacion","tag-coordinacion-de-estilos","tag-dimension-turistica","tag-diseno-de-moda","tag-estilos","tag-eventos","tag-grammy","tag-grammy-2026","tag-magazine","tag-moda","tag-musica","tag-premios","tag-tendencias"],"_links":{"self":[{"href":"https:\/\/dimensionturistica.com\/es\/wp-json\/wp\/v2\/posts\/1106439","targetHints":{"allow":["GET"]}}],"collection":[{"href":"https:\/\/dimensionturistica.com\/es\/wp-json\/wp\/v2\/posts"}],"about":[{"href":"https:\/\/dimensionturistica.com\/es\/wp-json\/wp\/v2\/types\/post"}],"author":[{"embeddable":true,"href":"https:\/\/dimensionturistica.com\/es\/wp-json\/wp\/v2\/users\/4"}],"replies":[{"embeddable":true,"href":"https:\/\/dimensionturistica.com\/es\/wp-json\/wp\/v2\/comments?post=1106439"}],"version-history":[{"count":1,"href":"https:\/\/dimensionturistica.com\/es\/wp-json\/wp\/v2\/posts\/1106439\/revisions"}],"predecessor-version":[{"id":1106441,"href":"https:\/\/dimensionturistica.com\/es\/wp-json\/wp\/v2\/posts\/1106439\/revisions\/1106441"}],"wp:featuredmedia":[{"embeddable":true,"href":"https:\/\/dimensionturistica.com\/es\/wp-json\/wp\/v2\/media\/1106440"}],"wp:attachment":[{"href":"https:\/\/dimensionturistica.com\/es\/wp-json\/wp\/v2\/media?parent=1106439"}],"wp:term":[{"taxonomy":"category","embeddable":true,"href":"https:\/\/dimensionturistica.com\/es\/wp-json\/wp\/v2\/categories?post=1106439"},{"taxonomy":"post_tag","embeddable":true,"href":"https:\/\/dimensionturistica.com\/es\/wp-json\/wp\/v2\/tags?post=1106439"}],"curies":[{"name":"wp","href":"https:\/\/api.w.org\/{rel}","templated":true}]}}