{"id":1106366,"date":"2026-02-01T19:52:42","date_gmt":"2026-02-01T19:52:42","guid":{"rendered":"https:\/\/dimensionturistica.com\/es\/?p=1106366"},"modified":"2026-02-01T19:52:42","modified_gmt":"2026-02-01T19:52:42","slug":"pharrell-williams-teyana-taylor-y-cazadores-de-demonios-k-pop-se-preparan-para-la-noche-mas-grandiosa-de-la-musica-en-la-gala-pre-grammy-de-clive-davis","status":"publish","type":"post","link":"https:\/\/dimensionturistica.com\/es\/pharrell-williams-teyana-taylor-y-cazadores-de-demonios-k-pop-se-preparan-para-la-noche-mas-grandiosa-de-la-musica-en-la-gala-pre-grammy-de-clive-davis\/","title":{"rendered":"Pharrell Williams, Teyana Taylor y Cazadores de Demonios K-Pop Se Preparan para la Noche M\u00e1s Grandiosa de la M\u00fasica en la Gala Pre-Grammy de Clive Davis"},"content":{"rendered":"<h3>Glamour y M\u00fasica: La Gala Pre-Grammy que Marcar\u00e1 Tendencia<\/h3>\n<p>La v\u00edspera de los Grammy siempre promete ser un evento espectacular, y la gala organizada por Clive Davis no decepcion\u00f3. Este a\u00f1o, el evento deslumbr\u00f3 con una pasarela de estrellas que no solo celebraron la m\u00fasica, sino tambi\u00e9n un grandioso despliegue de moda que defini\u00f3 tendencias.<\/p>\n<h4>Momentos Estelares en la Alfombra Roja<\/h4>\n<p>Desde el primer destello de flashes de c\u00e1mara, la alfombra roja se convirti\u00f3 en un escenario de elegancia y personalidad. Las celebridades lucieron atuendos que desafiaron las convenciones, haciendo alarde de estilos distintivos que capturaron la atenci\u00f3n del p\u00fablico. De cl\u00e1sicas siluetas a arriesgados trajes de vanguardia, cada look fue m\u00e1s que un simple vestido: fue una declaraci\u00f3n.<\/p>\n<p>Una de las sorpresas de la noche fue el regreso de ciertas tendencias de d\u00e9cadas pasadas, revitalizadas con un toque contempor\u00e1neo. Los volantes, los brillos y las capas largas hicieron su aparici\u00f3n, evocando un aire de nostalgia mientras se manten\u00edan firmemente en el presente.<\/p>\n<h4>Colores que Cautivan<\/h4>\n<p>La paleta de colores no se qued\u00f3 atr\u00e1s. Los tonos vibrantes dominaban la escena: rojos intensos, azules el\u00e9ctricos y dorados brillantes, todos compitiendo por la atenci\u00f3n. Sin embargo, los tonos neutros tambi\u00e9n tuvieron su merecido protagonismo, aportando un contraste equilibrado y cl\u00e1sico entre las propuestas m\u00e1s audaces.<\/p>\n<p>Particular menci\u00f3n merece el uso inteligente de la sostenibilidad en la moda, con varios artistas eligiendo dise\u00f1os de casas que promueven pr\u00e1cticas responsables y eco-amigables. Este enfoque no solo reivindica la necesidad de una moda m\u00e1s consciente, sino que tambi\u00e9n establece un est\u00e1ndar para futuros eventos.<\/p>\n<h4>Estilos que Marcan \u00c9poca<\/h4>\n<p>Entre los artistas, los trajes personalizados destacaron como el s\u00edmbolo de una nueva era. Dise\u00f1adores de renombre se unieron a talentos emergentes para crear piezas \u00fanicas, fusionando la alta costura con la cultura pop. Este fen\u00f3meno no solo resalta la creatividad en el dise\u00f1o, sino tambi\u00e9n la importancia de la individualidad en un escenario donde la competencia es feroz.<\/p>\n<p>En particular, los trajes de dos piezas y los conjuntos coordinados dominaron el evento, con varias artistas eligiendo romper con el canon tradicional del vestido de gala. Esta elecci\u00f3n no solo aport\u00f3 comodidad, sino que reflej\u00f3 un deseo de autoexpresi\u00f3n y empoderamiento en el mundo de la moda.<\/p>\n<h4>Conclusi\u00f3n Visual<\/h4>\n<p>La gala Pre-Grammy de este a\u00f1o no fue solo una celebraci\u00f3n de la m\u00fasica, sino un verdadero fest\u00edn visual que dej\u00f3 claro que la moda y el arte son inseparables. Cada outfit elegido fue un recordatorio de que la autoexpresi\u00f3n en el vestuario no solo se limita a las cifras de ventas, sino que representa un movimiento cultural audaz que contin\u00faa evolucionando.<\/p>\n<p>Con cada edici\u00f3n, esta gala se establece m\u00e1s firmemente como un evento que no solo anticipa las tendencias musicales, sino que tambi\u00e9n marca el rumbo de la moda contempor\u00e1nea. A medida que nos acercamos a la noche de los Grammy, la expectativa por ver c\u00f3mo estas influencias se reflejar\u00e1n en el escenario principal es innegable. \u00a1El universo de la moda sigue girando y siempre tiene algo nuevo que ofrecer!<\/p>\n<p><em> &#8221; Fuentes www.vogue.com &#8221; <\/em><\/p>\n","protected":false},"excerpt":{"rendered":"<p>Glamour y M\u00fasica: La Gala Pre-Grammy que Marcar\u00e1 Tendencia La v\u00edspera de los Grammy siempre promete ser un evento espectacular, y la gala organizada por Clive Davis no decepcion\u00f3. Este a\u00f1o, el evento deslumbr\u00f3 con una pasarela de estrellas que no solo celebraron la m\u00fasica, sino tambi\u00e9n un grandioso despliegue de moda que defini\u00f3 tendencias. [&hellip;]<\/p>\n","protected":false},"author":14,"featured_media":1106367,"comment_status":"open","ping_status":"closed","sticky":false,"template":"","format":"standard","meta":{"om_disable_all_campaigns":false,"jnews-multi-image_gallery":[],"jnews_single_post":[],"jnews_primary_category":[],"jnews_social_meta":[],"footnotes":""},"categories":[144872],"tags":[209528,237,207107,249435,225,97321,207109,205283,207108,222529,203622],"class_list":["post-1106366","post","type-post","status-publish","format-standard","has-post-thumbnail","hentry","category-fashion","tag-awards-night","tag-celebrity","tag-clive-davis","tag-demon-hunters","tag-entertainment","tag-kpop","tag-music-event","tag-pharrell-williams","tag-pre-grammy-gala","tag-teyana-taylor","tag-vogue-parties"],"_links":{"self":[{"href":"https:\/\/dimensionturistica.com\/es\/wp-json\/wp\/v2\/posts\/1106366","targetHints":{"allow":["GET"]}}],"collection":[{"href":"https:\/\/dimensionturistica.com\/es\/wp-json\/wp\/v2\/posts"}],"about":[{"href":"https:\/\/dimensionturistica.com\/es\/wp-json\/wp\/v2\/types\/post"}],"author":[{"embeddable":true,"href":"https:\/\/dimensionturistica.com\/es\/wp-json\/wp\/v2\/users\/14"}],"replies":[{"embeddable":true,"href":"https:\/\/dimensionturistica.com\/es\/wp-json\/wp\/v2\/comments?post=1106366"}],"version-history":[{"count":1,"href":"https:\/\/dimensionturistica.com\/es\/wp-json\/wp\/v2\/posts\/1106366\/revisions"}],"predecessor-version":[{"id":1106368,"href":"https:\/\/dimensionturistica.com\/es\/wp-json\/wp\/v2\/posts\/1106366\/revisions\/1106368"}],"wp:featuredmedia":[{"embeddable":true,"href":"https:\/\/dimensionturistica.com\/es\/wp-json\/wp\/v2\/media\/1106367"}],"wp:attachment":[{"href":"https:\/\/dimensionturistica.com\/es\/wp-json\/wp\/v2\/media?parent=1106366"}],"wp:term":[{"taxonomy":"category","embeddable":true,"href":"https:\/\/dimensionturistica.com\/es\/wp-json\/wp\/v2\/categories?post=1106366"},{"taxonomy":"post_tag","embeddable":true,"href":"https:\/\/dimensionturistica.com\/es\/wp-json\/wp\/v2\/tags?post=1106366"}],"curies":[{"name":"wp","href":"https:\/\/api.w.org\/{rel}","templated":true}]}}