{"id":1106334,"date":"2026-02-01T18:51:18","date_gmt":"2026-02-01T18:51:18","guid":{"rendered":"https:\/\/dimensionturistica.com\/es\/?p=1106334"},"modified":"2026-02-01T18:51:18","modified_gmt":"2026-02-01T18:51:18","slug":"sigue-brillando-leon-ante-mexico-y-el-mundo-por-la-celebracion-de-sus-450-anos","status":"publish","type":"post","link":"https:\/\/dimensionturistica.com\/es\/sigue-brillando-leon-ante-mexico-y-el-mundo-por-la-celebracion-de-sus-450-anos\/","title":{"rendered":"Sigue brillando Le\u00f3n ante M\u00e9xico y el mundo por la celebraci\u00f3n de sus 450 a\u00f1os"},"content":{"rendered":"\n<figure class=\"wp-block-gallery has-nested-images columns-default is-cropped wp-block-gallery-1 is-layout-flex wp-block-gallery-is-layout-flex\">\n<figure class=\"wp-block-image size-large\"><img decoding=\"async\" width=\"474\" height=\"316\" data-id=\"1106335\" src=\"https:\/\/dimensionturistica.com\/es\/wp-content\/uploads\/2026\/02\/55leon.jpg\" alt=\"\" class=\"wp-image-1106335\" srcset=\"https:\/\/dimensionturistica.com\/es\/wp-content\/uploads\/2026\/02\/55leon.jpg 474w, https:\/\/dimensionturistica.com\/es\/wp-content\/uploads\/2026\/02\/55leon-300x200.jpg 300w\" sizes=\"(max-width: 474px) 100vw, 474px\" \/><\/figure>\n<\/figure>\n\n\n\n<p>En el marco de los festejos por los 450 a\u00f1os de la fundaci\u00f3n de Le\u00f3n, dos de los espacios m\u00e1s emblem\u00e1ticos de la ciudad fueron escenario de eventos conmemorativos que celebraron su historia, identidad y proyecci\u00f3n hacia el futuro, reafirmando a Le\u00f3n como una ciudad viva, vibrante y hospitalaria.<\/p>\n\n\n\n<figure class=\"wp-block-gallery has-nested-images columns-default is-cropped wp-block-gallery-2 is-layout-flex wp-block-gallery-is-layout-flex\">\n<figure class=\"wp-block-image size-large\"><img decoding=\"async\" width=\"500\" height=\"333\" data-id=\"1106336\" src=\"https:\/\/dimensionturistica.com\/es\/wp-content\/uploads\/2026\/02\/5leon.jpg\" alt=\"\" class=\"wp-image-1106336\" srcset=\"https:\/\/dimensionturistica.com\/es\/wp-content\/uploads\/2026\/02\/5leon.jpg 500w, https:\/\/dimensionturistica.com\/es\/wp-content\/uploads\/2026\/02\/5leon-300x200.jpg 300w\" sizes=\"(max-width: 500px) 100vw, 500px\" \/><\/figure>\n<\/figure>\n\n\n\n<p>En el Arco de la Calzada se realiz\u00f3 la proyecci\u00f3n de un video mapping que, a trav\u00e9s de im\u00e1genes, luz y sonido, narr\u00f3 la evoluci\u00f3n de Le\u00f3n y mostr\u00f3 a un municipio fuerte, pr\u00f3spero y abierto al turismo, generando una experiencia visual que conect\u00f3 el pasado con el presente.<\/p>\n\n\n\n<p>Al encabezar el evento, la presidenta municipal de Le\u00f3n, Ale Guti\u00e9rrez Campos, se\u00f1al\u00f3 que los 450 a\u00f1os de Le\u00f3n se celebran a lo grande y con visi\u00f3n de futuro, dejando regalos que transforman la ciudad y elevan la calidad de vida de las familias leonesas.<\/p>\n\n\n\n<figure class=\"wp-block-gallery has-nested-images columns-default is-cropped wp-block-gallery-3 is-layout-flex wp-block-gallery-is-layout-flex\">\n<figure class=\"wp-block-image size-large\"><img decoding=\"async\" width=\"500\" height=\"333\" data-id=\"1106337\" src=\"https:\/\/dimensionturistica.com\/es\/wp-content\/uploads\/2026\/02\/1leon.jpg\" alt=\"\" class=\"wp-image-1106337\" srcset=\"https:\/\/dimensionturistica.com\/es\/wp-content\/uploads\/2026\/02\/1leon.jpg 500w, https:\/\/dimensionturistica.com\/es\/wp-content\/uploads\/2026\/02\/1leon-300x200.jpg 300w\" sizes=\"(max-width: 500px) 100vw, 500px\" \/><\/figure>\n<\/figure>\n\n\n\n<p>\u201cLa gente de Le\u00f3n son actores de la historia y han marcado no solamente a esta ciudad, tambi\u00e9n al estado y a toda la naci\u00f3n y de eso nos tenemos que sentir orgullosos\u201d, destac\u00f3.<\/p>\n\n\n\n<p>En su oportunidad, el secretario de Gobierno del Estado de Guanajuato, Jorge Jim\u00e9nez Lona, record\u00f3 la historia que ha tenido Le\u00f3n a lo largo de 450 a\u00f1os, resaltando que el lema \u2018El trabajo todo lo vence\u2019 sigue vigente en la vida diaria de sus habitantes.<\/p>\n\n\n\n<figure class=\"wp-block-gallery has-nested-images columns-default is-cropped wp-block-gallery-4 is-layout-flex wp-block-gallery-is-layout-flex\">\n<figure class=\"wp-block-image size-large\"><img decoding=\"async\" width=\"500\" height=\"333\" data-id=\"1106338\" src=\"https:\/\/dimensionturistica.com\/es\/wp-content\/uploads\/2026\/02\/4leon.jpg\" alt=\"\" class=\"wp-image-1106338\" srcset=\"https:\/\/dimensionturistica.com\/es\/wp-content\/uploads\/2026\/02\/4leon.jpg 500w, https:\/\/dimensionturistica.com\/es\/wp-content\/uploads\/2026\/02\/4leon-300x200.jpg 300w\" sizes=\"(max-width: 500px) 100vw, 500px\" \/><\/figure>\n<\/figure>\n\n\n\n<p>Posteriormente, en el Templo Expiatorio del Sagrado Coraz\u00f3n de Jes\u00fas, la celebraci\u00f3n se convirti\u00f3 en un momento de profunda emoci\u00f3n con un concierto-recital conmemorativo, iluminado por decenas de velas que llenaron el recinto de luz, solemnidad y memoria.<\/p>\n\n\n\n<p>La m\u00fasica envolvi\u00f3 el espacio y acompa\u00f1\u00f3 el homenaje a los 450 a\u00f1os de historia, creando una experiencia \u00edntima que conect\u00f3 el pasado, el presente y el futuro de Le\u00f3n, dejando huella en la historia.<\/p>\n\n\n\n<figure class=\"wp-block-gallery has-nested-images columns-default is-cropped wp-block-gallery-5 is-layout-flex wp-block-gallery-is-layout-flex\">\n<figure class=\"wp-block-image size-large\"><img decoding=\"async\" width=\"500\" height=\"333\" data-id=\"1106339\" src=\"https:\/\/dimensionturistica.com\/es\/wp-content\/uploads\/2026\/02\/2leon.jpg\" alt=\"\" class=\"wp-image-1106339\" srcset=\"https:\/\/dimensionturistica.com\/es\/wp-content\/uploads\/2026\/02\/2leon.jpg 500w, https:\/\/dimensionturistica.com\/es\/wp-content\/uploads\/2026\/02\/2leon-300x200.jpg 300w\" sizes=\"(max-width: 500px) 100vw, 500px\" \/><\/figure>\n<\/figure>\n\n\n\n<p>Estos eventos se suman a diversas acciones con motivo de los festejos por los 450 a\u00f1os de Le\u00f3n, como el Billete Conmemorativo de la Loter\u00eda Nacional, la creaci\u00f3n de playeras conmemorativas de equipos emblem\u00e1ticos como el Club Le\u00f3n, Bravas y Abejas, y hasta el 6 de febrero contin\u00faa la Feria Estatal de Le\u00f3n, la m\u00e1s grande de Am\u00e9rica Latina, con juegos mec\u00e1nicos, \u00e1rea artesanal, gastron\u00f3mica, conciertos y m\u00e1s, que garantizan diversi\u00f3n para toda la familia.<\/p>\n\n\n\n<figure class=\"wp-block-gallery has-nested-images columns-default is-cropped wp-block-gallery-6 is-layout-flex wp-block-gallery-is-layout-flex\">\n<figure class=\"wp-block-image size-large\"><img decoding=\"async\" width=\"500\" height=\"333\" data-id=\"1106340\" src=\"https:\/\/dimensionturistica.com\/es\/wp-content\/uploads\/2026\/02\/3leon.jpg\" alt=\"\" class=\"wp-image-1106340\" srcset=\"https:\/\/dimensionturistica.com\/es\/wp-content\/uploads\/2026\/02\/3leon.jpg 500w, https:\/\/dimensionturistica.com\/es\/wp-content\/uploads\/2026\/02\/3leon-300x200.jpg 300w\" sizes=\"(max-width: 500px) 100vw, 500px\" \/><\/figure>\n<\/figure>\n\n\n\n<p>Adem\u00e1s, a lo largo de este 2026 habr\u00e1 grandes eventos como la carrera de los Barrios; el Marat\u00f3n Le\u00f3n 450, tambi\u00e9n se sumar\u00e1 a la fiebre mundialista al hospedar la Copa del Mundo y la organizaci\u00f3n de un fan fest, que proyectar\u00e1 a Le\u00f3n a nivel internacional; y se fortalecer\u00e1 en la Feria Nacional del Libro donde se contar\u00e1 con el Pabell\u00f3n 450.<\/p>\n\n\n\n<figure class=\"wp-block-gallery has-nested-images columns-default is-cropped wp-block-gallery-7 is-layout-flex wp-block-gallery-is-layout-flex\">\n<figure class=\"wp-block-image size-large\"><img decoding=\"async\" width=\"500\" height=\"333\" data-id=\"1106341\" src=\"https:\/\/dimensionturistica.com\/es\/wp-content\/uploads\/2026\/02\/8leon.jpg\" alt=\"\" class=\"wp-image-1106341\" srcset=\"https:\/\/dimensionturistica.com\/es\/wp-content\/uploads\/2026\/02\/8leon.jpg 500w, https:\/\/dimensionturistica.com\/es\/wp-content\/uploads\/2026\/02\/8leon-300x200.jpg 300w\" sizes=\"(max-width: 500px) 100vw, 500px\" \/><\/figure>\n<\/figure>\n\n\n\n<p>La directora de Hospitalidad y Turismo de Le\u00f3n, Yazm\u00edn Quiroz L\u00f3pez, inform\u00f3 que durante este a\u00f1o se tienen programados m\u00e1s de 130 eventos deportivos, culturales, de entretenimiento, as\u00ed como congresos, convenciones y exposiciones.<\/p>\n\n\n\n<figure class=\"wp-block-gallery has-nested-images columns-default is-cropped wp-block-gallery-8 is-layout-flex wp-block-gallery-is-layout-flex\">\n<figure class=\"wp-block-image size-large\"><img decoding=\"async\" width=\"500\" height=\"333\" data-id=\"1106342\" src=\"https:\/\/dimensionturistica.com\/es\/wp-content\/uploads\/2026\/02\/33leon.jpg\" alt=\"\" class=\"wp-image-1106342\" srcset=\"https:\/\/dimensionturistica.com\/es\/wp-content\/uploads\/2026\/02\/33leon.jpg 500w, https:\/\/dimensionturistica.com\/es\/wp-content\/uploads\/2026\/02\/33leon-300x200.jpg 300w\" sizes=\"(max-width: 500px) 100vw, 500px\" \/><\/figure>\n<\/figure>\n\n\n\n<p>A esto se suman atractivos tur\u00edsticos como el Arco de la Calzada y el Templo Expiatorio, \u00edconos de la ciudad, as\u00ed como el Parque Metropolitano, el Distrito Le\u00f3n MX, la Zona Piel, el Museo de Arte e Historia de Guanajuato y el Centro de Ciencias Explora, entre otros; aunado a la infraestructura tur\u00edstica integrada por 9 mil habitaciones y m\u00e1s de 680 establecimientos de alimentos y bebidas; as\u00ed como una conectividad carretera y a\u00e9rea estrat\u00e9gica que conecta a Le\u00f3n con las principales ciudades del pa\u00eds, reafirmando su liderazgo como destino tur\u00edstico de talla nacional e internacional.<\/p>\n","protected":false},"excerpt":{"rendered":"<p>En el marco de los festejos por los 450 a\u00f1os de la fundaci\u00f3n de Le\u00f3n, dos de los espacios m\u00e1s emblem\u00e1ticos de la ciudad fueron escenario de eventos conmemorativos que celebraron su historia, identidad y proyecci\u00f3n hacia el futuro, reafirmando a Le\u00f3n como una ciudad viva, vibrante y hospitalaria. En el Arco de la Calzada [&hellip;]<\/p>\n","protected":false},"author":1,"featured_media":0,"comment_status":"open","ping_status":"closed","sticky":false,"template":"","format":"standard","meta":{"om_disable_all_campaigns":false,"jnews-multi-image_gallery":[],"jnews_single_post":[],"jnews_primary_category":[],"jnews_social_meta":[],"footnotes":""},"categories":[39],"tags":[],"class_list":["post-1106334","post","type-post","status-publish","format-standard","hentry","category-viajes"],"_links":{"self":[{"href":"https:\/\/dimensionturistica.com\/es\/wp-json\/wp\/v2\/posts\/1106334","targetHints":{"allow":["GET"]}}],"collection":[{"href":"https:\/\/dimensionturistica.com\/es\/wp-json\/wp\/v2\/posts"}],"about":[{"href":"https:\/\/dimensionturistica.com\/es\/wp-json\/wp\/v2\/types\/post"}],"author":[{"embeddable":true,"href":"https:\/\/dimensionturistica.com\/es\/wp-json\/wp\/v2\/users\/1"}],"replies":[{"embeddable":true,"href":"https:\/\/dimensionturistica.com\/es\/wp-json\/wp\/v2\/comments?post=1106334"}],"version-history":[{"count":1,"href":"https:\/\/dimensionturistica.com\/es\/wp-json\/wp\/v2\/posts\/1106334\/revisions"}],"predecessor-version":[{"id":1106343,"href":"https:\/\/dimensionturistica.com\/es\/wp-json\/wp\/v2\/posts\/1106334\/revisions\/1106343"}],"wp:attachment":[{"href":"https:\/\/dimensionturistica.com\/es\/wp-json\/wp\/v2\/media?parent=1106334"}],"wp:term":[{"taxonomy":"category","embeddable":true,"href":"https:\/\/dimensionturistica.com\/es\/wp-json\/wp\/v2\/categories?post=1106334"},{"taxonomy":"post_tag","embeddable":true,"href":"https:\/\/dimensionturistica.com\/es\/wp-json\/wp\/v2\/tags?post=1106334"}],"curies":[{"name":"wp","href":"https:\/\/api.w.org\/{rel}","templated":true}]}}