{"id":1106301,"date":"2026-02-01T17:10:45","date_gmt":"2026-02-01T17:10:45","guid":{"rendered":"https:\/\/dimensionturistica.com\/es\/?p=1106301"},"modified":"2026-02-01T17:10:45","modified_gmt":"2026-02-01T17:10:45","slug":"escasez-de-tiempo-libre-e-ingreso-impactan-bienestar-de-hogares-con-ninas-y-ninos-pequenos","status":"publish","type":"post","link":"https:\/\/dimensionturistica.com\/es\/escasez-de-tiempo-libre-e-ingreso-impactan-bienestar-de-hogares-con-ninas-y-ninos-pequenos\/","title":{"rendered":"Escasez de tiempo libre e ingreso impactan bienestar de hogares con ni\u00f1as y ni\u00f1os peque\u00f1os"},"content":{"rendered":"\n<figure class=\"wp-block-gallery has-nested-images columns-default is-cropped wp-block-gallery-1 is-layout-flex wp-block-gallery-is-layout-flex\">\n<figure class=\"wp-block-image size-large\"><img decoding=\"async\" width=\"500\" height=\"214\" data-id=\"1106302\" src=\"https:\/\/dimensionturistica.com\/es\/wp-content\/uploads\/2026\/02\/1IBERO.jpg\" alt=\"\" class=\"wp-image-1106302\" srcset=\"https:\/\/dimensionturistica.com\/es\/wp-content\/uploads\/2026\/02\/1IBERO.jpg 500w, https:\/\/dimensionturistica.com\/es\/wp-content\/uploads\/2026\/02\/1IBERO-300x128.jpg 300w\" sizes=\"(max-width: 500px) 100vw, 500px\" \/><\/figure>\n<\/figure>\n\n\n\n<p>El tiempo libre es algo escaso en los hogares donde hay ni\u00f1as y ni\u00f1os menores a los 5 a\u00f1os, donde los padres, pero sobre todo las madres tienden a sufrir de depresi\u00f3n y ansiedad, afirm\u00f3 el Dr. Oscar A. Mart\u00ednez-Mart\u00ednez, Acad\u00e9mico del Departamento de Ciencias Sociales y Pol\u00edticas de la Universidad Iberoamericana (IBERO).<\/p>\n\n\n\n<p>El especialista realiz\u00f3 una investigaci\u00f3n para el Observatorio Materno Infantil (OMI) de la IBERO sobre los efectos que tienen las distintas variables de bienestar en los hogares con ni\u00f1as y ni\u00f1os de los 0 a los 5 a\u00f1os y los hogares en los que no hay menores de edad, tales como el tr\u00e1fico vehicular, los desplazamientos y las horas de trabajo, que tienen efectos en la salud mental.<\/p>\n\n\n\n<p>Acot\u00f3 que otro hallazgo del estudio revel\u00f3 que el ingreso en los hogares donde hay ni\u00f1as y ni\u00f1os de los 0 a los 5 a\u00f1os es mucho menor en comparaci\u00f3n con los que no tienen menores, lo que ocasiona falta de acceso a alimentos nutritivos para tener una vida m\u00e1s saludable (inseguridad alimentaria) y falta de acceso a la cultura, pues a pesar de que haya centros gratuitos no tienen tiempo libre.<\/p>\n\n\n\n<figure class=\"wp-block-gallery has-nested-images columns-default is-cropped wp-block-gallery-2 is-layout-flex wp-block-gallery-is-layout-flex\">\n<figure class=\"wp-block-image size-large\"><img decoding=\"async\" width=\"700\" height=\"400\" data-id=\"1106303\" src=\"https:\/\/dimensionturistica.com\/es\/wp-content\/uploads\/2026\/02\/5IBERO.jpg\" alt=\"\" class=\"wp-image-1106303\" srcset=\"https:\/\/dimensionturistica.com\/es\/wp-content\/uploads\/2026\/02\/5IBERO.jpg 700w, https:\/\/dimensionturistica.com\/es\/wp-content\/uploads\/2026\/02\/5IBERO-300x171.jpg 300w\" sizes=\"(max-width: 700px) 100vw, 700px\" \/><\/figure>\n<\/figure>\n\n\n\n<p>Abund\u00f3 que en estos hogares con menores de edad existen brechas de desigualdad y la inseguridad alimentaria es un elemento que genera que las madres y los padres no puedan involucrarse en las redes barriales o ciudadanas, que tambi\u00e9n se convierten en sistemas de apoyo y de cuidado.<\/p>\n\n\n\n<p>&#8220;Las mujeres hacen doble o triple jornada. A veces van a trabajar de forma remunerada, m\u00e1s el trabajo del hogar y el de cuidados de menores, lo que compromete su salud mental, sus parejas no se involucran en el trabajo de cuidados. Adem\u00e1s, pierden oportunidades de empleo por cumplir roles tradicionales&#8221;, subray\u00f3.<\/p>\n\n\n\n<p>Para entender mejor lo que significa el concepto de bienestar, el Dr. Mart\u00ednez-Mart\u00ednez indic\u00f3 que se aborda de una manera multidimensional, es decir, est\u00e1 dividido en tres macro dimensiones sumado a otro concepto llamado capital social.<\/p>\n\n\n\n<p>\u2022Bienestar objetivo: incluye alimentaci\u00f3n, ingreso, condiciones del hogar (si hay hacinamiento, de qu\u00e9 materiales est\u00e1 construido, si cuenta con servicios como drenaje, etc.), tiempo libre, salud mental, acceso a la salud y acceso a Internet<\/p>\n\n\n\n<p>\u2022Bienestar subjetivo: que tiene que ver con la satisfacci\u00f3n que tiene una persona en las distintas \u00e1reas de su vida como la salud, el trabajo, las relaciones y el sentido de vida, la felicidad y la realizaci\u00f3n<\/p>\n\n\n\n<p>\u2022Bienestar comunitario: que haya seguridad p\u00fablica y paz social en una comunidad, infraestructura p\u00fablica (alumbrado, banquetas, parques) que permitan una calidad de vida digna<\/p>\n\n\n\n<p>\u2022Capital social: son las redes de apoyo y normas a nivel de barrio, que ayudan a los integrantes de una comunidad a facilitar acceso a recursos que impactan la salud f\u00edsica y mental como la vigilancia ciudadana, la promoci\u00f3n de actividades deportivas<\/p>\n\n\n\n<p>El investigador puso el ejemplo de una persona que radica en Sinaloa y cuenta con un nivel educativo e ingresos muy altos, pero vive en un estado donde la criminalidad generan factores estresantes. &#8220;Puedes tener cosas materiales, pero si tu salud mental y lo comunitario est\u00e1n completamente rotos tienes un problema de bienestar&#8221;.<\/p>\n\n\n\n<p>Concluy\u00f3 que el ingreso es muy relevante dentro del bienestar porque permite tener salud f\u00edsica y mental, adem\u00e1s de que da un margen para comprar medicinas y recibir atenci\u00f3n en hospitales o cl\u00ednicas privadas cuando los p\u00fablicos est\u00e1n saturados, situaci\u00f3n que deber\u00eda tomarse en cuenta en las pol\u00edticas p\u00fablicas.<\/p>\n","protected":false},"excerpt":{"rendered":"<p>El tiempo libre es algo escaso en los hogares donde hay ni\u00f1as y ni\u00f1os menores a los 5 a\u00f1os, donde los padres, pero sobre todo las madres tienden a sufrir de depresi\u00f3n y ansiedad, afirm\u00f3 el Dr. Oscar A. Mart\u00ednez-Mart\u00ednez, Acad\u00e9mico del Departamento de Ciencias Sociales y Pol\u00edticas de la Universidad Iberoamericana (IBERO). El especialista [&hellip;]<\/p>\n","protected":false},"author":1,"featured_media":0,"comment_status":"open","ping_status":"closed","sticky":false,"template":"","format":"standard","meta":{"om_disable_all_campaigns":false,"jnews-multi-image_gallery":[],"jnews_single_post":{"format":"standard"},"jnews_primary_category":[],"jnews_social_meta":[],"footnotes":""},"categories":[40],"tags":[],"class_list":["post-1106301","post","type-post","status-publish","format-standard","hentry","category-industria"],"_links":{"self":[{"href":"https:\/\/dimensionturistica.com\/es\/wp-json\/wp\/v2\/posts\/1106301","targetHints":{"allow":["GET"]}}],"collection":[{"href":"https:\/\/dimensionturistica.com\/es\/wp-json\/wp\/v2\/posts"}],"about":[{"href":"https:\/\/dimensionturistica.com\/es\/wp-json\/wp\/v2\/types\/post"}],"author":[{"embeddable":true,"href":"https:\/\/dimensionturistica.com\/es\/wp-json\/wp\/v2\/users\/1"}],"replies":[{"embeddable":true,"href":"https:\/\/dimensionturistica.com\/es\/wp-json\/wp\/v2\/comments?post=1106301"}],"version-history":[{"count":1,"href":"https:\/\/dimensionturistica.com\/es\/wp-json\/wp\/v2\/posts\/1106301\/revisions"}],"predecessor-version":[{"id":1106304,"href":"https:\/\/dimensionturistica.com\/es\/wp-json\/wp\/v2\/posts\/1106301\/revisions\/1106304"}],"wp:attachment":[{"href":"https:\/\/dimensionturistica.com\/es\/wp-json\/wp\/v2\/media?parent=1106301"}],"wp:term":[{"taxonomy":"category","embeddable":true,"href":"https:\/\/dimensionturistica.com\/es\/wp-json\/wp\/v2\/categories?post=1106301"},{"taxonomy":"post_tag","embeddable":true,"href":"https:\/\/dimensionturistica.com\/es\/wp-json\/wp\/v2\/tags?post=1106301"}],"curies":[{"name":"wp","href":"https:\/\/api.w.org\/{rel}","templated":true}]}}