{"id":1106029,"date":"2026-01-31T19:48:34","date_gmt":"2026-01-31T19:48:34","guid":{"rendered":"https:\/\/dimensionturistica.com\/es\/?p=1106029"},"modified":"2026-01-31T19:48:34","modified_gmt":"2026-01-31T19:48:34","slug":"outfits-con-mocasines-marrones-y-jeans-para-la-transicion-a-la-primavera-2026","status":"publish","type":"post","link":"https:\/\/dimensionturistica.com\/es\/outfits-con-mocasines-marrones-y-jeans-para-la-transicion-a-la-primavera-2026\/","title":{"rendered":"Outfits con mocasines marrones y jeans para la transici\u00f3n a la primavera 2026"},"content":{"rendered":"<h3>El Estilo Atemporal de los Mocasines Color Caf\u00e9: La Combinaci\u00f3n Perfecta con Jeans<\/h3>\n<p>Con la llegada de la nueva temporada, los mocasines color caf\u00e9 se posicionan como una opci\u00f3n chic y vers\u00e1til que todos pueden incorporar a su guardarropa. No solo se trata de un calzado, sino de una declaraci\u00f3n de estilo que, combinada con jeans, crea un look sofisticado y relajado al mismo tiempo. Aqu\u00ed te contamos c\u00f3mo llevarlos con elegancia antes de que la primavera se adue\u00f1e de nuestras calles.<\/p>\n<h4>Elegancia Casual: La Magia de los Jeans<\/h4>\n<p>La clave para un look impactante radica en elegir el par de jeans perfecto. Opta por aquellos que te hagan sentir c\u00f3moda y segura. Jeans ajustados, de corte recto o incluso wide-leg, todas las opciones son v\u00e1lidas. Los tonos m\u00e1s claros de denim van a la perfecci\u00f3n con los mocasines caf\u00e9, aportando un contraste fresco que llama la atenci\u00f3n. Adem\u00e1s, los jeans rotos aportan un aire desenfadado, ideal para un encuentro casual.<\/p>\n<h4>Elegir la Parte Superior Adecuada<\/h4>\n<p>Para equilibrar el conjunto, la parte superior debe complementar el calzado. Camisas oversized, blusas de seda o su\u00e9teres ligeros crean una armon\u00eda visual que destaca los mocasines. Los colores neutros son siempre una elecci\u00f3n segura, mientras que un toque de color o patrones sutiles pueden aportar un giro inesperado a tu atuendo. <\/p>\n<h4>Accesorios que Hacen la Diferencia<\/h4>\n<p>No olvides que los accesorios son el puente que une todas las piezas de tu look. Un cintur\u00f3n de cuero del mismo tono que los mocasines puede realzar la silueta y un bolso estructurado a\u00f1ade un toque de profesionalismo. Opta por joyer\u00eda minimalista que no distraiga del conjunto, pero que, a la vez, complete la personalidad del atuendo.<\/p>\n<h4>La Versatilidad del Mocasin<\/h4>\n<p>Lo que hace que los mocasines color caf\u00e9 sean una elecci\u00f3n id\u00f3nea es su versatilidad. Perfectos para un d\u00eda en la oficina, una salida casual o incluso una cita, solo es cuesti\u00f3n de ajustar los detalles. Prueba combinarlos con una blusa estampada y chaqueta de mezclilla para un look primaveral, o con un blazer para un toque m\u00e1s elegante.<\/p>\n<h4>Tendencias del Momento<\/h4>\n<p>Este a\u00f1o, los mocasines color caf\u00e9 no solo se llevan en su versi\u00f3n cl\u00e1sica. Las reinterpretaciones modernas incluyen texturas variadas y acabados brillantes. Un dise\u00f1o con detalles met\u00e1licos, por ejemplo, puede elevar tu atuendo y proporcionar un aire contempor\u00e1neo. Mantente atenta a las tendencias emergentes que aportar\u00e1n frescura a tu estilo habitual.<\/p>\n<h3>En Resumen<\/h3>\n<p>Los mocasines color caf\u00e9 son m\u00e1s que un simple calzado: son un s\u00edmbolo de elegancia y comodidad. Combinarlos con jeans te permitir\u00e1 disfrutar de una experiencia estil\u00edstica \u00fanica y atemporal. Adopta estas recomendaciones y transforma tu guardarropa en uno lleno de posibilidades para esta antesala de primavera. \u00a1Time to step up your style!<\/p>\n<p><em> &#8221; Fuentes www.vogue.mx &#8221; <\/em><\/p>\n","protected":false},"excerpt":{"rendered":"<p>El Estilo Atemporal de los Mocasines Color Caf\u00e9: La Combinaci\u00f3n Perfecta con Jeans Con la llegada de la nueva temporada, los mocasines color caf\u00e9 se posicionan como una opci\u00f3n chic y vers\u00e1til que todos pueden incorporar a su guardarropa. No solo se trata de un calzado, sino de una declaraci\u00f3n de estilo que, combinada con [&hellip;]<\/p>\n","protected":false},"author":14,"featured_media":1106030,"comment_status":"open","ping_status":"closed","sticky":false,"template":"","format":"standard","meta":{"om_disable_all_campaigns":false,"jnews-multi-image_gallery":[],"jnews_single_post":[],"jnews_primary_category":[],"jnews_social_meta":[],"footnotes":""},"categories":[144872],"tags":[55723,2317,7758,16596,14971,200527,659,8301,2182,16753],"class_list":["post-1106029","post","type-post","status-publish","format-standard","has-post-thumbnail","hentry","category-fashion","tag-55723","tag-cafe","tag-estilo","tag-jeans","tag-looks","tag-mocasines","tag-moda","tag-primavera","tag-tendencias","tag-zapatos"],"_links":{"self":[{"href":"https:\/\/dimensionturistica.com\/es\/wp-json\/wp\/v2\/posts\/1106029","targetHints":{"allow":["GET"]}}],"collection":[{"href":"https:\/\/dimensionturistica.com\/es\/wp-json\/wp\/v2\/posts"}],"about":[{"href":"https:\/\/dimensionturistica.com\/es\/wp-json\/wp\/v2\/types\/post"}],"author":[{"embeddable":true,"href":"https:\/\/dimensionturistica.com\/es\/wp-json\/wp\/v2\/users\/14"}],"replies":[{"embeddable":true,"href":"https:\/\/dimensionturistica.com\/es\/wp-json\/wp\/v2\/comments?post=1106029"}],"version-history":[{"count":1,"href":"https:\/\/dimensionturistica.com\/es\/wp-json\/wp\/v2\/posts\/1106029\/revisions"}],"predecessor-version":[{"id":1106031,"href":"https:\/\/dimensionturistica.com\/es\/wp-json\/wp\/v2\/posts\/1106029\/revisions\/1106031"}],"wp:featuredmedia":[{"embeddable":true,"href":"https:\/\/dimensionturistica.com\/es\/wp-json\/wp\/v2\/media\/1106030"}],"wp:attachment":[{"href":"https:\/\/dimensionturistica.com\/es\/wp-json\/wp\/v2\/media?parent=1106029"}],"wp:term":[{"taxonomy":"category","embeddable":true,"href":"https:\/\/dimensionturistica.com\/es\/wp-json\/wp\/v2\/categories?post=1106029"},{"taxonomy":"post_tag","embeddable":true,"href":"https:\/\/dimensionturistica.com\/es\/wp-json\/wp\/v2\/tags?post=1106029"}],"curies":[{"name":"wp","href":"https:\/\/api.w.org\/{rel}","templated":true}]}}