{"id":1105956,"date":"2026-01-31T16:37:52","date_gmt":"2026-01-31T16:37:52","guid":{"rendered":"https:\/\/dimensionturistica.com\/es\/?p=1105956"},"modified":"2026-01-31T16:37:52","modified_gmt":"2026-01-31T16:37:52","slug":"vive-san-valentin-en-las-alturas-en-aztlan-feria-de-chapultepec","status":"publish","type":"post","link":"https:\/\/dimensionturistica.com\/es\/vive-san-valentin-en-las-alturas-en-aztlan-feria-de-chapultepec\/","title":{"rendered":"Vive San Valent\u00edn en las alturas en Aztl\u00e1n Feria de Chapultepec"},"content":{"rendered":"\n<figure class=\"wp-block-gallery has-nested-images columns-default is-cropped wp-block-gallery-1 is-layout-flex wp-block-gallery-is-layout-flex\">\n<figure class=\"wp-block-image size-large\"><img decoding=\"async\" width=\"500\" height=\"305\" data-id=\"1105957\" src=\"https:\/\/dimensionturistica.com\/es\/wp-content\/uploads\/2026\/01\/6AMOR.jpg\" alt=\"\" class=\"wp-image-1105957\" srcset=\"https:\/\/dimensionturistica.com\/es\/wp-content\/uploads\/2026\/01\/6AMOR.jpg 500w, https:\/\/dimensionturistica.com\/es\/wp-content\/uploads\/2026\/01\/6AMOR-300x183.jpg 300w\" sizes=\"(max-width: 500px) 100vw, 500px\" \/><\/figure>\n<\/figure>\n\n\n\n<p>Febrero llega a la Ciudad de M\u00e9xico con puente, romance y un toque de suspenso, y Aztl\u00e1n Feria de Chapultepec re\u00fane la combinaci\u00f3n ideal para que cada visita durante este mes se convierta en una historia para contar. Ya sea en plan familiar durante el fin de semana largo del 2 de febrero, en pareja rumbo al D\u00eda de San Valent\u00edn o simplemente con amigos que buscan diversi\u00f3n, Aztl\u00e1n ofrece opciones para todos los gustos.<\/p>\n\n\n\n<figure class=\"wp-block-gallery has-nested-images columns-default is-cropped wp-block-gallery-2 is-layout-flex wp-block-gallery-is-layout-flex\">\n<figure class=\"wp-block-image size-large\"><img decoding=\"async\" width=\"500\" height=\"374\" data-id=\"1105958\" src=\"https:\/\/dimensionturistica.com\/es\/wp-content\/uploads\/2026\/01\/2AMOR.jpg\" alt=\"\" class=\"wp-image-1105958\" srcset=\"https:\/\/dimensionturistica.com\/es\/wp-content\/uploads\/2026\/01\/2AMOR.jpg 500w, https:\/\/dimensionturistica.com\/es\/wp-content\/uploads\/2026\/01\/2AMOR-300x224.jpg 300w\" sizes=\"(max-width: 500px) 100vw, 500px\" \/><\/figure>\n<\/figure>\n\n\n\n<p>Para quienes celebran el amor, la rueda de la fortuna Aztl\u00e1n 360 se transforma en el escenario perfecto. La Cabina Platino San Valent\u00edn ofrece una experiencia VIP pensada para dos personas que quieren ver la ciudad desde lo m\u00e1s alto, en un momento \u00edntimo y especial. La experiencia incluye una tabla gourmet con carnes fr\u00edas, quesos finos, frutos secos y fresas cubiertas con chocolate, una botella mini de champagne para brindar en las alturas, bouquet de flores naturales, palomitas, bebidas y un peluche sorpresa de los personajes de Aztl\u00e1n. Todo esto en una cabina privada que convierte el paseo en un recuerdo inolvidable. La experiencia est\u00e1 disponible a trav\u00e9s de la plataforma Fever (https:\/\/feverup.com\/m\/357089) y se mantiene vigente hasta el 28 de febrero de 2026.<\/p>\n\n\n\n<figure class=\"wp-block-gallery has-nested-images columns-default is-cropped wp-block-gallery-3 is-layout-flex wp-block-gallery-is-layout-flex\"><\/figure>\n\n\n\n<figure class=\"wp-block-gallery has-nested-images columns-default is-cropped wp-block-gallery-4 is-layout-flex wp-block-gallery-is-layout-flex\">\n<figure class=\"wp-block-image size-large\"><img decoding=\"async\" width=\"500\" height=\"625\" data-id=\"1105959\" src=\"https:\/\/dimensionturistica.com\/es\/wp-content\/uploads\/2026\/01\/1AMOR.jpg\" alt=\"\" class=\"wp-image-1105959\" srcset=\"https:\/\/dimensionturistica.com\/es\/wp-content\/uploads\/2026\/01\/1AMOR.jpg 500w, https:\/\/dimensionturistica.com\/es\/wp-content\/uploads\/2026\/01\/1AMOR-240x300.jpg 240w\" sizes=\"(max-width: 500px) 100vw, 500px\" \/><\/figure>\n<\/figure>\n\n\n\n<p>Pero febrero en Aztl\u00e1n no solo se vive con corazones, tambi\u00e9n con latidos acelerados. Hacienda Maldita, la experiencia inmersiva de suspenso del parque, sigue abierta al p\u00fablico y suma un incentivo perfecto para quienes aman la adrenalina y el terror. Con la promoci\u00f3n 2&#215;1, los visitantes que realicen consumo en cualquiera de los restaurantes del parque pueden acceder a esta atracci\u00f3n de terror mostrando ticket. Es el plan ideal para despu\u00e9s de comer en familia o con amigos y darle un giro inesperado al d\u00eda. La promoci\u00f3n se mantiene vigente hasta el 30 de abril de 2026 (excepto del 2 al 5 de abril).<\/p>\n\n\n\n<figure class=\"wp-block-gallery has-nested-images columns-default is-cropped wp-block-gallery-5 is-layout-flex wp-block-gallery-is-layout-flex\">\n<figure class=\"wp-block-image size-large\"><img decoding=\"async\" width=\"500\" height=\"888\" data-id=\"1105960\" src=\"https:\/\/dimensionturistica.com\/es\/wp-content\/uploads\/2026\/01\/3AMOR.jpg\" alt=\"\" class=\"wp-image-1105960\" srcset=\"https:\/\/dimensionturistica.com\/es\/wp-content\/uploads\/2026\/01\/3AMOR.jpg 500w, https:\/\/dimensionturistica.com\/es\/wp-content\/uploads\/2026\/01\/3AMOR-169x300.jpg 169w\" sizes=\"(max-width: 500px) 100vw, 500px\" \/><\/figure>\n<\/figure>\n\n\n\n<p>As\u00ed, Aztl\u00e1n Feria de Chapultepec se convierte en el lugar donde un mismo d\u00eda puede incluir una vista rom\u00e1ntica desde las alturas, un recorrido gastron\u00f3mico y una experiencia de suspenso que pone a prueba los nervios. Un espacio que mezcla tradici\u00f3n, entretenimiento y nuevas formas de vivir el tiempo libre en la ciudad.<\/p>\n\n\n\n<p>Todos los detalles, t\u00e9rminos, condiciones y calendario operativo pueden consultarse en el sitio oficial: www.aztlanferiadechapultepec.com<\/p>\n","protected":false},"excerpt":{"rendered":"<p>Febrero llega a la Ciudad de M\u00e9xico con puente, romance y un toque de suspenso, y Aztl\u00e1n Feria de Chapultepec re\u00fane la combinaci\u00f3n ideal para que cada visita durante este mes se convierta en una historia para contar. Ya sea en plan familiar durante el fin de semana largo del 2 de febrero, en pareja [&hellip;]<\/p>\n","protected":false},"author":1,"featured_media":0,"comment_status":"open","ping_status":"closed","sticky":false,"template":"","format":"standard","meta":{"om_disable_all_campaigns":false,"jnews-multi-image_gallery":[],"jnews_single_post":[],"jnews_primary_category":[],"jnews_social_meta":[],"footnotes":""},"categories":[144872],"tags":[],"class_list":["post-1105956","post","type-post","status-publish","format-standard","hentry","category-fashion"],"_links":{"self":[{"href":"https:\/\/dimensionturistica.com\/es\/wp-json\/wp\/v2\/posts\/1105956","targetHints":{"allow":["GET"]}}],"collection":[{"href":"https:\/\/dimensionturistica.com\/es\/wp-json\/wp\/v2\/posts"}],"about":[{"href":"https:\/\/dimensionturistica.com\/es\/wp-json\/wp\/v2\/types\/post"}],"author":[{"embeddable":true,"href":"https:\/\/dimensionturistica.com\/es\/wp-json\/wp\/v2\/users\/1"}],"replies":[{"embeddable":true,"href":"https:\/\/dimensionturistica.com\/es\/wp-json\/wp\/v2\/comments?post=1105956"}],"version-history":[{"count":1,"href":"https:\/\/dimensionturistica.com\/es\/wp-json\/wp\/v2\/posts\/1105956\/revisions"}],"predecessor-version":[{"id":1105961,"href":"https:\/\/dimensionturistica.com\/es\/wp-json\/wp\/v2\/posts\/1105956\/revisions\/1105961"}],"wp:attachment":[{"href":"https:\/\/dimensionturistica.com\/es\/wp-json\/wp\/v2\/media?parent=1105956"}],"wp:term":[{"taxonomy":"category","embeddable":true,"href":"https:\/\/dimensionturistica.com\/es\/wp-json\/wp\/v2\/categories?post=1105956"},{"taxonomy":"post_tag","embeddable":true,"href":"https:\/\/dimensionturistica.com\/es\/wp-json\/wp\/v2\/tags?post=1105956"}],"curies":[{"name":"wp","href":"https:\/\/api.w.org\/{rel}","templated":true}]}}