{"id":1105933,"date":"2026-01-31T15:57:15","date_gmt":"2026-01-31T15:57:15","guid":{"rendered":"https:\/\/dimensionturistica.com\/es\/?p=1105933"},"modified":"2026-01-31T15:57:15","modified_gmt":"2026-01-31T15:57:15","slug":"fundacion-grisi-y-alianza-etica-para-la-salud-lanzan-la-app-c-control-para-pacientes-oncologicos","status":"publish","type":"post","link":"https:\/\/dimensionturistica.com\/es\/fundacion-grisi-y-alianza-etica-para-la-salud-lanzan-la-app-c-control-para-pacientes-oncologicos\/","title":{"rendered":"Fundaci\u00f3n Grisi y Alianza \u00c9tica para la Salud lanzan la app C-Control para pacientes oncol\u00f3gicos"},"content":{"rendered":"\n<figure class=\"wp-block-gallery has-nested-images columns-default is-cropped wp-block-gallery-1 is-layout-flex wp-block-gallery-is-layout-flex\">\n<figure class=\"wp-block-image size-large\"><img decoding=\"async\" width=\"500\" height=\"93\" data-id=\"1105934\" src=\"https:\/\/dimensionturistica.com\/es\/wp-content\/uploads\/2026\/01\/1GRISI.jpg\" alt=\"\" class=\"wp-image-1105934\" srcset=\"https:\/\/dimensionturistica.com\/es\/wp-content\/uploads\/2026\/01\/1GRISI.jpg 500w, https:\/\/dimensionturistica.com\/es\/wp-content\/uploads\/2026\/01\/1GRISI-300x56.jpg 300w\" sizes=\"(max-width: 500px) 100vw, 500px\" \/><\/figure>\n<\/figure>\n\n\n\n<p>&nbsp;En el marco del tercer aniversario de la Alianza \u00c9tica para la Salud, y bajo el lema &amp;quot;El Paciente en el Centro&amp;quot;, Fundaci\u00f3n Grisi present\u00f3 C- Control. Esta innovadora aplicaci\u00f3n gratuita surge como una herramienta tecnol\u00f3gica indispensable para que las personas con cualquier tipo de c\u00e1ncer en M\u00e9xico tomen el control de su tratamiento y mejoren su calidad de vida.<\/p>\n\n\n\n<figure class=\"wp-block-gallery has-nested-images columns-default is-cropped wp-block-gallery-2 is-layout-flex wp-block-gallery-is-layout-flex\">\n<figure class=\"wp-block-image size-large\"><img decoding=\"async\" width=\"500\" height=\"302\" data-id=\"1105935\" src=\"https:\/\/dimensionturistica.com\/es\/wp-content\/uploads\/2026\/01\/6GRISI.jpg\" alt=\"\" class=\"wp-image-1105935\" srcset=\"https:\/\/dimensionturistica.com\/es\/wp-content\/uploads\/2026\/01\/6GRISI.jpg 500w, https:\/\/dimensionturistica.com\/es\/wp-content\/uploads\/2026\/01\/6GRISI-300x181.jpg 300w\" sizes=\"(max-width: 500px) 100vw, 500px\" \/><\/figure>\n<\/figure>\n\n\n\n<p>El lanzamiento se llev\u00f3 a cabo en el Instituto de Investigaciones Biom\u00e9dicas de la UNAM, consolidando un esfuerzo conjunto entre Fundaci\u00f3n Grisi, el programa VAPORTI Contra el C\u00e1ncer de P\u00e1ncreas, y el respaldo de m\u00e1s de 50 organizaciones del sector salud nacional.<\/p>\n\n\n\n<p>\u201cC-Control no es solo una plataforma de registro; es un ecosistema dise\u00f1ado para reducir el estr\u00e9s del paciente y generar confianza a trav\u00e9s del manejo eficiente de la informaci\u00f3n. La aplicaci\u00f3n permite que cada usuario construya su expediente cl\u00ednico personal, convirti\u00e9ndose en corresponsable de su salud y optimizando cada visita al m\u00e9dico\u201d, comparti\u00f3 Fernanda Pastrana, directora del programa VAPORTI de Fundaci\u00f3n Grisi.<\/p>\n\n\n\n<figure class=\"wp-block-gallery has-nested-images columns-default is-cropped wp-block-gallery-3 is-layout-flex wp-block-gallery-is-layout-flex\">\n<figure class=\"wp-block-image size-large\"><img decoding=\"async\" width=\"500\" height=\"333\" data-id=\"1105936\" src=\"https:\/\/dimensionturistica.com\/es\/wp-content\/uploads\/2026\/01\/1SALUD-4.jpg\" alt=\"\" class=\"wp-image-1105936\" srcset=\"https:\/\/dimensionturistica.com\/es\/wp-content\/uploads\/2026\/01\/1SALUD-4.jpg 500w, https:\/\/dimensionturistica.com\/es\/wp-content\/uploads\/2026\/01\/1SALUD-4-300x200.jpg 300w\" sizes=\"(max-width: 500px) 100vw, 500px\" \/><\/figure>\n<\/figure>\n\n\n\n<p>Funcionalidades clave de C-Control<\/p>\n\n\n\n<p>Conceptualizada desde 2022 con el apoyo de onc\u00f3logos y pacientes, la aplicaci\u00f3n ofrece una interfaz intuitiva para organizar datos cr\u00edticos:<\/p>\n\n\n\n<p>\u25cf Gesti\u00f3n Integral: Registro de perfil m\u00e9dico, historia cl\u00ednica, procedimientos y tratamientos vigentes.<\/p>\n\n\n\n<p>\u25cf Seguimiento de Salud: Control de medicamentos, estudios de laboratorio y calendario de citas.<\/p>\n\n\n\n<p>\u25cf Monitoreo Biopsicosocial: Herramientas para registrar el estado f\u00edsico y emocional<\/p>\n\n\n\n<figure class=\"wp-block-gallery has-nested-images columns-default is-cropped wp-block-gallery-4 is-layout-flex wp-block-gallery-is-layout-flex\">\n<figure class=\"wp-block-image size-large\"><img decoding=\"async\" width=\"500\" height=\"350\" data-id=\"1105937\" src=\"https:\/\/dimensionturistica.com\/es\/wp-content\/uploads\/2026\/01\/2GRISI.jpg\" alt=\"\" class=\"wp-image-1105937\" srcset=\"https:\/\/dimensionturistica.com\/es\/wp-content\/uploads\/2026\/01\/2GRISI.jpg 500w, https:\/\/dimensionturistica.com\/es\/wp-content\/uploads\/2026\/01\/2GRISI-300x210.jpg 300w\" sizes=\"(max-width: 500px) 100vw, 500px\" \/><\/figure>\n<\/figure>\n\n\n\n<p>diario (\u00e1nimo, fatiga, dolor y s\u00edntomas espec\u00edficos como n\u00e1useas o fiebre).<\/p>\n\n\n\n<p>\u25cf Directorio y Recursos: Acceso a contactos clave, gu\u00edas de nutrici\u00f3n y dietas<\/p>\n\n\n\n<p>especializadas. Adem\u00e1s de beneficiar al paciente, C-Control es una herramienta estrat\u00e9gica para el cuidador primario. Al concentrar informaci\u00f3n como el historial familiar y la sintomatolog\u00eda en un solo lugar, la app permite compartir reportes detallados y res\u00famenes anuales con los especialistas, favoreciendo la adherencia terap\u00e9utica y la resiliencia operativa del tratamiento.<\/p>\n\n\n\n<p>Con C-Control, el paciente oncol\u00f3gico deja de ser un espectador para convertirse en el protagonista de su proceso. Buscamos facilitar una comunicaci\u00f3n clara y eficiente con el equipo m\u00e9dico para tomar decisiones informadas, apunta Constanza Linares, directora de Fundaci\u00f3n Grisi.<\/p>\n\n\n\n<figure class=\"wp-block-gallery has-nested-images columns-default is-cropped wp-block-gallery-5 is-layout-flex wp-block-gallery-is-layout-flex\">\n<figure class=\"wp-block-image size-large\"><img decoding=\"async\" width=\"500\" height=\"333\" data-id=\"1105938\" src=\"https:\/\/dimensionturistica.com\/es\/wp-content\/uploads\/2026\/01\/7SALUD.jpg\" alt=\"\" class=\"wp-image-1105938\" srcset=\"https:\/\/dimensionturistica.com\/es\/wp-content\/uploads\/2026\/01\/7SALUD.jpg 500w, https:\/\/dimensionturistica.com\/es\/wp-content\/uploads\/2026\/01\/7SALUD-300x200.jpg 300w\" sizes=\"(max-width: 500px) 100vw, 500px\" \/><\/figure>\n<\/figure>\n\n\n\n<p>El desaf\u00edo del c\u00e1ncer en M\u00e9xico<\/p>\n\n\n\n<p>El c\u00e1ncer se ha consolidado como la tercera causa de muerte en M\u00e9xico. Seg\u00fan datos recientes del INCan y el INEGI, en 2023 se registraron 91,562 defunciones por tumores malignos, lo que representa el 11.4% de la mortalidad nacional.<\/p>\n\n\n\n<p>Actualmente, el pa\u00eds suma m\u00e1s de 207,000 nuevos casos anuales, encabezados por el c\u00e1ncer de mama, pr\u00f3stata y colorrectal. Especial atenci\u00f3n demanda el c\u00e1ncer de p\u00e1ncreas, que a pesar de registrar entre 4,500 y 7,000 casos al a\u00f1o, destaca como uno de los m\u00e1s agresivos y letales.<\/p>\n\n\n\n<figure class=\"wp-block-gallery has-nested-images columns-default is-cropped wp-block-gallery-6 is-layout-flex wp-block-gallery-is-layout-flex\">\n<figure class=\"wp-block-image size-large\"><img decoding=\"async\" width=\"500\" height=\"750\" data-id=\"1105939\" src=\"https:\/\/dimensionturistica.com\/es\/wp-content\/uploads\/2026\/01\/2SALUD-2.jpg\" alt=\"\" class=\"wp-image-1105939\" srcset=\"https:\/\/dimensionturistica.com\/es\/wp-content\/uploads\/2026\/01\/2SALUD-2.jpg 500w, https:\/\/dimensionturistica.com\/es\/wp-content\/uploads\/2026\/01\/2SALUD-2-200x300.jpg 200w\" sizes=\"(max-width: 500px) 100vw, 500px\" \/><\/figure>\n<\/figure>\n\n\n\n<p>Ante este panorama, el monitoreo estrat\u00e9gico y el seguimiento digital de la enfermedad son fundamentales para transformar el pron\u00f3stico de los pacientes y optimizar la atenci\u00f3n m\u00e9dica en el pa\u00eds.<\/p>\n\n\n\n<p>La aplicaci\u00f3n C-Control ya se encuentra disponible para su descarga gratuita. Los interesados pueden obtener m\u00e1s informaci\u00f3n y acceder a la plataforma a trav\u00e9s de su sitio oficial: https:\/\/c-control.fundaciongrisi.com\/<\/p>\n","protected":false},"excerpt":{"rendered":"<p>&nbsp;En el marco del tercer aniversario de la Alianza \u00c9tica para la Salud, y bajo el lema &amp;quot;El Paciente en el Centro&amp;quot;, Fundaci\u00f3n Grisi present\u00f3 C- Control. Esta innovadora aplicaci\u00f3n gratuita surge como una herramienta tecnol\u00f3gica indispensable para que las personas con cualquier tipo de c\u00e1ncer en M\u00e9xico tomen el control de su tratamiento y [&hellip;]<\/p>\n","protected":false},"author":1,"featured_media":0,"comment_status":"open","ping_status":"closed","sticky":false,"template":"","format":"standard","meta":{"om_disable_all_campaigns":false,"jnews-multi-image_gallery":[],"jnews_single_post":{"format":"standard"},"jnews_primary_category":[],"jnews_social_meta":[],"footnotes":""},"categories":[144872],"tags":[],"class_list":["post-1105933","post","type-post","status-publish","format-standard","hentry","category-fashion"],"_links":{"self":[{"href":"https:\/\/dimensionturistica.com\/es\/wp-json\/wp\/v2\/posts\/1105933","targetHints":{"allow":["GET"]}}],"collection":[{"href":"https:\/\/dimensionturistica.com\/es\/wp-json\/wp\/v2\/posts"}],"about":[{"href":"https:\/\/dimensionturistica.com\/es\/wp-json\/wp\/v2\/types\/post"}],"author":[{"embeddable":true,"href":"https:\/\/dimensionturistica.com\/es\/wp-json\/wp\/v2\/users\/1"}],"replies":[{"embeddable":true,"href":"https:\/\/dimensionturistica.com\/es\/wp-json\/wp\/v2\/comments?post=1105933"}],"version-history":[{"count":1,"href":"https:\/\/dimensionturistica.com\/es\/wp-json\/wp\/v2\/posts\/1105933\/revisions"}],"predecessor-version":[{"id":1105940,"href":"https:\/\/dimensionturistica.com\/es\/wp-json\/wp\/v2\/posts\/1105933\/revisions\/1105940"}],"wp:attachment":[{"href":"https:\/\/dimensionturistica.com\/es\/wp-json\/wp\/v2\/media?parent=1105933"}],"wp:term":[{"taxonomy":"category","embeddable":true,"href":"https:\/\/dimensionturistica.com\/es\/wp-json\/wp\/v2\/categories?post=1105933"},{"taxonomy":"post_tag","embeddable":true,"href":"https:\/\/dimensionturistica.com\/es\/wp-json\/wp\/v2\/tags?post=1105933"}],"curies":[{"name":"wp","href":"https:\/\/api.w.org\/{rel}","templated":true}]}}