{"id":1105822,"date":"2026-01-31T08:33:18","date_gmt":"2026-01-31T08:33:18","guid":{"rendered":"https:\/\/dimensionturistica.com\/es\/?p=1105822"},"modified":"2026-01-31T08:33:18","modified_gmt":"2026-01-31T08:33:18","slug":"marcas-de-belleza-los-mejores-estilos-de-la-semana-6","status":"publish","type":"post","link":"https:\/\/dimensionturistica.com\/es\/marcas-de-belleza-los-mejores-estilos-de-la-semana-6\/","title":{"rendered":"Marcas de Belleza: Los Mejores Estilos de la Semana"},"content":{"rendered":"<h3>Tendencias de Belleza que Marcan el Ritmo Esta Semana<\/h3>\n<p>La semana ha tra\u00eddo consigo una explosi\u00f3n de creatividad en el mundo de la belleza, con looks que no solo deslumbran, sino que tambi\u00e9n inspiran. Desde desfiles de alta costura hasta alfombras rojas, las celebridades est\u00e1n rompiendo barreras y llevando la est\u00e9tica a nuevos niveles. Aqu\u00ed te presentamos los looks m\u00e1s impactantes que han dominado la escena.<\/p>\n<h4>Ojos que Hipnotizan<\/h4>\n<p>Uno de los elementos m\u00e1s destacados son los ojos, que esta semana han sido el lienzo perfecto para expresiones art\u00edsticas. Las sombras vibrantes y los delineados gr\u00e1ficos se apoderan de las miradas, creando un efecto cautivador. Tonos met\u00e1licos y destellos brillantes complementan la paleta, garantizando que cada mirada sea inolvidable.<\/p>\n<h4>Labios que Cuentan Historias<\/h4>\n<p>Los labios tambi\u00e9n han jugado un papel crucial, con tonalidades que van desde el nude sofisticado hasta rojos intensos. El gloss ha regresado con fuerza, aportando un acabado jugoso y atractivo que capta la atenci\u00f3n. Labios bien definidos y destacados son una declaraci\u00f3n audaz, convirti\u00e9ndose en el punto focal de varios looks.<\/p>\n<h4>Piel Radiante<\/h4>\n<p>La tendencia de la piel luminosa contin\u00faa en ascenso. La est\u00e9tica de &#8220;no maquillaje&#8221; se ha llevado a otro nivel, con pieles que parecen estar ba\u00f1adas por la luz. El uso de iluminadores sutiles y t\u00e9cnicas de contorno ligero han permitido a las personalidades destacar sus rasgos sin parecer excesivas. La frescura y la naturalidad son clave para lograr este efecto.<\/p>\n<h4>Estilo en el Cabello<\/h4>\n<p>El cabello tambi\u00e9n ha cosechado su parte de elogios esta semana. Las melenas sueltas con ondas suaves han hecho una resurrecci\u00f3n espectacular. Adem\u00e1s, las trenzas y recogidos elaborados han demostrado ser una forma ideal de a\u00f1adir un toque de sofisticaci\u00f3n. La versatilidad del cabello es evidente, llevando a los estilismos m\u00e1s all\u00e1 de lo cotidiano.<\/p>\n<h4>Art\u00edculos Imprescindibles<\/h4>\n<p>La industria de la belleza est\u00e1 repleta de productos que han causado sensaci\u00f3n esta semana. Desde paletas de sombras innovadoras hasta labiales de larga duraci\u00f3n, los lanzamientos son cada vez m\u00e1s emocionantes. La atenci\u00f3n al detalle en los envases tambi\u00e9n ha sido notable, elevando el acto de aplicarse maquillaje a una experiencia est\u00e9tica.<\/p>\n<h4>Inspiraci\u00f3n en Redes Sociales<\/h4>\n<p>Los looks de esta semana han ganado popularidad en plataformas digitales, donde los hashtags relacionados se han vuelto trending. La interacci\u00f3n con publicaciones de belleza se ha intensificado, lo que demuestra que la comunidad est\u00e1 m\u00e1s \u00e1vida que nunca de compartir y descubrir nuevas tendencias.<\/p>\n<p>Esta din\u00e1mica de innovaci\u00f3n y creatividad en el \u00e1mbito de la belleza no muestra signos de desaceleraci\u00f3n. Las semanas de la moda y los eventos de gala siguen siendo el terreno f\u00e9rtil para que surjan estilos audaces que cautivan al mundo entero. Mantente alerta, porque cada semana promete nuevas revelaciones que empujan los l\u00edmites de lo que entendemos por belleza.<\/p>\n<p><em> &#8221; Fuentes www.vogue.com &#8221; <\/em><\/p>\n","protected":false},"excerpt":{"rendered":"<p>Tendencias de Belleza que Marcan el Ritmo Esta Semana La semana ha tra\u00eddo consigo una explosi\u00f3n de creatividad en el mundo de la belleza, con looks que no solo deslumbran, sino que tambi\u00e9n inspiran. Desde desfiles de alta costura hasta alfombras rojas, las celebridades est\u00e1n rompiendo barreras y llevando la est\u00e9tica a nuevos niveles. Aqu\u00ed [&hellip;]<\/p>\n","protected":false},"author":14,"featured_media":1105824,"comment_status":"open","ping_status":"closed","sticky":false,"template":"","format":"standard","meta":{"om_disable_all_campaigns":false,"jnews-multi-image_gallery":[],"jnews_single_post":[],"jnews_primary_category":[],"jnews_social_meta":[],"footnotes":""},"categories":[144872],"tags":[208639,72867,201306,204028,190460,166,120469,198593,217117,372,6194,373,198563],"class_list":["post-1105822","post","type-post","status-publish","format-standard","has-post-thumbnail","hentry","category-fashion","tag-_votingservice_app","tag-beauty","tag-beauty-looks","tag-beauty-marks","tag-cosmetics","tag-fashion","tag-highlight","tag-makeup","tag-storytypenews-trending","tag-style","tag-trends","tag-web","tag-weekly-roundup"],"_links":{"self":[{"href":"https:\/\/dimensionturistica.com\/es\/wp-json\/wp\/v2\/posts\/1105822","targetHints":{"allow":["GET"]}}],"collection":[{"href":"https:\/\/dimensionturistica.com\/es\/wp-json\/wp\/v2\/posts"}],"about":[{"href":"https:\/\/dimensionturistica.com\/es\/wp-json\/wp\/v2\/types\/post"}],"author":[{"embeddable":true,"href":"https:\/\/dimensionturistica.com\/es\/wp-json\/wp\/v2\/users\/14"}],"replies":[{"embeddable":true,"href":"https:\/\/dimensionturistica.com\/es\/wp-json\/wp\/v2\/comments?post=1105822"}],"version-history":[{"count":1,"href":"https:\/\/dimensionturistica.com\/es\/wp-json\/wp\/v2\/posts\/1105822\/revisions"}],"predecessor-version":[{"id":1105825,"href":"https:\/\/dimensionturistica.com\/es\/wp-json\/wp\/v2\/posts\/1105822\/revisions\/1105825"}],"wp:featuredmedia":[{"embeddable":true,"href":"https:\/\/dimensionturistica.com\/es\/wp-json\/wp\/v2\/media\/1105824"}],"wp:attachment":[{"href":"https:\/\/dimensionturistica.com\/es\/wp-json\/wp\/v2\/media?parent=1105822"}],"wp:term":[{"taxonomy":"category","embeddable":true,"href":"https:\/\/dimensionturistica.com\/es\/wp-json\/wp\/v2\/categories?post=1105822"},{"taxonomy":"post_tag","embeddable":true,"href":"https:\/\/dimensionturistica.com\/es\/wp-json\/wp\/v2\/tags?post=1105822"}],"curies":[{"name":"wp","href":"https:\/\/api.w.org\/{rel}","templated":true}]}}