{"id":1105641,"date":"2026-01-31T15:07:51","date_gmt":"2026-01-31T15:07:51","guid":{"rendered":"https:\/\/dimensionturistica.com\/es\/?p=1105641"},"modified":"2026-01-31T15:07:51","modified_gmt":"2026-01-31T15:07:51","slug":"el-sector-ferretero-y-de-la-construccion-proyectan-un-2026-de-crecimiento-profesionalizacion-e-innovacion","status":"publish","type":"post","link":"https:\/\/dimensionturistica.com\/es\/el-sector-ferretero-y-de-la-construccion-proyectan-un-2026-de-crecimiento-profesionalizacion-e-innovacion\/","title":{"rendered":"El Sector ferretero y de la construcci\u00f3n proyectan un 2026 de crecimiento, profesionalizaci\u00f3n e innovaci\u00f3n"},"content":{"rendered":"\n<figure class=\"wp-block-gallery has-nested-images columns-default is-cropped wp-block-gallery-1 is-layout-flex wp-block-gallery-is-layout-flex\">\n<figure class=\"wp-block-image size-large\"><img decoding=\"async\" width=\"1024\" height=\"199\" data-id=\"1105642\" src=\"https:\/\/dimensionturistica.com\/es\/wp-content\/uploads\/2026\/01\/unnamed-1024x199.png\" alt=\"\" class=\"wp-image-1105642\" srcset=\"https:\/\/dimensionturistica.com\/es\/wp-content\/uploads\/2026\/01\/unnamed-1024x199.png 1024w, https:\/\/dimensionturistica.com\/es\/wp-content\/uploads\/2026\/01\/unnamed-300x58.png 300w, https:\/\/dimensionturistica.com\/es\/wp-content\/uploads\/2026\/01\/unnamed-768x150.png 768w, https:\/\/dimensionturistica.com\/es\/wp-content\/uploads\/2026\/01\/unnamed-1536x299.png 1536w, https:\/\/dimensionturistica.com\/es\/wp-content\/uploads\/2026\/01\/unnamed-750x146.png 750w, https:\/\/dimensionturistica.com\/es\/wp-content\/uploads\/2026\/01\/unnamed-1140x222.png 1140w, https:\/\/dimensionturistica.com\/es\/wp-content\/uploads\/2026\/01\/unnamed.png 1808w\" sizes=\"(max-width: 1024px) 100vw, 1024px\" \/><\/figure>\n<\/figure>\n\n\n\n<p>De cara a 2026, el sector ferretero en M\u00e9xico se perfila como uno de los pilares clave para el desarrollo econ\u00f3mico del pa\u00eds, impulsado por la din\u00e1mica de la industria de la construcci\u00f3n, el fortalecimiento de las pymes y una creciente adopci\u00f3n de innovaci\u00f3n, tecnolog\u00eda y profesionalizaci\u00f3n en los puntos de venta.<\/p>\n\n\n\n<figure class=\"wp-block-gallery has-nested-images columns-default is-cropped wp-block-gallery-2 is-layout-flex wp-block-gallery-is-layout-flex\">\n<figure class=\"wp-block-image size-large\"><img decoding=\"async\" width=\"639\" height=\"479\" data-id=\"1105643\" src=\"https:\/\/dimensionturistica.com\/es\/wp-content\/uploads\/2026\/01\/unnamed.jpg\" alt=\"\" class=\"wp-image-1105643\" srcset=\"https:\/\/dimensionturistica.com\/es\/wp-content\/uploads\/2026\/01\/unnamed.jpg 639w, https:\/\/dimensionturistica.com\/es\/wp-content\/uploads\/2026\/01\/unnamed-300x225.jpg 300w\" sizes=\"(max-width: 639px) 100vw, 639px\" \/><\/figure>\n<\/figure>\n\n\n\n<p>De acuerdo con datos del INEGI, el Comercio al por Menor de Art\u00edculos de Ferreter\u00eda, Tlapaler\u00eda y Vidrios registr\u00f3 en el segundo trimestre de 2024 un Producto Interno Bruto de 3.43 mil millones de pesos, lo que represent\u00f3 un crecimiento del 6.9% respecto al trimestre anterior. A ello se suma una base s\u00f3lida de 172,942 unidades econ\u00f3micas activas a nivel nacional, concentradas principalmente en el Estado de M\u00e9xico, Ciudad de M\u00e9xico y Jalisco, entidades que contin\u00faan liderando la actividad del sector.<\/p>\n\n\n\n<figure class=\"wp-block-gallery has-nested-images columns-default is-cropped wp-block-gallery-3 is-layout-flex wp-block-gallery-is-layout-flex\">\n<figure class=\"wp-block-image size-large\"><img decoding=\"async\" width=\"500\" height=\"333\" data-id=\"1105920\" src=\"https:\/\/dimensionturistica.com\/es\/wp-content\/uploads\/2026\/01\/22FERRE.jpg\" alt=\"\" class=\"wp-image-1105920\" srcset=\"https:\/\/dimensionturistica.com\/es\/wp-content\/uploads\/2026\/01\/22FERRE.jpg 500w, https:\/\/dimensionturistica.com\/es\/wp-content\/uploads\/2026\/01\/22FERRE-300x200.jpg 300w\" sizes=\"(max-width: 500px) 100vw, 500px\" \/><\/figure>\n<\/figure>\n\n\n\n<p>Durante el primer trimestre de 2025, este subsector gener\u00f3 empleo para cerca de un mill\u00f3n de personas, con una participaci\u00f3n femenina del 35.6%, reflejando una fuerza laboral diversa y en constante evoluci\u00f3n.<\/p>\n\n\n\n<p>Este crecimiento se ve directamente influenciado por el desempe\u00f1o de la industria de la construcci\u00f3n, que en 2024 emple\u00f3 a aproximadamente 8.5 millones de personas y aport\u00f3 el 6% del PIB nacional.<\/p>\n\n\n\n<figure class=\"wp-block-gallery has-nested-images columns-default is-cropped wp-block-gallery-4 is-layout-flex wp-block-gallery-is-layout-flex\">\n<figure class=\"wp-block-image size-large\"><img decoding=\"async\" width=\"500\" height=\"333\" data-id=\"1105921\" src=\"https:\/\/dimensionturistica.com\/es\/wp-content\/uploads\/2026\/01\/15FERRA.jpg\" alt=\"\" class=\"wp-image-1105921\" srcset=\"https:\/\/dimensionturistica.com\/es\/wp-content\/uploads\/2026\/01\/15FERRA.jpg 500w, https:\/\/dimensionturistica.com\/es\/wp-content\/uploads\/2026\/01\/15FERRA-300x200.jpg 300w\" sizes=\"(max-width: 500px) 100vw, 500px\" \/><\/figure>\n<\/figure>\n\n\n\n<p>Dentro de este sector, la subindustria de trabajos especializados \u2014como instalaciones el\u00e9ctricas, plomer\u00eda, acabados y soluciones t\u00e9cnicas\u2014 ha sido la de mayor dinamismo en los \u00faltimos 15 a\u00f1os, con una tasa de crecimiento anual del 3.2%, muy por encima del promedio de la econom\u00eda nacional.<\/p>\n\n\n\n<p>Un factor determinante para las expectativas positivas hacia 2026 es el papel de las peque\u00f1as y medianas empresas. Las pymes generan m\u00e1s del 78% de los ingresos en la subindustria de trabajos especializados y han demostrado una alta capacidad de adaptaci\u00f3n en entornos econ\u00f3micos retadores. La digitalizaci\u00f3n, el acceso a herramientas financieras y el uso estrat\u00e9gico de la informaci\u00f3n se han convertido en condiciones indispensables para competir, crecer y sostenerse en el mercado.<\/p>\n\n\n\n<figure class=\"wp-block-gallery has-nested-images columns-default is-cropped wp-block-gallery-5 is-layout-flex wp-block-gallery-is-layout-flex\"><\/figure>\n\n\n\n<figure class=\"wp-block-gallery has-nested-images columns-default is-cropped wp-block-gallery-6 is-layout-flex wp-block-gallery-is-layout-flex\">\n<figure class=\"wp-block-image size-large\"><img decoding=\"async\" width=\"500\" height=\"750\" data-id=\"1105922\" src=\"https:\/\/dimensionturistica.com\/es\/wp-content\/uploads\/2026\/01\/12FERTE.jpg\" alt=\"\" class=\"wp-image-1105922\" srcset=\"https:\/\/dimensionturistica.com\/es\/wp-content\/uploads\/2026\/01\/12FERTE.jpg 500w, https:\/\/dimensionturistica.com\/es\/wp-content\/uploads\/2026\/01\/12FERTE-200x300.jpg 200w\" sizes=\"(max-width: 500px) 100vw, 500px\" \/><\/figure>\n<\/figure>\n\n\n\n<p>En este contexto, Expo Nacional Ferretera Ciudad de M\u00e9xico se consolida como una plataforma estrat\u00e9gica para conectar a los distintos actores del ecosistema ferretero y de la construcci\u00f3n, facilitar el intercambio de conocimiento, presentar innovaci\u00f3n y generar oportunidades de negocio que respondan a las necesidades actuales y futuras del sector.<\/p>\n\n\n\n<p>La segunda edici\u00f3n de Expo Ferretera, que se llevar\u00e1 a cabo del 24 al 26 de febrero de 2026 en Centro Banamex, se consolida como un espacio fundamental para la industria, dise\u00f1ado para anticipar tendencias, fortalecer alianzas comerciales y preparar a los profesionales del sector para los retos y oportunidades del pr\u00f3ximo a\u00f1o.<\/p>\n\n\n\n<p>En esta edici\u00f3n, la expo ampl\u00eda su alcance con nuevas verticales que responden a la demanda del mercado: electricidad, herramienta vehicular y plomer\u00eda, ofreciendo a los visitantes y expositores una visi\u00f3n completa de la evoluci\u00f3n y diversificaci\u00f3n del sector.<\/p>\n\n\n\n<p>Adem\u00e1s de la exhibici\u00f3n de productos y soluciones innovadoras, el evento contar\u00e1 con actividades de actualizaci\u00f3n y conferencias especializadas,&nbsp; lo que lo convierte en un punto de encuentro estrat\u00e9gico para fabricantes, distribuidores y profesionales que buscan mantenerse a la vanguardia y consolidar relaciones clave en la industria ferretera.<\/p>\n\n\n\n<p>Para conocer m\u00e1s informaci\u00f3n, consultar el programa y realizar su registro, el cual se mantendr\u00e1 de manera gratuita hasta el 09 de febrero, visite el sitio oficial: www.expoferreteracdmx.com.mx. Para aquellos que piensan emprender o abrir un nuevo negocio, esta es la oportunidad ideal para apostar por el sector ferretero y descubrir las tendencias y soluciones que marcar\u00e1n el futuro de la industria.<\/p>\n","protected":false},"excerpt":{"rendered":"<p>De cara a 2026, el sector ferretero en M\u00e9xico se perfila como uno de los pilares clave para el desarrollo econ\u00f3mico del pa\u00eds, impulsado por la din\u00e1mica de la industria de la construcci\u00f3n, el fortalecimiento de las pymes y una creciente adopci\u00f3n de innovaci\u00f3n, tecnolog\u00eda y profesionalizaci\u00f3n en los puntos de venta. De acuerdo con [&hellip;]<\/p>\n","protected":false},"author":1,"featured_media":0,"comment_status":"open","ping_status":"closed","sticky":false,"template":"","format":"standard","meta":{"om_disable_all_campaigns":false,"jnews-multi-image_gallery":[],"jnews_single_post":{"format":"standard"},"jnews_primary_category":[],"jnews_social_meta":[],"footnotes":""},"categories":[40],"tags":[],"class_list":["post-1105641","post","type-post","status-publish","format-standard","hentry","category-industria"],"_links":{"self":[{"href":"https:\/\/dimensionturistica.com\/es\/wp-json\/wp\/v2\/posts\/1105641","targetHints":{"allow":["GET"]}}],"collection":[{"href":"https:\/\/dimensionturistica.com\/es\/wp-json\/wp\/v2\/posts"}],"about":[{"href":"https:\/\/dimensionturistica.com\/es\/wp-json\/wp\/v2\/types\/post"}],"author":[{"embeddable":true,"href":"https:\/\/dimensionturistica.com\/es\/wp-json\/wp\/v2\/users\/1"}],"replies":[{"embeddable":true,"href":"https:\/\/dimensionturistica.com\/es\/wp-json\/wp\/v2\/comments?post=1105641"}],"version-history":[{"count":1,"href":"https:\/\/dimensionturistica.com\/es\/wp-json\/wp\/v2\/posts\/1105641\/revisions"}],"predecessor-version":[{"id":1105923,"href":"https:\/\/dimensionturistica.com\/es\/wp-json\/wp\/v2\/posts\/1105641\/revisions\/1105923"}],"wp:attachment":[{"href":"https:\/\/dimensionturistica.com\/es\/wp-json\/wp\/v2\/media?parent=1105641"}],"wp:term":[{"taxonomy":"category","embeddable":true,"href":"https:\/\/dimensionturistica.com\/es\/wp-json\/wp\/v2\/categories?post=1105641"},{"taxonomy":"post_tag","embeddable":true,"href":"https:\/\/dimensionturistica.com\/es\/wp-json\/wp\/v2\/tags?post=1105641"}],"curies":[{"name":"wp","href":"https:\/\/api.w.org\/{rel}","templated":true}]}}