{"id":1105565,"date":"2026-01-30T14:57:03","date_gmt":"2026-01-30T14:57:03","guid":{"rendered":"https:\/\/dimensionturistica.com\/es\/?p=1105565"},"modified":"2026-01-30T14:57:03","modified_gmt":"2026-01-30T14:57:03","slug":"de-los-70-por-los-70-anos-puma-y-mccann-rinden-homenaje-a-sporting-cristal-en-una-campana-aniversario","status":"publish","type":"post","link":"https:\/\/dimensionturistica.com\/es\/de-los-70-por-los-70-anos-puma-y-mccann-rinden-homenaje-a-sporting-cristal-en-una-campana-aniversario\/","title":{"rendered":"De los 70 por los 70 a\u00f1os: PUMA y McCANN\u00a0 rinden homenaje a Sporting Cristal en una campa\u00f1a aniversario"},"content":{"rendered":"\n<p><\/p>\n\n\n\n<figure class=\"wp-block-gallery has-nested-images columns-default is-cropped wp-block-gallery-1 is-layout-flex wp-block-gallery-is-layout-flex\">\n<figure class=\"wp-block-image size-large\"><img decoding=\"async\" width=\"500\" height=\"278\" data-id=\"1105566\" src=\"https:\/\/dimensionturistica.com\/es\/wp-content\/uploads\/2026\/01\/1PERU.jpg\" alt=\"\" class=\"wp-image-1105566\" srcset=\"https:\/\/dimensionturistica.com\/es\/wp-content\/uploads\/2026\/01\/1PERU.jpg 500w, https:\/\/dimensionturistica.com\/es\/wp-content\/uploads\/2026\/01\/1PERU-300x167.jpg 300w\" sizes=\"(max-width: 500px) 100vw, 500px\" \/><\/figure>\n<\/figure>\n\n\n\n<p>PUMA y McCANN Per\u00fa celebran los 70 a\u00f1os del Club Sporting Cristal con una idea que convierte la historia en lenguaje creativo. Inspirada en la camiseta utilizada en la final del Campeonato Peruano de 1970 \u2014definida por un segundo tiempo legendario\u2014, la marca lanza una edici\u00f3n especial que funciona como un puente entre generaciones y resignifica uno de los momentos m\u00e1s emblem\u00e1ticos del f\u00fatbol peruano.<\/p>\n\n\n\n<p>La campa\u00f1a se completa con un film cinematogr\u00e1fico que reimagina aquel partido hist\u00f3rico. Lejos de una recreaci\u00f3n literal o nost\u00e1lgica, la pieza propone una narrativa \u00e9pica donde pasado y presente conviven en un mismo tiempo simb\u00f3lico: jugadores actuales, referentes hist\u00f3ricos y cuerpo t\u00e9cnico se cruzan en un relato, unidos por una camiseta y una emoci\u00f3n que sigue viva en la memoria colectiva del f\u00fatbol peruano.<\/p>\n\n\n\n<figure class=\"wp-block-gallery has-nested-images columns-default is-cropped wp-block-gallery-2 is-layout-flex wp-block-gallery-is-layout-flex\">\n<figure class=\"wp-block-image size-large\"><img decoding=\"async\" width=\"500\" height=\"281\" data-id=\"1105567\" src=\"https:\/\/dimensionturistica.com\/es\/wp-content\/uploads\/2026\/01\/2PERU.jpg\" alt=\"\" class=\"wp-image-1105567\" srcset=\"https:\/\/dimensionturistica.com\/es\/wp-content\/uploads\/2026\/01\/2PERU.jpg 500w, https:\/\/dimensionturistica.com\/es\/wp-content\/uploads\/2026\/01\/2PERU-300x169.jpg 300w\" sizes=\"(max-width: 500px) 100vw, 500px\" \/><\/figure>\n<\/figure>\n\n\n\n<p>Desde la marca, el proyecto se concibi\u00f3 como un homenaje al legado del club y al rol cultural del f\u00fatbol en la regi\u00f3n. En ese sentido, desde PUMA se\u00f1alaron: \u201cEsta campa\u00f1a, que acompa\u00f1a el lanzamiento de una de las camisetas que usar\u00e1 el equipo este 2026, es un homenaje a una historia que sigue inspirando el futuro del club. Busca seguir transmitiendo pasi\u00f3n de generaci\u00f3n en generaci\u00f3n\u201d.<\/p>\n\n\n\n<p>Producido por Se\u00f1or Z y dirigido por el d\u00fao Bacha y Chin\u00f3n, el comercial apuesta por una puesta en escena cuidada, un ritmo narrativo emocional y un tratamiento visual que eleva el relato deportivo al terreno del mito. La c\u00e1mara acompa\u00f1a ese \u201csegundo tiempo\u201d como una experiencia suspendida en el tiempo, reforzando la idea central de la campa\u00f1a: algunas historias no envejecen, se heredan.<\/p>\n\n\n\n<p>Desde la agencia, el foco estuvo puesto en tratar la historia no como un recuerdo, sino como una fuerza creativa activa que todav\u00eda impulsa al club y a su gente. En ese sentido, Charlie Tolmos, Chief Creative Officer de McCANN, coment\u00f3: \u201cNos interesaba evitar la nostalgia f\u00e1cil. La idea fue tratar a la historia como una fuerza viva, algo que todav\u00eda empuja al equipo y a sus hinchas hacia adelante\u201d.<\/p>\n\n\n\n<p>En t\u00e9rminos de ejecuci\u00f3n, el desaf\u00edo fue c\u00f3mo filmar un hecho hist\u00f3rico sin abordarlo desde el archivo o la reconstrucci\u00f3n cl\u00e1sica. Desde la direcci\u00f3n, Bacha explic\u00f3: \u201dQuer\u00edamos filmar el recuerdo como si fuera presente. Que el espectador no sienta que est\u00e1 viendo una reconstrucci\u00f3n, sino una emoci\u00f3n que sigue ocurriendo\u201d.<\/p>\n\n\n\n<p>El film cuenta con la participaci\u00f3n de figuras actuales del plantel como el capit\u00e1n Yoshimar Yot\u00fan, Ian Wisdom y Gustavo Cazonatti, junto a \u00edconos hist\u00f3ricos del club y de la selecci\u00f3n peruana como Julio C\u00e9sar Uribe, Julinho y Jorge Soto, reforzando el concepto de continuidad, legado y pertenencia que atraviesa toda la campa\u00f1a.<\/p>\n\n\n\n<p>Con esta acci\u00f3n, PUMA vuelve a posicionarse en el centro de la cultura futbolera sudamericana, apostando a ideas que entienden al f\u00fatbol no solo como competencia, sino como una plataforma narrativa capaz de conectar generaciones a trav\u00e9s del tiempo.<\/p>\n","protected":false},"excerpt":{"rendered":"<p>PUMA y McCANN Per\u00fa celebran los 70 a\u00f1os del Club Sporting Cristal con una idea que convierte la historia en lenguaje creativo. Inspirada en la camiseta utilizada en la final del Campeonato Peruano de 1970 \u2014definida por un segundo tiempo legendario\u2014, la marca lanza una edici\u00f3n especial que funciona como un puente entre generaciones y [&hellip;]<\/p>\n","protected":false},"author":1,"featured_media":0,"comment_status":"open","ping_status":"closed","sticky":false,"template":"","format":"standard","meta":{"om_disable_all_campaigns":false,"jnews-multi-image_gallery":[],"jnews_single_post":[],"jnews_primary_category":[],"jnews_social_meta":[],"footnotes":""},"categories":[40],"tags":[],"class_list":["post-1105565","post","type-post","status-publish","format-standard","hentry","category-industria"],"_links":{"self":[{"href":"https:\/\/dimensionturistica.com\/es\/wp-json\/wp\/v2\/posts\/1105565","targetHints":{"allow":["GET"]}}],"collection":[{"href":"https:\/\/dimensionturistica.com\/es\/wp-json\/wp\/v2\/posts"}],"about":[{"href":"https:\/\/dimensionturistica.com\/es\/wp-json\/wp\/v2\/types\/post"}],"author":[{"embeddable":true,"href":"https:\/\/dimensionturistica.com\/es\/wp-json\/wp\/v2\/users\/1"}],"replies":[{"embeddable":true,"href":"https:\/\/dimensionturistica.com\/es\/wp-json\/wp\/v2\/comments?post=1105565"}],"version-history":[{"count":1,"href":"https:\/\/dimensionturistica.com\/es\/wp-json\/wp\/v2\/posts\/1105565\/revisions"}],"predecessor-version":[{"id":1105568,"href":"https:\/\/dimensionturistica.com\/es\/wp-json\/wp\/v2\/posts\/1105565\/revisions\/1105568"}],"wp:attachment":[{"href":"https:\/\/dimensionturistica.com\/es\/wp-json\/wp\/v2\/media?parent=1105565"}],"wp:term":[{"taxonomy":"category","embeddable":true,"href":"https:\/\/dimensionturistica.com\/es\/wp-json\/wp\/v2\/categories?post=1105565"},{"taxonomy":"post_tag","embeddable":true,"href":"https:\/\/dimensionturistica.com\/es\/wp-json\/wp\/v2\/tags?post=1105565"}],"curies":[{"name":"wp","href":"https:\/\/api.w.org\/{rel}","templated":true}]}}