{"id":1105393,"date":"2026-01-30T04:48:28","date_gmt":"2026-01-30T04:48:28","guid":{"rendered":"https:\/\/dimensionturistica.com\/es\/?p=1105393"},"modified":"2026-01-30T04:48:28","modified_gmt":"2026-01-30T04:48:28","slug":"tyla-dejo-huella-en-su-primer-desfile-de-alta-costura-con-un-vestido-muy-propio","status":"publish","type":"post","link":"https:\/\/dimensionturistica.com\/es\/tyla-dejo-huella-en-su-primer-desfile-de-alta-costura-con-un-vestido-muy-propio\/","title":{"rendered":"Tyla Dej\u00f3 Huella en su Primer Desfile de Alta Costura con un Vestido Muy Propio"},"content":{"rendered":"<h3>Un Viaje Visual desde el Front Row: La Moda en su Estado Puro<\/h3>\n<p>La alta costura no solo se manifiesta en las pasarelas, sino que tambi\u00e9n cobra vida en las experiencias que rodean estos eventos. As\u00ed se percibe la vibrante atm\u00f3sfera de un desfile de moda, donde cada mirada, cada prenda y cada interacci\u00f3n cuentan una historia \u00fanica que se entrelaza en la narrativa colectiva del estilo contempor\u00e1neo.<\/p>\n<h4>Las Estrellas en el Front Row<\/h4>\n<p>El front row es el lugar m\u00e1s codiciado durante cualquier desfile. All\u00ed, las celebridades, los influencers y los \u00edconos de la moda se convierten en protagonistas de un espect\u00e1culo que trasciende las tendencias. Estas figuras, vestidas cuidadosamente por visionarios de la moda, atraen miradas y flashes de c\u00e1maras, contribuyendo a la elevaci\u00f3n del evento m\u00e1s all\u00e1 de la mera presentaci\u00f3n de ropa. En este microcosmos, el estilo personal cobra dimensiones inesperadas, mezclando audacia y elegancia, lo que revela el verdadero arte de combinar prendas.<\/p>\n<h4>La Sinfon\u00eda de Colores y Texturas<\/h4>\n<p>Cada desfile es un lienzo donde dise\u00f1adores plasman su visi\u00f3n a trav\u00e9s de una paleta de colores y texturas cuidadosamente seleccionadas. Los tejidos fluyen y se entrelazan, creando una danza visual que encantar\u00e1 a los asistentes. Los patrones audaces y las siluetas innovadoras establecen un di\u00e1logo entre lo contempor\u00e1neo y lo cl\u00e1sico. Este equilibrio art\u00edstico no solo desaf\u00eda la percepci\u00f3n de la moda, sino que tambi\u00e9n busca inspirar a la audiencia a explorar nuevas formas de autoexpresi\u00f3n.<\/p>\n<h4>El Poder de la Comunidad<\/h4>\n<p>El ambiente en un desfile es, sin duda, contagioso. La energ\u00eda compartida entre dise\u00f1adores, modelos y asistentes se convierte en un elemento fundamental que potencia la experiencia. Las conversaciones entre creadores y los elogios entre pares generan un espacio propicio para el intercambio de ideas y la creaci\u00f3n de lazos. Es en este entorno donde las conexiones se forjan, abriendo puertas a colaboraciones futuras que pueden redefinir el concepto de moda.<\/p>\n<h4>La Influencia de las Redes Sociales<\/h4>\n<p>Hoy en d\u00eda, la moda se vive tambi\u00e9n a trav\u00e9s de las redes sociales. Cada instante del desfile se convierte en contenido virales, expandiendo el alcance del evento m\u00e1s all\u00e1 de sus fronteras f\u00edsicas. Las plataformas digitales no solo permiten que los fashionistas compartan sus looks, sino que tambi\u00e9n ofrecen un acceso privilegiado a quienes no pueden estar presentes. Este fen\u00f3meno democratiza la moda, convirtiendo a cada seguidor en un potencial comentarista y creador de tendencias.<\/p>\n<h4>Una Celebraci\u00f3n de la Individualidad<\/h4>\n<p>El desfile no es solo una muestra de ropa; es una celebraci\u00f3n de la individualidad. Cada asistente tiene la oportunidad de mostrar su propia interpretaci\u00f3n de la moda, a\u00f1adiendo una capa de personalizaci\u00f3n al evento. Con sus elecciones de atuendos, expresan no solo su estilo, sino tambi\u00e9n sus creencias y emociones. As\u00ed, la pasarela se transforma en un espacio inclusivo donde todas las voces pueden ser escuchadas.<\/p>\n<h4>Tejiendo el Futuro<\/h4>\n<p>Mientras los dise\u00f1adores presentan sus colecciones y el p\u00fablico reacciona, se anticipa lo que vendr\u00e1. La moda es un ciclo en constante evoluci\u00f3n, impulsado por la creatividad y la innovaci\u00f3n. La fusi\u00f3n de diferentes culturas, influencias y visiones personales se convierte en el motor que impulsa esta evoluci\u00f3n. Los desfiles se hacen eco de un futuro prometedor, donde la diversidad y la sostenibilidad se convierten en pilares fundamentales.<\/p>\n<h3>Conclusi\u00f3n<\/h3>\n<p>La experiencia del desfile de moda, desde la primera fila, es un fen\u00f3meno fascinante que va m\u00e1s all\u00e1 de las tendencias y las prendas. Es un canto a la imaginaci\u00f3n, una invitaci\u00f3n a la expresi\u00f3n personal y, sobre todo, una celebraci\u00f3n de la comunidad que se agrupa en torno a la moda. Este escenario vibrante es el latido de un universo que promete seguir sorprendiendo y evolucionando, capturando la atenci\u00f3n y el coraz\u00f3n de quienes aman la moda en todas sus formas. <\/p>\n<p>Un nuevo cap\u00edtulo de la moda se escribe en cada desfile, y con \u00e9l, una oportunidad para reinventar la narrativa del estilo.<\/p>\n<p><em> &#8221; Fuentes www.vogue.com &#8221; <\/em><\/p>\n","protected":false},"excerpt":{"rendered":"<p>Un Viaje Visual desde el Front Row: La Moda en su Estado Puro La alta costura no solo se manifiesta en las pasarelas, sino que tambi\u00e9n cobra vida en las experiencias que rodean estos eventos. As\u00ed se percibe la vibrante atm\u00f3sfera de un desfile de moda, donde cada mirada, cada prenda y cada interacci\u00f3n cuentan [&hellip;]<\/p>\n","protected":false},"author":14,"featured_media":1105394,"comment_status":"open","ping_status":"closed","sticky":false,"template":"","format":"standard","meta":{"om_disable_all_campaigns":false,"jnews-multi-image_gallery":[],"jnews_single_post":[],"jnews_primary_category":[],"jnews_social_meta":[],"footnotes":""},"categories":[144872],"tags":[199076,41441,29821,199146,166,8774,94447,372,6194,206609,206267],"class_list":["post-1105393","post","type-post","status-publish","format-standard","has-post-thumbnail","hentry","category-fashion","tag-couture","tag-debut","tag-design","tag-dress","tag-fashion","tag-luxury","tag-runway","tag-style","tag-trends","tag-tyla","tag-valentino"],"_links":{"self":[{"href":"https:\/\/dimensionturistica.com\/es\/wp-json\/wp\/v2\/posts\/1105393","targetHints":{"allow":["GET"]}}],"collection":[{"href":"https:\/\/dimensionturistica.com\/es\/wp-json\/wp\/v2\/posts"}],"about":[{"href":"https:\/\/dimensionturistica.com\/es\/wp-json\/wp\/v2\/types\/post"}],"author":[{"embeddable":true,"href":"https:\/\/dimensionturistica.com\/es\/wp-json\/wp\/v2\/users\/14"}],"replies":[{"embeddable":true,"href":"https:\/\/dimensionturistica.com\/es\/wp-json\/wp\/v2\/comments?post=1105393"}],"version-history":[{"count":1,"href":"https:\/\/dimensionturistica.com\/es\/wp-json\/wp\/v2\/posts\/1105393\/revisions"}],"predecessor-version":[{"id":1105395,"href":"https:\/\/dimensionturistica.com\/es\/wp-json\/wp\/v2\/posts\/1105393\/revisions\/1105395"}],"wp:featuredmedia":[{"embeddable":true,"href":"https:\/\/dimensionturistica.com\/es\/wp-json\/wp\/v2\/media\/1105394"}],"wp:attachment":[{"href":"https:\/\/dimensionturistica.com\/es\/wp-json\/wp\/v2\/media?parent=1105393"}],"wp:term":[{"taxonomy":"category","embeddable":true,"href":"https:\/\/dimensionturistica.com\/es\/wp-json\/wp\/v2\/categories?post=1105393"},{"taxonomy":"post_tag","embeddable":true,"href":"https:\/\/dimensionturistica.com\/es\/wp-json\/wp\/v2\/tags?post=1105393"}],"curies":[{"name":"wp","href":"https:\/\/api.w.org\/{rel}","templated":true}]}}