{"id":1105196,"date":"2026-01-29T18:50:54","date_gmt":"2026-01-29T18:50:54","guid":{"rendered":"https:\/\/dimensionturistica.com\/es\/?p=1105196"},"modified":"2026-01-29T18:50:54","modified_gmt":"2026-01-29T18:50:54","slug":"hyatt-incorpora-a-maria-zarraluqui-para-liderar-el-crecimiento-de-su-inclusive-collection-a-nivel-global","status":"publish","type":"post","link":"https:\/\/dimensionturistica.com\/es\/hyatt-incorpora-a-maria-zarraluqui-para-liderar-el-crecimiento-de-su-inclusive-collection-a-nivel-global\/","title":{"rendered":"Hyatt incorpora a Mar\u00eda Zarraluqui para liderar el crecimiento de su Inclusive Collection a nivel global"},"content":{"rendered":"\n<p><\/p>\n\n\n\n<figure class=\"wp-block-gallery has-nested-images columns-default is-cropped wp-block-gallery-1 is-layout-flex wp-block-gallery-is-layout-flex\">\n<figure class=\"wp-block-image size-large\"><img decoding=\"async\" width=\"426\" height=\"200\" data-id=\"1105197\" src=\"https:\/\/dimensionturistica.com\/es\/wp-content\/uploads\/2026\/01\/1HYATT.jpg\" alt=\"\" class=\"wp-image-1105197\" srcset=\"https:\/\/dimensionturistica.com\/es\/wp-content\/uploads\/2026\/01\/1HYATT.jpg 426w, https:\/\/dimensionturistica.com\/es\/wp-content\/uploads\/2026\/01\/1HYATT-300x141.jpg 300w\" sizes=\"(max-width: 426px) 100vw, 426px\" \/><\/figure>\n<\/figure>\n\n\n\n<p>Hyatt Hotels Corporation (NYSE: H) anuncia el nombramiento de Mar\u00eda Zarraluqui como SVP, Global Hyatt Inclusive Collection Growth and Owner Relations, reforzando la ambici\u00f3n de la Inclusive Collection de Hyatt de consolidar su posici\u00f3n de liderazgo en el segmento \u2018todo incluido\u2019. Este nombramiento, efectivo a partir del 1 de marzo de 2026, contribuir\u00e1 a impulsar la pr\u00f3xima fase de crecimiento del portafolio \u2018todo incluido\u2019 de Hyatt, que ya abarca m\u00e1s de 150 resorts y 55.000 habitaciones en Am\u00e9rica Latina, el Caribe y Europa, y que cuenta con planes de expansi\u00f3n en esas regiones y m\u00e1s all\u00e1.<\/p>\n\n\n\n<p>En este cargo de nueva creaci\u00f3n, Mar\u00eda se centrar\u00e1 en estrategias de crecimiento asset-light, en el desarrollo y reposicionamiento de resorts, y en el fortalecimiento de relaciones estrat\u00e9gicas para apoyar la expansi\u00f3n a largo plazo del portafolio \u2018todo incluido\u2019 de la compa\u00f1\u00eda. Reportar\u00e1 directamente a Javier \u00c1guila, Presidente de la Inclusive Collection de Hyatt, quien asumi\u00f3 su cargo global en marzo de 2025.<\/p>\n\n\n\n<figure class=\"wp-block-gallery has-nested-images columns-default is-cropped wp-block-gallery-2 is-layout-flex wp-block-gallery-is-layout-flex\">\n<figure class=\"wp-block-image size-large\"><img decoding=\"async\" width=\"500\" height=\"750\" data-id=\"1105198\" src=\"https:\/\/dimensionturistica.com\/es\/wp-content\/uploads\/2026\/01\/3HYATT.jpg\" alt=\"\" class=\"wp-image-1105198\" srcset=\"https:\/\/dimensionturistica.com\/es\/wp-content\/uploads\/2026\/01\/3HYATT.jpg 500w, https:\/\/dimensionturistica.com\/es\/wp-content\/uploads\/2026\/01\/3HYATT-200x300.jpg 200w\" sizes=\"(max-width: 500px) 100vw, 500px\" \/><\/figure>\n<\/figure>\n\n\n\n<p>\u201cMar\u00eda aporta una amplia trayectoria de \u00e9xito en el crecimiento de portafolios \u2018todo incluido\u2019, junto con una reputaci\u00f3n sobresaliente en la industria, lo cual fortalecer\u00e1 e impulsar\u00e1 todav\u00eda m\u00e1s al equipo de desarrollo de la Inclusive Collection, que sigue ampliando una cartera l\u00edder a nivel global sobre la base de nuestra s\u00f3lida expansi\u00f3n en los \u00faltimos a\u00f1os\u201d, ha afirmado Javier \u00c1guila, Presidente de la Inclusive Collection de Hyatt. \u201cHemos adoptado un enfoque creativo tanto para el crecimiento org\u00e1nico como inorg\u00e1nico y nos hemos enfocado en generar resultados extraordinarios para nuestros propietarios, y el nombramiento de Mar\u00eda ser\u00e1 clave para avanzar en esa estrategia\u201d.<\/p>\n\n\n\n<p>El cargo m\u00e1s reciente de Mar\u00eda ha sido el de Vicepresidenta de Desarrollo Global en Meli\u00e1 Hotels International, y cuenta m\u00e1s de 25 a\u00f1os de experiencia en la industria hotelera. Ha liderado desarrollos en Europa, Oriente Medio, \u00c1frica, el Sudeste Asi\u00e1tico, China y Am\u00e9rica, encabezando conjuntamente con su equipo m\u00e1s de 350 acuerdos hoteleros tanto en mercados nuevos como consolidados. Su experiencia incluye exitosas joint ventures y una s\u00f3lida trayectoria en la construcci\u00f3n de alianzas estrat\u00e9gicas con importantes socios internacionales. Mar\u00eda forma parte de varios consejos asesores y comit\u00e9s. Tambi\u00e9n ejerce como ponente en eventos globales y es profesora de real estate en IE Business School en Madrid. Cuenta con un m\u00e1ster en asesor\u00eda jur\u00eddica de empresas por la Universidad de Deusto, una menci\u00f3n de honor como n\u00famero uno del Executive Tourist MBA 2008-2009 del IE Business School de Madrid, y es licenciada en Derecho por la Universidad de Navarra.<\/p>\n\n\n\n<p>La Inclusive Collection de Hyatt est\u00e1 formada actualmente por m\u00e1s de 150 resorts y 55.000 habitaciones en Am\u00e9rica Latina, el Caribe y Europa. Hyatt complet\u00f3 recientemente las transacciones relacionadas con la adquisici\u00f3n de Playa Hotels &amp; Resorts tras la exitosa venta de su portafolio inmobiliario a Tortuga Resorts, dando como resultado una operaci\u00f3n completamente asset-light.<\/p>\n\n\n\n<p>El portafolio contin\u00faa expandi\u00e9ndose en los destinos y pa\u00edses que m\u00e1s importan a los hu\u00e9spedes y a los miembros de World of Hyatt, con las recientes aperturas de Secrets Playa Esmeralda Resort &amp; Spa, Dreams Playa Esmeralda Resort &amp; Spa, Secrets St. Lucia Resort &amp; Spa y Secrets Baby Beach Aruba, as\u00ed como las aperturas previstas de Hyatt Vivid Punta Cana y Secrets Macao Beach Punta Cana en 2026.<\/p>\n","protected":false},"excerpt":{"rendered":"<p>Hyatt Hotels Corporation (NYSE: H) anuncia el nombramiento de Mar\u00eda Zarraluqui como SVP, Global Hyatt Inclusive Collection Growth and Owner Relations, reforzando la ambici\u00f3n de la Inclusive Collection de Hyatt de consolidar su posici\u00f3n de liderazgo en el segmento \u2018todo incluido\u2019. Este nombramiento, efectivo a partir del 1 de marzo de 2026, contribuir\u00e1 a impulsar [&hellip;]<\/p>\n","protected":false},"author":1,"featured_media":0,"comment_status":"open","ping_status":"closed","sticky":false,"template":"","format":"standard","meta":{"om_disable_all_campaigns":false,"jnews-multi-image_gallery":[],"jnews_single_post":[],"jnews_primary_category":[],"jnews_social_meta":[],"footnotes":""},"categories":[39],"tags":[],"class_list":["post-1105196","post","type-post","status-publish","format-standard","hentry","category-viajes"],"_links":{"self":[{"href":"https:\/\/dimensionturistica.com\/es\/wp-json\/wp\/v2\/posts\/1105196","targetHints":{"allow":["GET"]}}],"collection":[{"href":"https:\/\/dimensionturistica.com\/es\/wp-json\/wp\/v2\/posts"}],"about":[{"href":"https:\/\/dimensionturistica.com\/es\/wp-json\/wp\/v2\/types\/post"}],"author":[{"embeddable":true,"href":"https:\/\/dimensionturistica.com\/es\/wp-json\/wp\/v2\/users\/1"}],"replies":[{"embeddable":true,"href":"https:\/\/dimensionturistica.com\/es\/wp-json\/wp\/v2\/comments?post=1105196"}],"version-history":[{"count":1,"href":"https:\/\/dimensionturistica.com\/es\/wp-json\/wp\/v2\/posts\/1105196\/revisions"}],"predecessor-version":[{"id":1105199,"href":"https:\/\/dimensionturistica.com\/es\/wp-json\/wp\/v2\/posts\/1105196\/revisions\/1105199"}],"wp:attachment":[{"href":"https:\/\/dimensionturistica.com\/es\/wp-json\/wp\/v2\/media?parent=1105196"}],"wp:term":[{"taxonomy":"category","embeddable":true,"href":"https:\/\/dimensionturistica.com\/es\/wp-json\/wp\/v2\/categories?post=1105196"},{"taxonomy":"post_tag","embeddable":true,"href":"https:\/\/dimensionturistica.com\/es\/wp-json\/wp\/v2\/tags?post=1105196"}],"curies":[{"name":"wp","href":"https:\/\/api.w.org\/{rel}","templated":true}]}}