{"id":1105186,"date":"2026-01-29T18:41:53","date_gmt":"2026-01-29T18:41:53","guid":{"rendered":"https:\/\/dimensionturistica.com\/es\/?p=1105186"},"modified":"2026-01-29T18:41:53","modified_gmt":"2026-01-29T18:41:53","slug":"mcdonalds-celebra-los-resultados-de-gran-dia-2025-y-refuerza-su-apoyo-a-la-ninez-y-juventud-en-mexico","status":"publish","type":"post","link":"https:\/\/dimensionturistica.com\/es\/mcdonalds-celebra-los-resultados-de-gran-dia-2025-y-refuerza-su-apoyo-a-la-ninez-y-juventud-en-mexico\/","title":{"rendered":"McDonald\u2019s celebra los resultados de Gran D\u00eda 2025 y refuerza su apoyo a la ni\u00f1ez y juventud en M\u00e9xico"},"content":{"rendered":"\n<figure class=\"wp-block-gallery has-nested-images columns-default is-cropped wp-block-gallery-1 is-layout-flex wp-block-gallery-is-layout-flex\">\n<figure class=\"wp-block-image size-large\"><img decoding=\"async\" width=\"500\" height=\"437\" data-id=\"1105187\" src=\"https:\/\/dimensionturistica.com\/es\/wp-content\/uploads\/2026\/01\/2MAC.jpg\" alt=\"\" class=\"wp-image-1105187\" srcset=\"https:\/\/dimensionturistica.com\/es\/wp-content\/uploads\/2026\/01\/2MAC.jpg 500w, https:\/\/dimensionturistica.com\/es\/wp-content\/uploads\/2026\/01\/2MAC-300x262.jpg 300w\" sizes=\"(max-width: 500px) 100vw, 500px\" \/><\/figure>\n<\/figure>\n\n\n\n<p>McDonald\u2019s M\u00e9xico dio a conocer los resultados de su jornada solidaria Gran D\u00eda 2025, celebrada el pasado 28 de noviembre. Gracias a la participaci\u00f3n de miles de personas en todo el pa\u00eds, se recaudaron $2,285,440.00 pesos mediante la venta de m\u00e1s de 58,000 hamburguesas Big Mac, recursos que ser\u00e1n destinados a la Fundaci\u00f3n Infantil Ronald McDonald M\u00e9xico y Aldeas Infantiles SOS M\u00e9xico.<\/p>\n\n\n\n<figure class=\"wp-block-gallery has-nested-images columns-default is-cropped wp-block-gallery-2 is-layout-flex wp-block-gallery-is-layout-flex\">\n<figure class=\"wp-block-image size-large\"><img decoding=\"async\" width=\"500\" height=\"500\" data-id=\"1105188\" src=\"https:\/\/dimensionturistica.com\/es\/wp-content\/uploads\/2026\/01\/6666MAC.jpg\" alt=\"\" class=\"wp-image-1105188\" srcset=\"https:\/\/dimensionturistica.com\/es\/wp-content\/uploads\/2026\/01\/6666MAC.jpg 500w, https:\/\/dimensionturistica.com\/es\/wp-content\/uploads\/2026\/01\/6666MAC-300x300.jpg 300w, https:\/\/dimensionturistica.com\/es\/wp-content\/uploads\/2026\/01\/6666MAC-150x150.jpg 150w, https:\/\/dimensionturistica.com\/es\/wp-content\/uploads\/2026\/01\/6666MAC-75x75.jpg 75w, https:\/\/dimensionturistica.com\/es\/wp-content\/uploads\/2026\/01\/6666MAC-350x350.jpg 350w\" sizes=\"(max-width: 500px) 100vw, 500px\" \/><\/figure>\n<\/figure>\n\n\n\n<p>Con la suma de clientes, colaboradores, franquiciatarios, proveedores y aliados en todos los canales, restaurantes, AutoMac, McDelivery y la App de McDonald\u2019s, Gran D\u00eda 2025 confirm\u00f3 una vez m\u00e1s que, cuando la sociedad se une por una causa com\u00fan, es posible transformar vidas.<\/p>\n\n\n\n<figure class=\"wp-block-gallery has-nested-images columns-default is-cropped wp-block-gallery-3 is-layout-flex wp-block-gallery-is-layout-flex\">\n<figure class=\"wp-block-image size-large\"><img decoding=\"async\" width=\"500\" height=\"375\" data-id=\"1105189\" src=\"https:\/\/dimensionturistica.com\/es\/wp-content\/uploads\/2026\/01\/1MAC.jpg\" alt=\"\" class=\"wp-image-1105189\" srcset=\"https:\/\/dimensionturistica.com\/es\/wp-content\/uploads\/2026\/01\/1MAC.jpg 500w, https:\/\/dimensionturistica.com\/es\/wp-content\/uploads\/2026\/01\/1MAC-300x225.jpg 300w\" sizes=\"(max-width: 500px) 100vw, 500px\" \/><\/figure>\n<\/figure>\n\n\n\n<p>Francisco Bolo\u00f1a Holm, director general de Arcos Dorados M\u00e9xico, destac\u00f3: \u201cCada Big Mac que se disfrut\u00f3 en Gran D\u00eda 2025 se convirti\u00f3 en una oportunidad para cambiar historias. Agradecemos profundamente a todas las personas que se sumaron desde cualquier rinc\u00f3n del pa\u00eds; ver a miles de mexicanos participar nos llena de satisfacci\u00f3n y nos motiva a seguir generando oportunidades para quienes m\u00e1s lo necesitan\u201d.<\/p>\n\n\n\n<figure class=\"wp-block-gallery has-nested-images columns-default is-cropped wp-block-gallery-4 is-layout-flex wp-block-gallery-is-layout-flex\">\n<figure class=\"wp-block-image size-large\"><img decoding=\"async\" width=\"500\" height=\"500\" data-id=\"1105190\" src=\"https:\/\/dimensionturistica.com\/es\/wp-content\/uploads\/2026\/01\/66MAC.jpg\" alt=\"\" class=\"wp-image-1105190\" srcset=\"https:\/\/dimensionturistica.com\/es\/wp-content\/uploads\/2026\/01\/66MAC.jpg 500w, https:\/\/dimensionturistica.com\/es\/wp-content\/uploads\/2026\/01\/66MAC-300x300.jpg 300w, https:\/\/dimensionturistica.com\/es\/wp-content\/uploads\/2026\/01\/66MAC-150x150.jpg 150w, https:\/\/dimensionturistica.com\/es\/wp-content\/uploads\/2026\/01\/66MAC-75x75.jpg 75w, https:\/\/dimensionturistica.com\/es\/wp-content\/uploads\/2026\/01\/66MAC-350x350.jpg 350w\" sizes=\"(max-width: 500px) 100vw, 500px\" \/><\/figure>\n<\/figure>\n\n\n\n<p>Durante Gran D\u00eda 2025, la compra de la Big Mac se transform\u00f3 en apoyo directo a programas que atienden necesidades cr\u00edticas de salud, cuidado y desarrollo integral:<\/p>\n\n\n\n<p>Fundaci\u00f3n Infantil Ronald McDonald M\u00e9xico: Desde hace 28 a\u00f1os, la Fundaci\u00f3n Infantil Ronald McDonald M\u00e9xico ha acompa\u00f1ado a familias que necesitan acceso a tratamientos m\u00e9dicos especializados, facilitando el v\u00ednculo y la continuidad de atenci\u00f3n con los hospitales. A la fecha, m\u00e1s de 152,000 ni\u00f1as, ni\u00f1os y adolescentes han recibido apoyo a trav\u00e9s de sus programas. Lo recaudado en Gran D\u00eda 2025 permitir\u00e1 fortalecer estos servicios y ampliar la capacidad de atenci\u00f3n, reforzando el acompa\u00f1amiento integral para las familias que atraviesan procesos m\u00e9dicos complejos.<\/p>\n\n\n\n<p>Aldeas Infantiles SOS M\u00e9xico: Los recursos obtenidos consolidar\u00e1n sus programas de acogimiento familiar y desarrollo juvenil, que benefician a m\u00e1s de 1,700 ni\u00f1as, ni\u00f1os y j\u00f3venes. En ese camino, a trav\u00e9s del programa \u00a1YouthCan!, una alianza impulsada por Aldeas Infantiles SOS que re\u00fane a empresas, organizaciones y gobiernos, se apoya a las y los j\u00f3venes en la construcci\u00f3n de un proyecto de vida, brind\u00e1ndoles herramientas en educaci\u00f3n, empleabilidad y emprendimiento, con el acompa\u00f1amiento de mentores y experiencias pr\u00e1cticas.<\/p>\n\n\n\n<p>\u201cSabemos que para muchas familias atravesar un tratamiento m\u00e9dico lejos de casa, adem\u00e1s de los altos costos, implica un desgaste emocional. Lo recaudado en Gran D\u00eda fortalece el acompa\u00f1amiento que brindamos para que puedan concentrarse en lo m\u00e1s importante: la salud de sus hijas e hijos. Gracias a qui\u00e9nes se sumaron por hacer esto posible una vez m\u00e1s\u201d, expres\u00f3 Gabriela Gatica, directora ejecutiva de la Fundaci\u00f3n Infantil Ronald McDonald M\u00e9xico.<\/p>\n\n\n\n<figure class=\"wp-block-gallery has-nested-images columns-default is-cropped wp-block-gallery-5 is-layout-flex wp-block-gallery-is-layout-flex\">\n<figure class=\"wp-block-image size-large\"><img decoding=\"async\" width=\"500\" height=\"381\" data-id=\"1105191\" src=\"https:\/\/dimensionturistica.com\/es\/wp-content\/uploads\/2026\/01\/3MAC.jpg\" alt=\"\" class=\"wp-image-1105191\" srcset=\"https:\/\/dimensionturistica.com\/es\/wp-content\/uploads\/2026\/01\/3MAC.jpg 500w, https:\/\/dimensionturistica.com\/es\/wp-content\/uploads\/2026\/01\/3MAC-300x229.jpg 300w\" sizes=\"(max-width: 500px) 100vw, 500px\" \/><\/figure>\n<\/figure>\n\n\n\n<p>Por su parte, Diana Rosales, directora ejecutiva de Aldeas Infantiles SOS M\u00e9xico expres\u00f3: \u201cAgradecemos a todas las personas que hicieron de Gran D\u00eda una causa compartida. Su participaci\u00f3n se traduce en recursos que fortalecen nuestros programas y nos ayudan a sostener entornos de cuidado donde adolescentes y j\u00f3venes pueden aprender, sanar y proyectarse con m\u00e1s confianza y seguridad\u201d.<\/p>\n\n\n\n<p>Gran D\u00eda forma parte del compromiso a\u00f1o con a\u00f1o de Arcos Dorados y McDonald\u2019s por generar un impacto positivo y transparente en las comunidades, en l\u00ednea con su estrategia de sostenibilidad Receta del Futuro. Para conocer m\u00e1s y sumarte a las iniciativas de la Fundaci\u00f3n Infantil Ronald McDonald M\u00e9xico visita www.casaronald.org.mx y sobre Aldeas Infantiles SOS M\u00e9xico en www.aldeasinfantiles.org.mx.<\/p>\n","protected":false},"excerpt":{"rendered":"<p>McDonald\u2019s M\u00e9xico dio a conocer los resultados de su jornada solidaria Gran D\u00eda 2025, celebrada el pasado 28 de noviembre. Gracias a la participaci\u00f3n de miles de personas en todo el pa\u00eds, se recaudaron $2,285,440.00 pesos mediante la venta de m\u00e1s de 58,000 hamburguesas Big Mac, recursos que ser\u00e1n destinados a la Fundaci\u00f3n Infantil Ronald [&hellip;]<\/p>\n","protected":false},"author":1,"featured_media":0,"comment_status":"open","ping_status":"closed","sticky":false,"template":"","format":"standard","meta":{"om_disable_all_campaigns":false,"jnews-multi-image_gallery":[],"jnews_single_post":[],"jnews_primary_category":[],"jnews_social_meta":[],"footnotes":""},"categories":[43],"tags":[],"class_list":["post-1105186","post","type-post","status-publish","format-standard","hentry","category-gourmet"],"_links":{"self":[{"href":"https:\/\/dimensionturistica.com\/es\/wp-json\/wp\/v2\/posts\/1105186","targetHints":{"allow":["GET"]}}],"collection":[{"href":"https:\/\/dimensionturistica.com\/es\/wp-json\/wp\/v2\/posts"}],"about":[{"href":"https:\/\/dimensionturistica.com\/es\/wp-json\/wp\/v2\/types\/post"}],"author":[{"embeddable":true,"href":"https:\/\/dimensionturistica.com\/es\/wp-json\/wp\/v2\/users\/1"}],"replies":[{"embeddable":true,"href":"https:\/\/dimensionturistica.com\/es\/wp-json\/wp\/v2\/comments?post=1105186"}],"version-history":[{"count":1,"href":"https:\/\/dimensionturistica.com\/es\/wp-json\/wp\/v2\/posts\/1105186\/revisions"}],"predecessor-version":[{"id":1105192,"href":"https:\/\/dimensionturistica.com\/es\/wp-json\/wp\/v2\/posts\/1105186\/revisions\/1105192"}],"wp:attachment":[{"href":"https:\/\/dimensionturistica.com\/es\/wp-json\/wp\/v2\/media?parent=1105186"}],"wp:term":[{"taxonomy":"category","embeddable":true,"href":"https:\/\/dimensionturistica.com\/es\/wp-json\/wp\/v2\/categories?post=1105186"},{"taxonomy":"post_tag","embeddable":true,"href":"https:\/\/dimensionturistica.com\/es\/wp-json\/wp\/v2\/tags?post=1105186"}],"curies":[{"name":"wp","href":"https:\/\/api.w.org\/{rel}","templated":true}]}}