{"id":1105173,"date":"2026-01-29T18:19:35","date_gmt":"2026-01-29T18:19:35","guid":{"rendered":"https:\/\/dimensionturistica.com\/es\/?p=1105173"},"modified":"2026-01-29T18:19:35","modified_gmt":"2026-01-29T18:19:35","slug":"el-gobierno-de-mexico-lanza-el-concurso-nacional-de-creacion-artesanal-mexico-en-una-pieza","status":"publish","type":"post","link":"https:\/\/dimensionturistica.com\/es\/el-gobierno-de-mexico-lanza-el-concurso-nacional-de-creacion-artesanal-mexico-en-una-pieza\/","title":{"rendered":"El Gobierno De M\u00e9xico Lanza El Concurso Nacional De Creaci\u00f3n Artesanal \u201cM\u00e9xico En Una Pieza\u201d"},"content":{"rendered":"\n<figure class=\"wp-block-gallery has-nested-images columns-default is-cropped wp-block-gallery-1 is-layout-flex wp-block-gallery-is-layout-flex\">\n<figure class=\"wp-block-image size-large\"><img decoding=\"async\" width=\"500\" height=\"85\" data-id=\"1105174\" src=\"https:\/\/dimensionturistica.com\/es\/wp-content\/uploads\/2026\/01\/1SECTUR-2.jpg\" alt=\"\" class=\"wp-image-1105174\" srcset=\"https:\/\/dimensionturistica.com\/es\/wp-content\/uploads\/2026\/01\/1SECTUR-2.jpg 500w, https:\/\/dimensionturistica.com\/es\/wp-content\/uploads\/2026\/01\/1SECTUR-2-300x51.jpg 300w\" sizes=\"(max-width: 500px) 100vw, 500px\" \/><\/figure>\n<\/figure>\n\n\n\n<p>El Gobierno de M\u00e9xico \u2013a trav\u00e9s de la Secretar\u00eda de Cultura, mediante el Fondo Nacional para el Fomento de las Artesan\u00edas (Fonart) y el Instituto Nacional del Derecho de Autor (INDAUTOR), en colaboraci\u00f3n con la Secretar\u00eda de Turismo\u2013 y BBVA M\u00e9xico, v\u00eda Fomento Cultural BBVA M\u00e9xico, con el apoyo del Instituto Nacional de los Pueblos Ind\u00edgenas (INPI), lanza el Concurso Nacional de Creaci\u00f3n Artesanal: \u201cM\u00e9xico en una pieza\u201d, dirigido a colectivos, talleres y agrupaciones de artesanas y artesanos mexicanos a crear piezas que funjan como recuerdo tur\u00edstico.<\/p>\n\n\n\n<p>\u201cInvitamos a las y los artesanos del pa\u00eds a participar en el Concurso Nacional de Creaci\u00f3n Artesanal M\u00e9xico en una pieza, con un reconocimiento firme a su resistencia, su legado y su aportaci\u00f3n a la riqueza cultural de M\u00e9xico. Hoy vivimos una reivindicaci\u00f3n hist\u00f3rica de la presencia de los pueblos originarios y de las mujeres ind\u00edgenas en la vida p\u00fablica; sus obras proyectan arte, identidad y memoria colectiva\u201d, afirm\u00f3 la secretaria de Cultura del Gobierno de M\u00e9xico, Claudia Curiel de Icaza.<\/p>\n\n\n\n<p>El certamen \u2013que se realiza en el marco del Mundial Social 2026\u2013 tiene el prop\u00f3sito de fortalecer la promoci\u00f3n de la cultura mexicana a trav\u00e9s del arte popular, al mismo tiempo que se garantiza la protecci\u00f3n de los derechos de las personas participantes, y fomenta la creaci\u00f3n de piezas artesanales representativas de la identidad nacional, con elementos culturales propios de cada regi\u00f3n del pa\u00eds.<\/p>\n\n\n\n<p>\u201cEsta convocatoria no es solo un llamado a las artesanas y los artesanos, es un llamado a todas y todos para valorar nuestra identidad, porque en cada artesan\u00eda que compra un turista se lleva un poco de M\u00e9xico; cada artesan\u00eda es una expresi\u00f3n que invita a m\u00e1s personas a conocer nuestro pa\u00eds y toda su riqueza cultural\u201d, expres\u00f3 la secretaria de Turismo, Josefina Rodr\u00edguez Zamora.<\/p>\n\n\n\n<figure class=\"wp-block-gallery has-nested-images columns-default is-cropped wp-block-gallery-2 is-layout-flex wp-block-gallery-is-layout-flex\">\n<figure class=\"wp-block-image size-large\"><img decoding=\"async\" width=\"500\" height=\"624\" data-id=\"1105175\" src=\"https:\/\/dimensionturistica.com\/es\/wp-content\/uploads\/2026\/01\/3SECTUR-3.jpg\" alt=\"\" class=\"wp-image-1105175\" srcset=\"https:\/\/dimensionturistica.com\/es\/wp-content\/uploads\/2026\/01\/3SECTUR-3.jpg 500w, https:\/\/dimensionturistica.com\/es\/wp-content\/uploads\/2026\/01\/3SECTUR-3-240x300.jpg 240w\" sizes=\"(max-width: 500px) 100vw, 500px\" \/><\/figure>\n<\/figure>\n\n\n\n<p>Podr\u00e1n participar colectivos, talleres y agrupaciones, cuyas personas integrantes sean mexicanas, artesanas, mayores de edad, que se dediquen a la elaboraci\u00f3n de obras artesanales con t\u00e9cnicas, materiales y dise\u00f1os tradicionales, obras que rescaten piezas antiguas, as\u00ed como nuevas propuestas de dise\u00f1o que conserven elementos, t\u00e9cnicas y materiales de los grupos etnoling\u00fc\u00edsticos que las producen.<\/p>\n\n\n\n<p>Las obras participantes podr\u00e1n ser elaboradas en alguna de las 14 ramas artesanales, como textiler\u00eda, alfarer\u00eda y cer\u00e1mica libre de plomo, cartoner\u00eda y papel, metalister\u00eda, canter\u00eda y lapidaria, vidrio, entre otras; deber\u00e1n ser por completo artesanales, in\u00e9ditas, realizadas entre 2025 y 2026, de la autor\u00eda y propiedad de quienes la inscriben, libre de responsabilidades con terceros, deber\u00e1 poder replicarse de manera artesanal y ser susceptible de reproducirse en una escala menor (de hasta 10 cm por lado).<\/p>\n\n\n\n<p>El jurado especializado en arte popular, dise\u00f1o y cultura evaluar\u00e1, entre otras caracter\u00edsticas: originalidad y autenticidad cultural, calidad t\u00e9cnica y est\u00e9tica, viabilidad de producci\u00f3n artesanal y el potencial como recuerdo tur\u00edstico representativo de M\u00e9xico.<\/p>\n\n\n\n<p>Se otorgar\u00e1 un premio \u00fanico por ciento cincuenta mil pesos como reconocimiento a la mejor propuesta y, adicionalmente, un premio en beneficio de la comunidad por ciento cincuenta mil pesos, que se aplicar\u00e1 seg\u00fan lo acuerde dicha comunidad; asimismo, se comprar\u00e1n las r\u00e9plicas hasta por un importe de ochocientos cincuenta mil pesos, las cu\u00e1les ser\u00e1n adquiridas en una sola ocasi\u00f3n o por etapas, con respeto al tiempo artesanal de producci\u00f3n.<\/p>\n\n\n\n<p>La informaci\u00f3n completa, as\u00ed como las bases del concurso, documentaci\u00f3n solicitada y fechas cr\u00edticas se podr\u00e1n consultar en convocatorias.cultura.gob.mx<\/p>\n","protected":false},"excerpt":{"rendered":"<p>El Gobierno de M\u00e9xico \u2013a trav\u00e9s de la Secretar\u00eda de Cultura, mediante el Fondo Nacional para el Fomento de las Artesan\u00edas (Fonart) y el Instituto Nacional del Derecho de Autor (INDAUTOR), en colaboraci\u00f3n con la Secretar\u00eda de Turismo\u2013 y BBVA M\u00e9xico, v\u00eda Fomento Cultural BBVA M\u00e9xico, con el apoyo del Instituto Nacional de los Pueblos [&hellip;]<\/p>\n","protected":false},"author":1,"featured_media":0,"comment_status":"open","ping_status":"closed","sticky":false,"template":"","format":"standard","meta":{"om_disable_all_campaigns":false,"jnews-multi-image_gallery":[],"jnews_single_post":{"format":"standard"},"jnews_primary_category":[],"jnews_social_meta":[],"footnotes":""},"categories":[39],"tags":[],"class_list":["post-1105173","post","type-post","status-publish","format-standard","hentry","category-viajes"],"_links":{"self":[{"href":"https:\/\/dimensionturistica.com\/es\/wp-json\/wp\/v2\/posts\/1105173","targetHints":{"allow":["GET"]}}],"collection":[{"href":"https:\/\/dimensionturistica.com\/es\/wp-json\/wp\/v2\/posts"}],"about":[{"href":"https:\/\/dimensionturistica.com\/es\/wp-json\/wp\/v2\/types\/post"}],"author":[{"embeddable":true,"href":"https:\/\/dimensionturistica.com\/es\/wp-json\/wp\/v2\/users\/1"}],"replies":[{"embeddable":true,"href":"https:\/\/dimensionturistica.com\/es\/wp-json\/wp\/v2\/comments?post=1105173"}],"version-history":[{"count":1,"href":"https:\/\/dimensionturistica.com\/es\/wp-json\/wp\/v2\/posts\/1105173\/revisions"}],"predecessor-version":[{"id":1105176,"href":"https:\/\/dimensionturistica.com\/es\/wp-json\/wp\/v2\/posts\/1105173\/revisions\/1105176"}],"wp:attachment":[{"href":"https:\/\/dimensionturistica.com\/es\/wp-json\/wp\/v2\/media?parent=1105173"}],"wp:term":[{"taxonomy":"category","embeddable":true,"href":"https:\/\/dimensionturistica.com\/es\/wp-json\/wp\/v2\/categories?post=1105173"},{"taxonomy":"post_tag","embeddable":true,"href":"https:\/\/dimensionturistica.com\/es\/wp-json\/wp\/v2\/tags?post=1105173"}],"curies":[{"name":"wp","href":"https:\/\/api.w.org\/{rel}","templated":true}]}}