{"id":1105154,"date":"2026-01-29T17:50:32","date_gmt":"2026-01-29T17:50:32","guid":{"rendered":"https:\/\/dimensionturistica.com\/es\/?p=1105154"},"modified":"2026-01-29T17:50:32","modified_gmt":"2026-01-29T17:50:32","slug":"las-manchas-en-las-axilas-una-inseguridad-que-afecta-a-1-de-casa-3-mujeres","status":"publish","type":"post","link":"https:\/\/dimensionturistica.com\/es\/las-manchas-en-las-axilas-una-inseguridad-que-afecta-a-1-de-casa-3-mujeres\/","title":{"rendered":"Las manchas en las axilas, una inseguridad que afecta a 1 de casa 3 mujeres"},"content":{"rendered":"\n<p><\/p>\n\n\n\n<figure class=\"wp-block-gallery has-nested-images columns-default is-cropped wp-block-gallery-1 is-layout-flex wp-block-gallery-is-layout-flex\">\n<figure class=\"wp-block-image size-large\"><img decoding=\"async\" width=\"320\" height=\"180\" data-id=\"1105155\" src=\"https:\/\/dimensionturistica.com\/es\/wp-content\/uploads\/2026\/01\/OIP-3.jpeg\" alt=\"\" class=\"wp-image-1105155\" srcset=\"https:\/\/dimensionturistica.com\/es\/wp-content\/uploads\/2026\/01\/OIP-3.jpeg 320w, https:\/\/dimensionturistica.com\/es\/wp-content\/uploads\/2026\/01\/OIP-3-300x169.jpeg 300w\" sizes=\"(max-width: 320px) 100vw, 320px\" \/><\/figure>\n<\/figure>\n\n\n\n<p>En M\u00e9xico, existe una realidad poco visibilizada, 9 de cada 10 mujeres se sienten inseguras por problemas relacionados con su piel, y las axilas se han convertido en una de las zonas que mayor incomodidad generan. Se trata de un \u00e1rea delicada, propensa a la irritaci\u00f3n, la resequedad y la aparici\u00f3n de manchas, factores que influyen directamente en la confianza de cualquier persona.<\/p>\n\n\n\n<figure class=\"wp-block-gallery has-nested-images columns-default is-cropped wp-block-gallery-2 is-layout-flex wp-block-gallery-is-layout-flex\">\n<figure class=\"wp-block-image size-large\"><img decoding=\"async\" width=\"500\" height=\"500\" data-id=\"1105156\" src=\"https:\/\/dimensionturistica.com\/es\/wp-content\/uploads\/2026\/01\/1DOVE-2.jpg\" alt=\"\" class=\"wp-image-1105156\" srcset=\"https:\/\/dimensionturistica.com\/es\/wp-content\/uploads\/2026\/01\/1DOVE-2.jpg 500w, https:\/\/dimensionturistica.com\/es\/wp-content\/uploads\/2026\/01\/1DOVE-2-300x300.jpg 300w, https:\/\/dimensionturistica.com\/es\/wp-content\/uploads\/2026\/01\/1DOVE-2-150x150.jpg 150w, https:\/\/dimensionturistica.com\/es\/wp-content\/uploads\/2026\/01\/1DOVE-2-75x75.jpg 75w, https:\/\/dimensionturistica.com\/es\/wp-content\/uploads\/2026\/01\/1DOVE-2-350x350.jpg 350w\" sizes=\"(max-width: 500px) 100vw, 500px\" \/><\/figure>\n<\/figure>\n\n\n\n<p>Por ello, Dove eleva la categor\u00eda de desodorantes femeninos al integrar ciencia Pro-Ceramida en su l\u00ednea Dove Tono Uniforme, la cual ayuda a recuperar el tono natural de la piel de las axilas y acompa\u00f1a a las mujeres con una nueva fragancia sensorial: jasmine &nbsp;raspberry.<\/p>\n\n\n\n<p>\u201cEn Dove partimos de una convicci\u00f3n muy clara: ninguna mujer deber\u00eda sentirse limitada por la forma en que se ve o se siente su piel. Sabemos que las axilas son una zona especialmente sensible y que las manchas o la irritaci\u00f3n puede afectar la confianza en el d\u00eda a d\u00eda. Por ello, desarrollamos f\u00f3rmulas que integran ciencia de skincare, como este ser\u00fam Pro-Ceramidas y la Vitamina E, para ayudar a recuperar la piel de las axilas eficazmente\u201d, coment\u00f3 Roberto Garc\u00eda, Gerente de Marca para Dove Desodorantes.<\/p>\n\n\n\n<figure class=\"wp-block-gallery has-nested-images columns-default is-cropped wp-block-gallery-3 is-layout-flex wp-block-gallery-is-layout-flex\"><\/figure>\n\n\n\n<figure class=\"wp-block-gallery has-nested-images columns-default is-cropped wp-block-gallery-4 is-layout-flex wp-block-gallery-is-layout-flex\">\n<figure class=\"wp-block-image size-large\"><img decoding=\"async\" width=\"500\" height=\"500\" data-id=\"1105157\" src=\"https:\/\/dimensionturistica.com\/es\/wp-content\/uploads\/2026\/01\/5DOVE.jpg\" alt=\"\" class=\"wp-image-1105157\" srcset=\"https:\/\/dimensionturistica.com\/es\/wp-content\/uploads\/2026\/01\/5DOVE.jpg 500w, https:\/\/dimensionturistica.com\/es\/wp-content\/uploads\/2026\/01\/5DOVE-300x300.jpg 300w, https:\/\/dimensionturistica.com\/es\/wp-content\/uploads\/2026\/01\/5DOVE-150x150.jpg 150w, https:\/\/dimensionturistica.com\/es\/wp-content\/uploads\/2026\/01\/5DOVE-75x75.jpg 75w, https:\/\/dimensionturistica.com\/es\/wp-content\/uploads\/2026\/01\/5DOVE-350x350.jpg 350w\" sizes=\"(max-width: 500px) 100vw, 500px\" \/><\/figure>\n<\/figure>\n\n\n\n<p>Las manchas oscuras en las axilas son m\u00e1s comunes de lo que se cree. Hasta 1 de cada 3 mujeres las presenta 1 , principalmente como consecuencia de factores cotidianos como el rasurado, la depilaci\u00f3n, la fricci\u00f3n constante y la falta de hidrataci\u00f3n. Estas agresiones repetidas pueden debilitar la barrera natural de la 1 https:\/\/www.dove.com\/mx\/deodorants\/tono-uniforme-para-manchas-en-las-axilas.html<\/p>\n\n\n\n<p>piel, provocando irritaci\u00f3n y un tono disparejo que muchas veces lleva a evitar prendas sin mangas, por ejemplo.<\/p>\n\n\n\n<p>Ante esta necesidad, Dove ha desarrollado Dove Tono Uniforme, un desodorante formulado especialmente para ayudar a prevenir y reducir la apariencia de manchas mientras cuida la piel desde las primeras aplicaciones. Su f\u00f3rmula combina \u00bc de crema humectante \u2014un distintivo de la marca\u2014 con Vitamina E, aceites esenciales y Ser\u00fam Pro-Ceramidas, ingredientes reconocidos por contribuir al fortalecimiento de la barrera cut\u00e1nea, mejorar la suavidad y devolver la luminosidad natural de la piel.<\/p>\n\n\n\n<p>Gracias a su f\u00f3rmula con 0% alcohol, Dove Tono Uniforme es suave incluso con las axilas sensibles, ayudando a calmar la piel despu\u00e9s del rasurado frecuente y a reducir la resequedad que puede intensificar la pigmentaci\u00f3n. Al mismo tiempo, ofrece una protecci\u00f3n eficaz hasta por 72 horas contra el mal olor, demostrando la importancia del cuidado de la piel.<\/p>\n\n\n\n<figure class=\"wp-block-gallery has-nested-images columns-default is-cropped wp-block-gallery-5 is-layout-flex wp-block-gallery-is-layout-flex\">\n<figure class=\"wp-block-image size-large\"><img decoding=\"async\" width=\"500\" height=\"500\" data-id=\"1105158\" src=\"https:\/\/dimensionturistica.com\/es\/wp-content\/uploads\/2026\/01\/3DOVE-1.jpg\" alt=\"\" class=\"wp-image-1105158\" srcset=\"https:\/\/dimensionturistica.com\/es\/wp-content\/uploads\/2026\/01\/3DOVE-1.jpg 500w, https:\/\/dimensionturistica.com\/es\/wp-content\/uploads\/2026\/01\/3DOVE-1-300x300.jpg 300w, https:\/\/dimensionturistica.com\/es\/wp-content\/uploads\/2026\/01\/3DOVE-1-150x150.jpg 150w, https:\/\/dimensionturistica.com\/es\/wp-content\/uploads\/2026\/01\/3DOVE-1-75x75.jpg 75w, https:\/\/dimensionturistica.com\/es\/wp-content\/uploads\/2026\/01\/3DOVE-1-350x350.jpg 350w\" sizes=\"(max-width: 500px) 100vw, 500px\" \/><\/figure>\n<\/figure>\n\n\n\n<p>La l\u00ednea Dove Tono Uniforme est\u00e1 disponible en aerosol, barra y roll-on, permitiendo que cada mujer elija el formato que mejor se adapte a su estilo de vida y preferencias. Cada aplicaci\u00f3n se convierte en un gesto de autocuidado que combina protecci\u00f3n, hidrataci\u00f3n y una fragancia delicada que acompa\u00f1a la rutina diaria con una sensaci\u00f3n de frescura y bienestar.<\/p>\n\n\n\n<p>As\u00ed, la marca contin\u00faa impulsando soluciones que ayuden a las mujeres a sentirse c\u00f3modas y seguras de s\u00ed mismas. Dove Tono Uniforme no busca cambiar la piel, sino cuidarla y respetarla.<\/p>\n\n\n\n<p>#Dove #DoveTonoUniforme #DoveBellezaReal<\/p>\n\n\n\n<figure class=\"wp-block-embed is-type-rich is-provider-tiktok wp-block-embed-tiktok\"><div class=\"wp-block-embed__wrapper\">\n<blockquote class=\"tiktok-embed\" cite=\"https:\/\/www.tiktok.com\/@dovemexico\" data-unique-id=\"dovemexico\" data-embed-from=\"oembed\" data-embed-type=\"creator\" style=\"max-width:780px; min-width:288px;\"> <section> <a target=\"_blank\" href=\"https:\/\/www.tiktok.com\/@dovemexico?refer=creator_embed\">@dovemexico<\/a> <\/section> <\/blockquote> <script async src=\"https:\/\/www.tiktok.com\/embed.js\"><\/script>\n<\/div><\/figure>\n\n\n\n<figure class=\"wp-block-embed\"><div class=\"wp-block-embed__wrapper\">\nhttps:\/\/www.instagram.com\/dovemex\/?hl=es\n<\/div><\/figure>\n","protected":false},"excerpt":{"rendered":"<p>En M\u00e9xico, existe una realidad poco visibilizada, 9 de cada 10 mujeres se sienten inseguras por problemas relacionados con su piel, y las axilas se han convertido en una de las zonas que mayor incomodidad generan. Se trata de un \u00e1rea delicada, propensa a la irritaci\u00f3n, la resequedad y la aparici\u00f3n de manchas, factores que [&hellip;]<\/p>\n","protected":false},"author":1,"featured_media":0,"comment_status":"open","ping_status":"closed","sticky":false,"template":"","format":"standard","meta":{"om_disable_all_campaigns":false,"jnews-multi-image_gallery":[],"jnews_single_post":[],"jnews_primary_category":[],"jnews_social_meta":[],"footnotes":""},"categories":[144872],"tags":[],"class_list":["post-1105154","post","type-post","status-publish","format-standard","hentry","category-fashion"],"_links":{"self":[{"href":"https:\/\/dimensionturistica.com\/es\/wp-json\/wp\/v2\/posts\/1105154","targetHints":{"allow":["GET"]}}],"collection":[{"href":"https:\/\/dimensionturistica.com\/es\/wp-json\/wp\/v2\/posts"}],"about":[{"href":"https:\/\/dimensionturistica.com\/es\/wp-json\/wp\/v2\/types\/post"}],"author":[{"embeddable":true,"href":"https:\/\/dimensionturistica.com\/es\/wp-json\/wp\/v2\/users\/1"}],"replies":[{"embeddable":true,"href":"https:\/\/dimensionturistica.com\/es\/wp-json\/wp\/v2\/comments?post=1105154"}],"version-history":[{"count":1,"href":"https:\/\/dimensionturistica.com\/es\/wp-json\/wp\/v2\/posts\/1105154\/revisions"}],"predecessor-version":[{"id":1105159,"href":"https:\/\/dimensionturistica.com\/es\/wp-json\/wp\/v2\/posts\/1105154\/revisions\/1105159"}],"wp:attachment":[{"href":"https:\/\/dimensionturistica.com\/es\/wp-json\/wp\/v2\/media?parent=1105154"}],"wp:term":[{"taxonomy":"category","embeddable":true,"href":"https:\/\/dimensionturistica.com\/es\/wp-json\/wp\/v2\/categories?post=1105154"},{"taxonomy":"post_tag","embeddable":true,"href":"https:\/\/dimensionturistica.com\/es\/wp-json\/wp\/v2\/tags?post=1105154"}],"curies":[{"name":"wp","href":"https:\/\/api.w.org\/{rel}","templated":true}]}}