{"id":1105127,"date":"2026-01-29T17:00:33","date_gmt":"2026-01-29T17:00:33","guid":{"rendered":"https:\/\/dimensionturistica.com\/es\/?p=1105127"},"modified":"2026-01-29T17:00:33","modified_gmt":"2026-01-29T17:00:33","slug":"chihuahua-fortalece-su-presencia-internacional-en-fitur-2026-con-alianzas-estrategicas-y-liderazgo-en-comunicacion-turistica","status":"publish","type":"post","link":"https:\/\/dimensionturistica.com\/es\/chihuahua-fortalece-su-presencia-internacional-en-fitur-2026-con-alianzas-estrategicas-y-liderazgo-en-comunicacion-turistica\/","title":{"rendered":"Chihuahua fortalece su presencia internacional en FITUR 2026 con alianzas estrat\u00e9gicas y liderazgo en comunicaci\u00f3n tur\u00edstica"},"content":{"rendered":"\n<figure class=\"wp-block-gallery has-nested-images columns-default is-cropped wp-block-gallery-1 is-layout-flex wp-block-gallery-is-layout-flex\">\n<figure class=\"wp-block-image size-large\"><img decoding=\"async\" width=\"500\" height=\"334\" data-id=\"1105128\" src=\"https:\/\/dimensionturistica.com\/es\/wp-content\/uploads\/2026\/01\/1CHI-1.jpg\" alt=\"\" class=\"wp-image-1105128\" srcset=\"https:\/\/dimensionturistica.com\/es\/wp-content\/uploads\/2026\/01\/1CHI-1.jpg 500w, https:\/\/dimensionturistica.com\/es\/wp-content\/uploads\/2026\/01\/1CHI-1-300x200.jpg 300w\" sizes=\"(max-width: 500px) 100vw, 500px\" \/><\/figure>\n<\/figure>\n\n\n\n<p>En el marco de la Feria Internacional de Turismo (FITUR) 2026, el estado de Chihuahua ha consolidado su posici\u00f3n como referente del sector tur\u00edstico mediante la firma de convenios estrat\u00e9gicos con San Luis Potos\u00ed y una destacada participaci\u00f3n en foros de an\u00e1lisis sobre el impacto social del turismo.<\/p>\n\n\n\n<figure class=\"wp-block-gallery has-nested-images columns-default is-cropped wp-block-gallery-2 is-layout-flex wp-block-gallery-is-layout-flex\">\n<figure class=\"wp-block-image size-large\"><img decoding=\"async\" width=\"500\" height=\"306\" data-id=\"1105129\" src=\"https:\/\/dimensionturistica.com\/es\/wp-content\/uploads\/2026\/01\/2CHI.jpg\" alt=\"\" class=\"wp-image-1105129\" srcset=\"https:\/\/dimensionturistica.com\/es\/wp-content\/uploads\/2026\/01\/2CHI.jpg 500w, https:\/\/dimensionturistica.com\/es\/wp-content\/uploads\/2026\/01\/2CHI-300x184.jpg 300w\" sizes=\"(max-width: 500px) 100vw, 500px\" \/><\/figure>\n<\/figure>\n\n\n\n<p>Alianza por el turismo enol\u00f3gico<\/p>\n\n\n\n<p>Durante las actividades en Madrid, los estados de Chihuahua y San Luis Potos\u00ed suscribieron un convenio de colaboraci\u00f3n enfocado en el intercambio de buenas pr\u00e1cticas en materia de turismo enol\u00f3gico.<\/p>\n\n\n\n<figure class=\"wp-block-gallery has-nested-images columns-default is-cropped wp-block-gallery-3 is-layout-flex wp-block-gallery-is-layout-flex\">\n<figure class=\"wp-block-image size-large\"><img decoding=\"async\" width=\"500\" height=\"276\" data-id=\"1105130\" src=\"https:\/\/dimensionturistica.com\/es\/wp-content\/uploads\/2026\/01\/4CHI.jpg\" alt=\"\" class=\"wp-image-1105130\" srcset=\"https:\/\/dimensionturistica.com\/es\/wp-content\/uploads\/2026\/01\/4CHI.jpg 500w, https:\/\/dimensionturistica.com\/es\/wp-content\/uploads\/2026\/01\/4CHI-300x166.jpg 300w\" sizes=\"(max-width: 500px) 100vw, 500px\" \/><\/figure>\n<\/figure>\n\n\n\n<p>El acuerdo firmado por el secretario de Turismo de Chihuahua, Edibray G\u00f3mez Gallegos, su hom\u00f3loga potosina, Yolanda Cepeda, y el secretario general de Gobierno de dicha entidad, Jos\u00e9 Guadalupe Torres representa la primera de varias alianzas que la entidad busca concretar para fortalecer su producci\u00f3n y oferta tur\u00edstica.<\/p>\n\n\n\n<figure class=\"wp-block-gallery has-nested-images columns-default is-cropped wp-block-gallery-4 is-layout-flex wp-block-gallery-is-layout-flex\">\n<figure class=\"wp-block-image size-large\"><img decoding=\"async\" width=\"500\" height=\"314\" data-id=\"1105131\" src=\"https:\/\/dimensionturistica.com\/es\/wp-content\/uploads\/2026\/01\/3CHI-1.jpg\" alt=\"\" class=\"wp-image-1105131\" srcset=\"https:\/\/dimensionturistica.com\/es\/wp-content\/uploads\/2026\/01\/3CHI-1.jpg 500w, https:\/\/dimensionturistica.com\/es\/wp-content\/uploads\/2026\/01\/3CHI-1-300x188.jpg 300w\" sizes=\"(max-width: 500px) 100vw, 500px\" \/><\/figure>\n<\/figure>\n\n\n\n<p>G\u00f3mez Gallegos destac\u00f3 que Chihuahua se ha posicionado recientemente como un destino vitivin\u00edcola de excelencia, ya que, en noviembre del a\u00f1o pasado, el estado obtuvo 13 medallas en el certamen M\u00e9xico Selection by CMB celebrado en la capital de la regi\u00f3n.<\/p>\n\n\n\n<p>Reconocimiento y respeto a los pueblos originarios<\/p>\n\n\n\n<figure class=\"wp-block-gallery has-nested-images columns-default is-cropped wp-block-gallery-5 is-layout-flex wp-block-gallery-is-layout-flex\">\n<figure class=\"wp-block-image size-large\"><img decoding=\"async\" width=\"500\" height=\"306\" data-id=\"1105132\" src=\"https:\/\/dimensionturistica.com\/es\/wp-content\/uploads\/2026\/01\/5CHI.jpg\" alt=\"\" class=\"wp-image-1105132\" srcset=\"https:\/\/dimensionturistica.com\/es\/wp-content\/uploads\/2026\/01\/5CHI.jpg 500w, https:\/\/dimensionturistica.com\/es\/wp-content\/uploads\/2026\/01\/5CHI-300x184.jpg 300w\" sizes=\"(max-width: 500px) 100vw, 500px\" \/><\/figure>\n<\/figure>\n\n\n\n<p>M\u00e1s all\u00e1 de la promoci\u00f3n comercial, Chihuahua tuvo una participaci\u00f3n acad\u00e9mica de alto nivel, el secretario Edibray G\u00f3mez Gallegos ofreci\u00f3 una conferencia magistral en la 1\u00aa Cumbre Internacional de Comunicaci\u00f3n y Turismo, titulada: \u201cVivir del turismo o sobrevivir al turismo: el reto de comunicar ante la turismofobia\u201d.<\/p>\n\n\n\n<figure class=\"wp-block-gallery has-nested-images columns-default is-cropped wp-block-gallery-6 is-layout-flex wp-block-gallery-is-layout-flex\">\n<figure class=\"wp-block-image size-large\"><img decoding=\"async\" width=\"500\" height=\"333\" data-id=\"1105133\" src=\"https:\/\/dimensionturistica.com\/es\/wp-content\/uploads\/2026\/01\/11CHI.jpg\" alt=\"\" class=\"wp-image-1105133\" srcset=\"https:\/\/dimensionturistica.com\/es\/wp-content\/uploads\/2026\/01\/11CHI.jpg 500w, https:\/\/dimensionturistica.com\/es\/wp-content\/uploads\/2026\/01\/11CHI-300x200.jpg 300w\" sizes=\"(max-width: 500px) 100vw, 500px\" \/><\/figure>\n<\/figure>\n\n\n\n<p>En su ponencia, G\u00f3mez Gallegos coment\u00f3 la necesidad de un equilibrio entre el desarrollo econ\u00f3mico y el bienestar de las comunidades locales:<\/p>\n\n\n\n<p>\u201cEl valor de la gente y el cuidado de los pueblos originarios son sumamente importantes. Toda la cadena de valor debe ofrecer al viajero una experiencia \u00fanica sin olvidar preservar el medio ambiente y escuchar las inquietudes de los residentes\u201d, asegur\u00f3 el funcionario.<\/p>\n\n\n\n<figure class=\"wp-block-gallery has-nested-images columns-default is-cropped wp-block-gallery-7 is-layout-flex wp-block-gallery-is-layout-flex\">\n<figure class=\"wp-block-image size-large\"><img decoding=\"async\" width=\"500\" height=\"318\" data-id=\"1105134\" src=\"https:\/\/dimensionturistica.com\/es\/wp-content\/uploads\/2026\/01\/8CHI.jpg\" alt=\"\" class=\"wp-image-1105134\" srcset=\"https:\/\/dimensionturistica.com\/es\/wp-content\/uploads\/2026\/01\/8CHI.jpg 500w, https:\/\/dimensionturistica.com\/es\/wp-content\/uploads\/2026\/01\/8CHI-300x191.jpg 300w\" sizes=\"(max-width: 500px) 100vw, 500px\" \/><\/figure>\n<\/figure>\n\n\n\n<p>En el panel tambi\u00e9n participaron figuras internacionales como Mar\u00eda de Lurdes Vale, directora de Turismo de Portugal en Espa\u00f1a, y Diego Barcel\u00f3, CEO de Comunicaci\u00f3n Iberoamericana.<\/p>\n\n\n\n<figure class=\"wp-block-gallery has-nested-images columns-default is-cropped wp-block-gallery-8 is-layout-flex wp-block-gallery-is-layout-flex\">\n<figure class=\"wp-block-image size-large\"><img decoding=\"async\" width=\"500\" height=\"307\" data-id=\"1105135\" src=\"https:\/\/dimensionturistica.com\/es\/wp-content\/uploads\/2026\/01\/9CHI.jpg\" alt=\"\" class=\"wp-image-1105135\" srcset=\"https:\/\/dimensionturistica.com\/es\/wp-content\/uploads\/2026\/01\/9CHI.jpg 500w, https:\/\/dimensionturistica.com\/es\/wp-content\/uploads\/2026\/01\/9CHI-300x184.jpg 300w\" sizes=\"(max-width: 500px) 100vw, 500px\" \/><\/figure>\n<\/figure>\n\n\n\n<p>La delegaci\u00f3n chihuahuense mantuvo una agenda din\u00e1mica durante FITUR con actividades como catas de vinos premiados y degustaciones de gastronom\u00eda regional, activaciones con atletas rar\u00e1muri, presentaciones de nuevas estrategias de promoci\u00f3n tur\u00edstica sustentable y reuniones de negocios con mayoristas internacionales representantes de 156 pa\u00edses<\/p>\n","protected":false},"excerpt":{"rendered":"<p>En el marco de la Feria Internacional de Turismo (FITUR) 2026, el estado de Chihuahua ha consolidado su posici\u00f3n como referente del sector tur\u00edstico mediante la firma de convenios estrat\u00e9gicos con San Luis Potos\u00ed y una destacada participaci\u00f3n en foros de an\u00e1lisis sobre el impacto social del turismo. Alianza por el turismo enol\u00f3gico Durante las [&hellip;]<\/p>\n","protected":false},"author":1,"featured_media":0,"comment_status":"open","ping_status":"closed","sticky":false,"template":"","format":"standard","meta":{"om_disable_all_campaigns":false,"jnews-multi-image_gallery":[],"jnews_single_post":{"format":"standard"},"jnews_primary_category":[],"jnews_social_meta":[],"footnotes":""},"categories":[39],"tags":[],"class_list":["post-1105127","post","type-post","status-publish","format-standard","hentry","category-viajes"],"_links":{"self":[{"href":"https:\/\/dimensionturistica.com\/es\/wp-json\/wp\/v2\/posts\/1105127","targetHints":{"allow":["GET"]}}],"collection":[{"href":"https:\/\/dimensionturistica.com\/es\/wp-json\/wp\/v2\/posts"}],"about":[{"href":"https:\/\/dimensionturistica.com\/es\/wp-json\/wp\/v2\/types\/post"}],"author":[{"embeddable":true,"href":"https:\/\/dimensionturistica.com\/es\/wp-json\/wp\/v2\/users\/1"}],"replies":[{"embeddable":true,"href":"https:\/\/dimensionturistica.com\/es\/wp-json\/wp\/v2\/comments?post=1105127"}],"version-history":[{"count":1,"href":"https:\/\/dimensionturistica.com\/es\/wp-json\/wp\/v2\/posts\/1105127\/revisions"}],"predecessor-version":[{"id":1105136,"href":"https:\/\/dimensionturistica.com\/es\/wp-json\/wp\/v2\/posts\/1105127\/revisions\/1105136"}],"wp:attachment":[{"href":"https:\/\/dimensionturistica.com\/es\/wp-json\/wp\/v2\/media?parent=1105127"}],"wp:term":[{"taxonomy":"category","embeddable":true,"href":"https:\/\/dimensionturistica.com\/es\/wp-json\/wp\/v2\/categories?post=1105127"},{"taxonomy":"post_tag","embeddable":true,"href":"https:\/\/dimensionturistica.com\/es\/wp-json\/wp\/v2\/tags?post=1105127"}],"curies":[{"name":"wp","href":"https:\/\/api.w.org\/{rel}","templated":true}]}}