{"id":1105072,"date":"2026-01-29T15:32:16","date_gmt":"2026-01-29T15:32:16","guid":{"rendered":"https:\/\/dimensionturistica.com\/es\/?p=1105072"},"modified":"2026-01-29T15:32:16","modified_gmt":"2026-01-29T15:32:16","slug":"aun-con-avances-significativos-el-control-del-tabaco-enfrenta-retos-organizaciones-de-la-sociedad-civil","status":"publish","type":"post","link":"https:\/\/dimensionturistica.com\/es\/aun-con-avances-significativos-el-control-del-tabaco-enfrenta-retos-organizaciones-de-la-sociedad-civil\/","title":{"rendered":"\u201cAun con avances significativos, el control del tabaco enfrenta retos\u201d: organizaciones de la sociedad civil"},"content":{"rendered":"\n<p><\/p>\n\n\n\n<figure class=\"wp-block-gallery has-nested-images columns-default is-cropped wp-block-gallery-1 is-layout-flex wp-block-gallery-is-layout-flex\">\n<figure class=\"wp-block-image size-large\"><img decoding=\"async\" width=\"500\" height=\"95\" data-id=\"1105073\" src=\"https:\/\/dimensionturistica.com\/es\/wp-content\/uploads\/2026\/01\/1SALUD-3.jpg\" alt=\"\" class=\"wp-image-1105073\" srcset=\"https:\/\/dimensionturistica.com\/es\/wp-content\/uploads\/2026\/01\/1SALUD-3.jpg 500w, https:\/\/dimensionturistica.com\/es\/wp-content\/uploads\/2026\/01\/1SALUD-3-300x57.jpg 300w\" sizes=\"(max-width: 500px) 100vw, 500px\" \/><\/figure>\n<\/figure>\n\n\n\n<p>La ENCODAT 2025 muestra una disminuci\u00f3n estad\u00edsticamente significativa principalmente en hombres y en regiones espec\u00edficas como la Pen\u00ednsula Norte, la Ciudad de M\u00e9xico y la Regi\u00f3n Centro Sur, aunque permanece sin cambios en el grupo de mujeres.<\/p>\n\n\n\n<p>La epidemia de tabaquismo contin\u00faa siendo un problema de salud p\u00fablica, pues el pa\u00eds registra cerca de 14 millones de fumadores, situaci\u00f3n que se agrava por el incremento significativo del uso de cigarros electr\u00f3nicos.<\/p>\n\n\n\n<p>El aumento a los impuestos al tabaco puede verse desde la \u00f3ptica de la justicia fiscal y de la salud p\u00fablica.<\/p>\n\n\n\n<p>Ciudad de M\u00e9xico, a 28 de enero de 2026.<\/p>\n\n\n\n<p>&nbsp;Luego de la presentaci\u00f3n oficial de la ENCODAT 2025 representantes del Instituto Nacional de Salud P\u00fablica y de la sociedad civil emitieron un posicionamiento respecto a los retos para el control del tabaco.<\/p>\n\n\n\n<p>La Dra. Luz Myriam Reynales, Jefa del Departamento de Prevenci\u00f3n y Control de Tabaquismo del INSP present\u00f3 indicadores relevantes del apartado sobre tabaco de la ENCODAT 2025 concluyendo que el uso actual de tabaco fumado en la poblaci\u00f3n mexicana de 12 a 65 a\u00f1os muestra un descenso estad\u00edsticamente significativo entre 2016 y 2025. Esta disminuci\u00f3n se observa principalmente en los hombres y en regiones espec\u00edficas como la Pen\u00ednsula Norte (Baja California, Baja California Sur y Sonora), la CDMX y la regi\u00f3n Centro Sur (Veracruz, Oaxaca, Guerrero y Michoac\u00e1n), mientras permanece sin cambios en el grupo de las mujeres.<\/p>\n\n\n\n<figure class=\"wp-block-gallery has-nested-images columns-default is-cropped wp-block-gallery-2 is-layout-flex wp-block-gallery-is-layout-flex\">\n<figure class=\"wp-block-image size-large\"><img decoding=\"async\" width=\"500\" height=\"375\" data-id=\"1105074\" src=\"https:\/\/dimensionturistica.com\/es\/wp-content\/uploads\/2026\/01\/5SALUD-1.jpg\" alt=\"\" class=\"wp-image-1105074\" srcset=\"https:\/\/dimensionturistica.com\/es\/wp-content\/uploads\/2026\/01\/5SALUD-1.jpg 500w, https:\/\/dimensionturistica.com\/es\/wp-content\/uploads\/2026\/01\/5SALUD-1-300x225.jpg 300w\" sizes=\"(max-width: 500px) 100vw, 500px\" \/><\/figure>\n<\/figure>\n\n\n\n<p>\u201cA pesar de los avances en la implementaci\u00f3n del Convenio Marco de la OMS para el Control del Tabaco a trav\u00e9s del Plan de medidas MPOWER, la epidemia de tabaquismo contin\u00faa siendo un problema de salud p\u00fablica, pues el pa\u00eds registra cerca de 14 millones de fumadores, y esta se ve agravada por el incremento significativo en el uso de cigarros electr\u00f3nicos, tanto en hombres como en mujeres, especialmente entre los adolescentes\u201d puntualiz\u00f3 Reynales.<\/p>\n\n\n\n<p>Para Erick Antonio Ochoa, Director de Salud Justa Mx, \u201cla disminuci\u00f3n de prevalencia general debe adjudicarse al avance de pol\u00edticas p\u00fablicas para el control del tabaco, especialmente con las reformas a la Ley General para el Control del Tabaco (2022) y las reformas al Reglamento de la Ley General para el Control del Tabaco (2023), que instauraron en todo el pa\u00eds los ambientes libres de humo y emisiones, as\u00ed como la prohibici\u00f3n total de publicidad, promoci\u00f3n y patrocinio de productos de tabaco. Sin embargo, hay pendientes relevantes como la regulaci\u00f3n estricta de contenidos, el empaquetado neutro, el aumento significativo de impuestos a los productos de tabaco y la m\u00e1xima regulaci\u00f3n a los productos emergentes de tabaco y nicotina, con la debida instrumentaci\u00f3n de la prohibici\u00f3n de vapeadores aprobada recientemente\u201d.<\/p>\n\n\n\n<p>La Dra. Guadalupe Ponciano, coordinadora&nbsp; del Comit\u00e9 Interinstitucional para la Lucha Contra el Tabaco coment\u00f3&nbsp; que el abandono del tabaco ha sido uno de los aspectos m\u00e1s dif\u00edciles de abordar en nuestro pa\u00eds, de acuerdo con los datos de esta ENCODAT 2025, seguimos desaprovechando el inter\u00e9s por abandonar el tabaquismo de siete de cada diez&nbsp; usuarios, as\u00ed como los intentos que m\u00e1s de la mitad de las personas realizan cada a\u00f1o para dejar el consumo, ya que solamente el 18% recibe alguna recomendaci\u00f3n y apoyo para liberarse de esta adicci\u00f3n a trav\u00e9s de profesionales de la salud.<\/p>\n\n\n\n<p>\u201cCada d\u00eda mueren en nuestro pa\u00eds aproximadamente 170 personas (63 000 al a\u00f1o) a causa del consumo del tabaco; muchas de esas vidas podr\u00edan salvarse si tuvi\u00e9ramos un sistema de salud que realmente ofreciera ayuda terap\u00e9utica y medicamentos para dejar de fumar a los casi 14&nbsp; millones de consumidores de productos de tabaco\u201d enfatiz\u00f3 Ponciano.<\/p>\n\n\n\n<p>Jos\u00e9 Ar\u00e9valo Lomel\u00ed, integrante del Instituto del Sur Urbano A.C., dijo que el aumento a los impuestos al tabaco puede verse desde la \u00f3ptica de la&nbsp; justicia fiscal as\u00ed como de la salud p\u00fablica. Por lo tanto, el hecho de que en esta ENCODAT se incluya el monitoreo del consumo de tabaco fumado entre las diferentes regiones que integran el pa\u00eds, la segmentaci\u00f3n por edad y el consumo de productos emergentes, permite que la sociedad civil y la academia realicemos an\u00e1lisis m\u00e1s profundos. Esto, nos allega de mayor evidencia para responder con propuestas de pol\u00edticas m\u00e1s afines y actuales con las necesidades y con las mejores pr\u00e1cticas internacionales. En este sentido, es una buena noticia que este a\u00f1o se increment\u00f3 la cuota espec\u00edfica del IEPS a tabaco aprobada en el Congreso de la Uni\u00f3n para el Paquete Econ\u00f3mico 2026 y hasta 2030. Sin embargo, los datos de la ENCODAT nos permitir\u00e1n reforzar los aprendizajes e identificar las \u00e1reas de oportunidad para seguir luchando por una pol\u00edtica fiscal \u00f3ptima referida al control de la epidemia de tabaco y la garant\u00eda del derecho a la salud de toda la poblaci\u00f3n.<\/p>\n\n\n\n<p>Al respecto Karen \u00c1vila, integrante de Voces J\u00f3venes por el Derecho a la Salud Mx, subray\u00f3 que industria tabacalera, logra sus cometidos y ha pasado de segmentar por g\u00e9nero a los posibles consumidores de sus productos a enfocarse cada vez m\u00e1s en las personas adolescentes y j\u00f3venes mediante las redes sociales en internet y los productos emergentes. Seg\u00fan la ENCODAT aqu\u00ed revisada, respecto a los j\u00f3venes se destaca que:<\/p>\n\n\n\n<p>El uso de cigarros electr\u00f3nicos en el \u00faltimo mes en la poblaci\u00f3n de 12 a 17 a\u00f1os fue de 3.1% (3.5% hombres, 2.6% mujeres) aumentando respecto al 1.1% observado en 2016 (1.6% hombres, 0.6% mujeres).<\/p>\n\n\n\n<p>Se observa un aumento en la prevalencia total de uso de cigarros electr\u00f3nicos en el \u00faltimo mes de 1.1% en 2016 a 3.1% en 2025. Este aumento se observa en hombres (1.6% a 3.5%) y mujeres (0.6% a 2.6%).<\/p>\n\n\n\n<p>Uso de cigarrillos electr\u00f3nicos en el \u00faltimo mes entre adolescentes fue del 1.1% al 3.1%<\/p>\n\n\n\n<p>Primera vez que se mide el uso de bolsas de nicotina. Un producto que no cuenta con regulaci\u00f3n sanitaria de ning\u00fan tipo y que irresponsablemente se le impuso un impuesto que asegura su legalidad de venta\u201d.<\/p>\n\n\n\n<p>\u201cLas personas j\u00f3venes solicitamos que se haga cumplir la ley, que el Estado asuma mayor responsabilidad en el cuidado y protecci\u00f3n de la salud de las ni\u00f1as, ni\u00f1os, adolescentes y j\u00f3venes, en consonancia con el inter\u00e9s superior que implica tal protecci\u00f3n y cumpla el compromiso asumido en el Convenio Marco para el Control del Tabaco\u201d,&nbsp; finaliz\u00f3 Am\u00e9rica.<\/p>\n","protected":false},"excerpt":{"rendered":"<p>La ENCODAT 2025 muestra una disminuci\u00f3n estad\u00edsticamente significativa principalmente en hombres y en regiones espec\u00edficas como la Pen\u00ednsula Norte, la Ciudad de M\u00e9xico y la Regi\u00f3n Centro Sur, aunque permanece sin cambios en el grupo de mujeres. La epidemia de tabaquismo contin\u00faa siendo un problema de salud p\u00fablica, pues el pa\u00eds registra cerca de 14 [&hellip;]<\/p>\n","protected":false},"author":1,"featured_media":0,"comment_status":"open","ping_status":"closed","sticky":false,"template":"","format":"standard","meta":{"om_disable_all_campaigns":false,"jnews-multi-image_gallery":[],"jnews_single_post":[],"jnews_primary_category":[],"jnews_social_meta":[],"footnotes":""},"categories":[40],"tags":[],"class_list":["post-1105072","post","type-post","status-publish","format-standard","hentry","category-industria"],"_links":{"self":[{"href":"https:\/\/dimensionturistica.com\/es\/wp-json\/wp\/v2\/posts\/1105072","targetHints":{"allow":["GET"]}}],"collection":[{"href":"https:\/\/dimensionturistica.com\/es\/wp-json\/wp\/v2\/posts"}],"about":[{"href":"https:\/\/dimensionturistica.com\/es\/wp-json\/wp\/v2\/types\/post"}],"author":[{"embeddable":true,"href":"https:\/\/dimensionturistica.com\/es\/wp-json\/wp\/v2\/users\/1"}],"replies":[{"embeddable":true,"href":"https:\/\/dimensionturistica.com\/es\/wp-json\/wp\/v2\/comments?post=1105072"}],"version-history":[{"count":1,"href":"https:\/\/dimensionturistica.com\/es\/wp-json\/wp\/v2\/posts\/1105072\/revisions"}],"predecessor-version":[{"id":1105075,"href":"https:\/\/dimensionturistica.com\/es\/wp-json\/wp\/v2\/posts\/1105072\/revisions\/1105075"}],"wp:attachment":[{"href":"https:\/\/dimensionturistica.com\/es\/wp-json\/wp\/v2\/media?parent=1105072"}],"wp:term":[{"taxonomy":"category","embeddable":true,"href":"https:\/\/dimensionturistica.com\/es\/wp-json\/wp\/v2\/categories?post=1105072"},{"taxonomy":"post_tag","embeddable":true,"href":"https:\/\/dimensionturistica.com\/es\/wp-json\/wp\/v2\/tags?post=1105072"}],"curies":[{"name":"wp","href":"https:\/\/api.w.org\/{rel}","templated":true}]}}