{"id":1105044,"date":"2026-01-29T14:52:09","date_gmt":"2026-01-29T14:52:09","guid":{"rendered":"https:\/\/dimensionturistica.com\/es\/?p=1105044"},"modified":"2026-01-29T14:52:09","modified_gmt":"2026-01-29T14:52:09","slug":"complementar-la-orientacion-nutricional-con-educacion-en-diabetes-permite-a-las-personas-tomar-decisiones-informadas-sobre-su-salud","status":"publish","type":"post","link":"https:\/\/dimensionturistica.com\/es\/complementar-la-orientacion-nutricional-con-educacion-en-diabetes-permite-a-las-personas-tomar-decisiones-informadas-sobre-su-salud\/","title":{"rendered":"Complementar la orientaci\u00f3n nutricional con Educaci\u00f3n en diabetes permite a las personas tomar decisiones informadas sobre su salud"},"content":{"rendered":"\n<figure class=\"wp-block-gallery has-nested-images columns-default is-cropped wp-block-gallery-1 is-layout-flex wp-block-gallery-is-layout-flex\">\n<figure class=\"wp-block-image size-large\"><img decoding=\"async\" width=\"500\" height=\"426\" data-id=\"1105045\" src=\"https:\/\/dimensionturistica.com\/es\/wp-content\/uploads\/2026\/01\/2NUTRIO.jpg\" alt=\"\" class=\"wp-image-1105045\" srcset=\"https:\/\/dimensionturistica.com\/es\/wp-content\/uploads\/2026\/01\/2NUTRIO.jpg 500w, https:\/\/dimensionturistica.com\/es\/wp-content\/uploads\/2026\/01\/2NUTRIO-300x256.jpg 300w\" sizes=\"(max-width: 500px) 100vw, 500px\" \/><\/figure>\n<\/figure>\n\n\n\n<p>&nbsp;En el marco del D\u00eda del Nutri\u00f3logo, la Federaci\u00f3n Mexicana de Diabetes, A.C. (FMD) reconoce la labor fundamental de las y los profesionales de la nutrici\u00f3n como actores clave en la prevenci\u00f3n, el tratamiento y el manejo integral de la diabetes en M\u00e9xico.<\/p>\n\n\n\n<p>De acuerdo con datos de la Federaci\u00f3n Internacional de Diabetes (IDF), en M\u00e9xico casi 14 millones de personas viven con diabetes[1], y una proporci\u00f3n significativa de los casos est\u00e1 asociada a factores modificables como los h\u00e1bitos alimentarios y el estilo de vida. El consumo excesivo de az\u00facares a\u00f1adidos, bebidas azucaradas y alimentos ultra procesados, as\u00ed como la baja ingesta de frutas, verduras y fibra, contin\u00faan siendo retos relevantes en el pa\u00eds.<\/p>\n\n\n\n<figure class=\"wp-block-gallery has-nested-images columns-default is-cropped wp-block-gallery-2 is-layout-flex wp-block-gallery-is-layout-flex\">\n<figure class=\"wp-block-image size-large\"><img decoding=\"async\" width=\"500\" height=\"538\" data-id=\"1105049\" src=\"https:\/\/dimensionturistica.com\/es\/wp-content\/uploads\/2026\/01\/6NUTRIO.jpg\" alt=\"\" class=\"wp-image-1105049\" srcset=\"https:\/\/dimensionturistica.com\/es\/wp-content\/uploads\/2026\/01\/6NUTRIO.jpg 500w, https:\/\/dimensionturistica.com\/es\/wp-content\/uploads\/2026\/01\/6NUTRIO-279x300.jpg 279w\" sizes=\"(max-width: 500px) 100vw, 500px\" \/><\/figure>\n<\/figure>\n\n\n\n<p>Vivir con diabetes implica enfrentar retos que van m\u00e1s all\u00e1 del tratamiento farmacol\u00f3gico. La FMD destaca que una alimentaci\u00f3n adecuada, personalizada y basada en evidencia cient\u00edfica es uno de los factores m\u00e1s determinantes para mejorar la calidad de vida de las personas, prevenir complicaciones y favorecer un mejor manejo metab\u00f3lico a largo plazo.<\/p>\n\n\n\n<p>En este contexto, la nutrici\u00f3n juega un papel central tanto en la prevenci\u00f3n de la diabetes tipo 2 como en su adecuado manejo una vez diagnosticada. Las y los nutri\u00f3logos contribuyen de manera directa a que las personas comprendan la relaci\u00f3n entre la alimentaci\u00f3n, los niveles de glucosa y la salud en general, promoviendo cambios sostenibles que impactan positivamente en su bienestar.<\/p>\n\n\n\n<p>Como parte de las recomendaciones clave para la prevenci\u00f3n y el manejo de la diabetes, la FMD subraya la importancia de:<\/p>\n\n\n\n<p>1. Reducir el consumo de az\u00facares a\u00f1adidos y bebidas azucaradas<\/p>\n\n\n\n<p>2. Priorizar una alimentaci\u00f3n equilibrada, rica en verduras, frutas, leguminosas y cereales integrales<\/p>\n\n\n\n<p>3. Complementar la orientaci\u00f3n nutricional con Educaci\u00f3n en diabetes, que permita a las personas tomar decisiones informadas sobre su salud<\/p>\n\n\n\n<figure class=\"wp-block-gallery has-nested-images columns-default is-cropped wp-block-gallery-3 is-layout-flex wp-block-gallery-is-layout-flex\">\n<figure class=\"wp-block-image size-large\"><img decoding=\"async\" width=\"500\" height=\"333\" data-id=\"1105050\" src=\"https:\/\/dimensionturistica.com\/es\/wp-content\/uploads\/2026\/01\/1NUTRIO.jpg\" alt=\"\" class=\"wp-image-1105050\" srcset=\"https:\/\/dimensionturistica.com\/es\/wp-content\/uploads\/2026\/01\/1NUTRIO.jpg 500w, https:\/\/dimensionturistica.com\/es\/wp-content\/uploads\/2026\/01\/1NUTRIO-300x200.jpg 300w\" sizes=\"(max-width: 500px) 100vw, 500px\" \/><\/figure>\n<\/figure>\n\n\n\n<p>\u201cUna buena nutrici\u00f3n no s\u00f3lo es parte del tratamiento de la diabetes, sino una herramienta clave para prevenirla y para que las personas tengan una mejor calidad de vida. El acompa\u00f1amiento nutricional permite que las personas comprendan su condici\u00f3n y se involucren activamente en el cuidado de su salud\u201d, se\u00f1al\u00f3 la LN ED M\u00f3nica Hurtado, Gerente Acad\u00e9mica de la Federaci\u00f3n Mexicana de Diabetes, A.C.<\/p>\n\n\n\n<p>En este sentido, la FMD recuerda que cuenta con el Diplomado de Formaci\u00f3n de Educadores en diabetes, dirigido a profesionales de la salud, incluidos nutri\u00f3logos, interesados en fortalecer sus conocimientos y ampliar su impacto en el manejo integral de la diabetes. M\u00e1s informaci\u00f3n en:<\/p>\n\n\n\n<figure class=\"wp-block-embed\"><div class=\"wp-block-embed__wrapper\">\nhttps:\/\/diplomadoendiabetes.org\n<\/div><\/figure>\n\n\n\n<p>Desde la Federaci\u00f3n se hace un llamado a las y los profesionales de la nutrici\u00f3n a continuar fortaleciendo su formaci\u00f3n y a sumar esfuerzos para impulsar estrategias de prevenci\u00f3n que reconozcan a la nutrici\u00f3n como un componente esencial de la atenci\u00f3n en diabetes. Invertir en nutrici\u00f3n y educaci\u00f3n es apostar por una atenci\u00f3n m\u00e1s integral, humana y sostenible.<\/p>\n\n\n\n<p>En el D\u00eda del Nutri\u00f3logo, la Federaci\u00f3n Mexicana de Diabetes, A.C. refrenda su compromiso de seguir impulsando acciones que promuevan una alimentaci\u00f3n saludable y el acceso a atenci\u00f3n nutricional de calidad como parte fundamental de la prevenci\u00f3n y el manejo de la diabetes en M\u00e9xico.<\/p>\n","protected":false},"excerpt":{"rendered":"<p>&nbsp;En el marco del D\u00eda del Nutri\u00f3logo, la Federaci\u00f3n Mexicana de Diabetes, A.C. (FMD) reconoce la labor fundamental de las y los profesionales de la nutrici\u00f3n como actores clave en la prevenci\u00f3n, el tratamiento y el manejo integral de la diabetes en M\u00e9xico. De acuerdo con datos de la Federaci\u00f3n Internacional de Diabetes (IDF), en [&hellip;]<\/p>\n","protected":false},"author":1,"featured_media":0,"comment_status":"open","ping_status":"closed","sticky":false,"template":"","format":"standard","meta":{"om_disable_all_campaigns":false,"jnews-multi-image_gallery":[],"jnews_single_post":[],"jnews_primary_category":[],"jnews_social_meta":[],"footnotes":""},"categories":[43],"tags":[],"class_list":["post-1105044","post","type-post","status-publish","format-standard","hentry","category-gourmet"],"_links":{"self":[{"href":"https:\/\/dimensionturistica.com\/es\/wp-json\/wp\/v2\/posts\/1105044","targetHints":{"allow":["GET"]}}],"collection":[{"href":"https:\/\/dimensionturistica.com\/es\/wp-json\/wp\/v2\/posts"}],"about":[{"href":"https:\/\/dimensionturistica.com\/es\/wp-json\/wp\/v2\/types\/post"}],"author":[{"embeddable":true,"href":"https:\/\/dimensionturistica.com\/es\/wp-json\/wp\/v2\/users\/1"}],"replies":[{"embeddable":true,"href":"https:\/\/dimensionturistica.com\/es\/wp-json\/wp\/v2\/comments?post=1105044"}],"version-history":[{"count":1,"href":"https:\/\/dimensionturistica.com\/es\/wp-json\/wp\/v2\/posts\/1105044\/revisions"}],"predecessor-version":[{"id":1105051,"href":"https:\/\/dimensionturistica.com\/es\/wp-json\/wp\/v2\/posts\/1105044\/revisions\/1105051"}],"wp:attachment":[{"href":"https:\/\/dimensionturistica.com\/es\/wp-json\/wp\/v2\/media?parent=1105044"}],"wp:term":[{"taxonomy":"category","embeddable":true,"href":"https:\/\/dimensionturistica.com\/es\/wp-json\/wp\/v2\/categories?post=1105044"},{"taxonomy":"post_tag","embeddable":true,"href":"https:\/\/dimensionturistica.com\/es\/wp-json\/wp\/v2\/tags?post=1105044"}],"curies":[{"name":"wp","href":"https:\/\/api.w.org\/{rel}","templated":true}]}}