{"id":1104795,"date":"2026-01-28T23:31:49","date_gmt":"2026-01-28T23:31:49","guid":{"rendered":"https:\/\/dimensionturistica.com\/es\/?p=1104795"},"modified":"2026-01-28T23:31:49","modified_gmt":"2026-01-28T23:31:49","slug":"turkish-airlines-aerolinea-oficial-patrocinadora-de-la-competencia-de-salto-fei-en-san-miguel-de-allende","status":"publish","type":"post","link":"https:\/\/dimensionturistica.com\/es\/turkish-airlines-aerolinea-oficial-patrocinadora-de-la-competencia-de-salto-fei-en-san-miguel-de-allende\/","title":{"rendered":"\u00a0Turkish Airlines, aerol\u00ednea oficial patrocinadora de la competencia de salto FEI en San Miguel de Allende"},"content":{"rendered":"\n<p><\/p>\n\n\n\n<figure class=\"wp-block-gallery has-nested-images columns-default is-cropped wp-block-gallery-1 is-layout-flex wp-block-gallery-is-layout-flex\">\n<figure class=\"wp-block-image size-large\"><img decoding=\"async\" width=\"500\" height=\"134\" data-id=\"1104796\" src=\"https:\/\/dimensionturistica.com\/es\/wp-content\/uploads\/2026\/01\/7TUR.jpg\" alt=\"\" class=\"wp-image-1104796\" srcset=\"https:\/\/dimensionturistica.com\/es\/wp-content\/uploads\/2026\/01\/7TUR.jpg 500w, https:\/\/dimensionturistica.com\/es\/wp-content\/uploads\/2026\/01\/7TUR-300x80.jpg 300w\" sizes=\"(max-width: 500px) 100vw, 500px\" \/><\/figure>\n<\/figure>\n\n\n\n<p>Turkish Airlines, la aerol\u00ednea que vuela a m\u00e1s pa\u00edses que cualquier otra, desempe\u00f1\u00f3 un papel protag\u00f3nico como Aerol\u00ednea Oficial Patrocinadora de la competencia de salto avalada por la F\u00e9d\u00e9ration Equestre Internationale (FEI), cuya primera fase se celebr\u00f3 del 21 al 25 de enero de 2026 en la hist\u00f3rica ciudad de San Miguel de Allende, Guanajuato. Esta etapa inaugural marc\u00f3 el inicio de una serie ecuestre de m\u00faltiples fases incluida oficialmente en el calendario de la FEI, reuniendo a jinetes internacionales y caballos de \u00e9lite en un entorno de clase mundial.<\/p>\n\n\n\n<figure class=\"wp-block-gallery has-nested-images columns-default is-cropped wp-block-gallery-2 is-layout-flex wp-block-gallery-is-layout-flex\">\n<figure class=\"wp-block-image size-large\"><img decoding=\"async\" width=\"500\" height=\"429\" data-id=\"1104797\" src=\"https:\/\/dimensionturistica.com\/es\/wp-content\/uploads\/2026\/01\/1SAN-2.jpg\" alt=\"\" class=\"wp-image-1104797\" srcset=\"https:\/\/dimensionturistica.com\/es\/wp-content\/uploads\/2026\/01\/1SAN-2.jpg 500w, https:\/\/dimensionturistica.com\/es\/wp-content\/uploads\/2026\/01\/1SAN-2-300x257.jpg 300w\" sizes=\"(max-width: 500px) 100vw, 500px\" \/><\/figure>\n<\/figure>\n\n\n\n<p>A trav\u00e9s de este patrocinio, Turkish Airlines reafirm\u00f3 su s\u00f3lido compromiso con el impulso al deporte internacional y el fortalecimiento de la conectividad global. Su participaci\u00f3n contribuy\u00f3 a reforzar el v\u00ednculo entre M\u00e9xico y la comunidad ecuestre internacional, elevando el posicionamiento del evento dentro del circuito FEI.<\/p>\n\n\n\n<p>Durante cinco d\u00edas de competencia de alto nivel, jinetes provenientes de distintos pa\u00edses participaron en una serie de pruebas de salto FEI, demostrando excelencia t\u00e9cnica, precisi\u00f3n y la destacada conexi\u00f3n entre caballo y jinete.<\/p>\n\n\n\n<figure class=\"wp-block-gallery has-nested-images columns-default is-cropped wp-block-gallery-3 is-layout-flex wp-block-gallery-is-layout-flex\"><\/figure>\n\n\n\n<figure class=\"wp-block-gallery has-nested-images columns-default is-cropped wp-block-gallery-4 is-layout-flex wp-block-gallery-is-layout-flex\">\n<figure class=\"wp-block-image size-large\"><img decoding=\"async\" width=\"560\" height=\"374\" data-id=\"1104798\" src=\"https:\/\/dimensionturistica.com\/es\/wp-content\/uploads\/2026\/01\/4SAN-1.jpg\" alt=\"\" class=\"wp-image-1104798\" srcset=\"https:\/\/dimensionturistica.com\/es\/wp-content\/uploads\/2026\/01\/4SAN-1.jpg 560w, https:\/\/dimensionturistica.com\/es\/wp-content\/uploads\/2026\/01\/4SAN-1-300x200.jpg 300w\" sizes=\"(max-width: 560px) 100vw, 560px\" \/><\/figure>\n<\/figure>\n\n\n\n<p>El momento culminante del evento se vivi\u00f3 con el CSI2 Gran Premio 1.45*, la prueba estelar de la competencia, celebrada en los \u00faltimos d\u00edas del torneo. El Gran Premio concluy\u00f3 con una sobresaliente actuaci\u00f3n de Nicol\u00e1s Pizarro, quien se adjudic\u00f3 el primer lugar, seguido por Juan Pablo Gaspar en la segunda posici\u00f3n y Jos\u00e9 Antonio Chedraui en el tercer puesto, confirmando el alto nivel competitivo de los jinetes internacionales participantes en este evento avalado por la FEI.<\/p>\n\n\n\n<figure class=\"wp-block-gallery has-nested-images columns-default is-cropped wp-block-gallery-5 is-layout-flex wp-block-gallery-is-layout-flex\">\n<figure class=\"wp-block-image size-large\"><img decoding=\"async\" width=\"560\" height=\"374\" data-id=\"1104799\" src=\"https:\/\/dimensionturistica.com\/es\/wp-content\/uploads\/2026\/01\/3SAN-2.jpg\" alt=\"\" class=\"wp-image-1104799\" srcset=\"https:\/\/dimensionturistica.com\/es\/wp-content\/uploads\/2026\/01\/3SAN-2.jpg 560w, https:\/\/dimensionturistica.com\/es\/wp-content\/uploads\/2026\/01\/3SAN-2-300x200.jpg 300w\" sizes=\"(max-width: 560px) 100vw, 560px\" \/><\/figure>\n<\/figure>\n\n\n\n<p>Con la exitosa conclusi\u00f3n de su primera fase, la Competencia de Salto FEI en San Miguel de Allende, con el respaldo de Turkish Airlines, reafirm\u00f3 la posici\u00f3n de la ciudad como un destino de referencia para el deporte ecuestre internacional, combinando competencias de primer nivel con un valioso patrimonio cultural, hospitalidad y un ambiente vibrante para atletas y espectadores.<\/p>\n","protected":false},"excerpt":{"rendered":"<p>Turkish Airlines, la aerol\u00ednea que vuela a m\u00e1s pa\u00edses que cualquier otra, desempe\u00f1\u00f3 un papel protag\u00f3nico como Aerol\u00ednea Oficial Patrocinadora de la competencia de salto avalada por la F\u00e9d\u00e9ration Equestre Internationale (FEI), cuya primera fase se celebr\u00f3 del 21 al 25 de enero de 2026 en la hist\u00f3rica ciudad de San Miguel de Allende, Guanajuato. [&hellip;]<\/p>\n","protected":false},"author":1,"featured_media":0,"comment_status":"open","ping_status":"closed","sticky":false,"template":"","format":"standard","meta":{"om_disable_all_campaigns":false,"jnews-multi-image_gallery":[],"jnews_single_post":{"format":"standard"},"jnews_primary_category":[],"jnews_social_meta":[],"footnotes":""},"categories":[39],"tags":[],"class_list":["post-1104795","post","type-post","status-publish","format-standard","hentry","category-viajes"],"_links":{"self":[{"href":"https:\/\/dimensionturistica.com\/es\/wp-json\/wp\/v2\/posts\/1104795","targetHints":{"allow":["GET"]}}],"collection":[{"href":"https:\/\/dimensionturistica.com\/es\/wp-json\/wp\/v2\/posts"}],"about":[{"href":"https:\/\/dimensionturistica.com\/es\/wp-json\/wp\/v2\/types\/post"}],"author":[{"embeddable":true,"href":"https:\/\/dimensionturistica.com\/es\/wp-json\/wp\/v2\/users\/1"}],"replies":[{"embeddable":true,"href":"https:\/\/dimensionturistica.com\/es\/wp-json\/wp\/v2\/comments?post=1104795"}],"version-history":[{"count":1,"href":"https:\/\/dimensionturistica.com\/es\/wp-json\/wp\/v2\/posts\/1104795\/revisions"}],"predecessor-version":[{"id":1104800,"href":"https:\/\/dimensionturistica.com\/es\/wp-json\/wp\/v2\/posts\/1104795\/revisions\/1104800"}],"wp:attachment":[{"href":"https:\/\/dimensionturistica.com\/es\/wp-json\/wp\/v2\/media?parent=1104795"}],"wp:term":[{"taxonomy":"category","embeddable":true,"href":"https:\/\/dimensionturistica.com\/es\/wp-json\/wp\/v2\/categories?post=1104795"},{"taxonomy":"post_tag","embeddable":true,"href":"https:\/\/dimensionturistica.com\/es\/wp-json\/wp\/v2\/tags?post=1104795"}],"curies":[{"name":"wp","href":"https:\/\/api.w.org\/{rel}","templated":true}]}}