{"id":1104772,"date":"2026-01-28T22:54:14","date_gmt":"2026-01-28T22:54:14","guid":{"rendered":"https:\/\/dimensionturistica.com\/es\/?p=1104772"},"modified":"2026-01-28T22:54:14","modified_gmt":"2026-01-28T22:54:14","slug":"al-ritmo-de-tambora-el-carnaval-de-mazatlan-2026-proyecta-derrama-superior-a-mil-200-mdp","status":"publish","type":"post","link":"https:\/\/dimensionturistica.com\/es\/al-ritmo-de-tambora-el-carnaval-de-mazatlan-2026-proyecta-derrama-superior-a-mil-200-mdp\/","title":{"rendered":"Al ritmo de tambora el Carnaval de Mazatl\u00e1n 2026 proyecta derrama superior a mil 200 mdp"},"content":{"rendered":"\n<figure class=\"wp-block-gallery has-nested-images columns-default is-cropped wp-block-gallery-1 is-layout-flex wp-block-gallery-is-layout-flex\">\n<figure class=\"wp-block-image size-large\"><img decoding=\"async\" width=\"500\" height=\"667\" data-id=\"1104773\" src=\"https:\/\/dimensionturistica.com\/es\/wp-content\/uploads\/2026\/01\/5VENTANA.jpg\" alt=\"\" class=\"wp-image-1104773\" srcset=\"https:\/\/dimensionturistica.com\/es\/wp-content\/uploads\/2026\/01\/5VENTANA.jpg 500w, https:\/\/dimensionturistica.com\/es\/wp-content\/uploads\/2026\/01\/5VENTANA-225x300.jpg 225w\" sizes=\"(max-width: 500px) 100vw, 500px\" \/><\/figure>\n<\/figure>\n\n\n\n<p>Se prev\u00e9 que el Carnaval de Mazatl\u00e1n genere un p\u00fablico de m\u00e1s de 1.26 millones de personas, lo que permitir\u00e1 alcanzar una derrama econ\u00f3mica estimada en mil 209 millones de pesos<\/p>\n\n\n\n<p>En el espacio Punto M\u00e9xico de la Secretar\u00eda de Turismo se llev\u00f3 a cabo la presentaci\u00f3n del Carnaval Internacional de Mazatl\u00e1n 2026. Arriba la Tambora, que se llevar\u00e1 a cabo del 12 al 17 de febrero, destacando este instrumento como eje central del concepto de esta edici\u00f3n, en reconocimiento a su valor identitario y cultural.<\/p>\n\n\n\n<figure class=\"wp-block-gallery has-nested-images columns-default is-cropped wp-block-gallery-2 is-layout-flex wp-block-gallery-is-layout-flex\">\n<figure class=\"wp-block-image size-large\"><img decoding=\"async\" width=\"500\" height=\"333\" data-id=\"1104774\" src=\"https:\/\/dimensionturistica.com\/es\/wp-content\/uploads\/2026\/01\/11VENTANA.jpg\" alt=\"\" class=\"wp-image-1104774\" srcset=\"https:\/\/dimensionturistica.com\/es\/wp-content\/uploads\/2026\/01\/11VENTANA.jpg 500w, https:\/\/dimensionturistica.com\/es\/wp-content\/uploads\/2026\/01\/11VENTANA-300x200.jpg 300w\" sizes=\"(max-width: 500px) 100vw, 500px\" \/><\/figure>\n<\/figure>\n\n\n\n<p>En representaci\u00f3n de la secretaria de Turismo del Gobierno de M\u00e9xico, Josefina Rodr\u00edguez Zamora, la subsecretaria de Turismo, Nathalie Desplas Puel, encabez\u00f3 la presentaci\u00f3n, acompa\u00f1ada por la secretaria de Turismo de Sinaloa, Mireya Sosa Osuna, y la presidenta municipal de Mazatl\u00e1n, Estrella Palacios Dom\u00ednguez, con quienes subray\u00f3 que esta tradici\u00f3n honra la identidad del puerto y preserva el sonido de la tambora como s\u00edmbolo vivo de la cultura sinaloense.<\/p>\n\n\n\n<figure class=\"wp-block-gallery has-nested-images columns-default is-cropped wp-block-gallery-3 is-layout-flex wp-block-gallery-is-layout-flex\">\n<figure class=\"wp-block-image size-large\"><img decoding=\"async\" width=\"500\" height=\"333\" data-id=\"1104775\" src=\"https:\/\/dimensionturistica.com\/es\/wp-content\/uploads\/2026\/01\/1VENTA.jpg\" alt=\"\" class=\"wp-image-1104775\" srcset=\"https:\/\/dimensionturistica.com\/es\/wp-content\/uploads\/2026\/01\/1VENTA.jpg 500w, https:\/\/dimensionturistica.com\/es\/wp-content\/uploads\/2026\/01\/1VENTA-300x200.jpg 300w\" sizes=\"(max-width: 500px) 100vw, 500px\" \/><\/figure>\n<\/figure>\n\n\n\n<p>En ese marco, Desplas Puel destac\u00f3 que el Carnaval de Mazatl\u00e1n se alinea con la visi\u00f3n del Gobierno de M\u00e9xico de impulsar el desarrollo con bienestar y Prosperidad Compartida, y record\u00f3 que, como ha se\u00f1alado la Presidenta Claudia Sheinbaum Pardo, la cultura es un pilar fundamental para fortalecer la identidad, dinamizar las econom\u00edas locales y proyectar a M\u00e9xico ante el mundo, valores que se expresan plenamente en esta celebraci\u00f3n.<\/p>\n\n\n\n<figure class=\"wp-block-gallery has-nested-images columns-default is-cropped wp-block-gallery-4 is-layout-flex wp-block-gallery-is-layout-flex\">\n<figure class=\"wp-block-image size-large\"><img decoding=\"async\" width=\"500\" height=\"888\" data-id=\"1104776\" src=\"https:\/\/dimensionturistica.com\/es\/wp-content\/uploads\/2026\/01\/4VENTANA.jpg\" alt=\"\" class=\"wp-image-1104776\" srcset=\"https:\/\/dimensionturistica.com\/es\/wp-content\/uploads\/2026\/01\/4VENTANA.jpg 500w, https:\/\/dimensionturistica.com\/es\/wp-content\/uploads\/2026\/01\/4VENTANA-169x300.jpg 169w\" sizes=\"(max-width: 500px) 100vw, 500px\" \/><\/figure>\n<\/figure>\n\n\n\n<p>\u201cEl carnaval mazatleco levanta la voz para decirle al mundo que su historia sigue viva, que su m\u00fasica sigue marcando el paso y que su gente contin\u00faa celebrando con alegr\u00eda, con unidad y con dignidad\u201d, afirm\u00f3 Desplas Puel.<\/p>\n\n\n\n<p>De acuerdo con las estimaciones, el Carnaval permitir\u00e1 alcanzar una ocupaci\u00f3n hotelera del 87 por ciento, con una expectativa de 92 mil turistas, quienes generar\u00e1n una derrama econ\u00f3mica superior a los mil 100&nbsp; millones de pesos.<\/p>\n\n\n\n<figure class=\"wp-block-gallery has-nested-images columns-default is-cropped wp-block-gallery-5 is-layout-flex wp-block-gallery-is-layout-flex\">\n<figure class=\"wp-block-image size-large\"><img decoding=\"async\" width=\"500\" height=\"410\" data-id=\"1104777\" src=\"https:\/\/dimensionturistica.com\/es\/wp-content\/uploads\/2026\/01\/2VENTANA.jpg\" alt=\"\" class=\"wp-image-1104777\" srcset=\"https:\/\/dimensionturistica.com\/es\/wp-content\/uploads\/2026\/01\/2VENTANA.jpg 500w, https:\/\/dimensionturistica.com\/es\/wp-content\/uploads\/2026\/01\/2VENTANA-300x246.jpg 300w\" sizes=\"(max-width: 500px) 100vw, 500px\" \/><\/figure>\n<\/figure>\n\n\n\n<p>Asimismo, se prev\u00e9 una asistencia total de p\u00fablico de m\u00e1s de 1.26 millones de personas, lo que permitir\u00e1 alcanzar una derrama econ\u00f3mica estimada en mil 209 millones de pesos, beneficiando directamente a prestadores de servicios, comercios, sectores creativos y a la industria cultural vinculada al evento.<\/p>\n\n\n\n<p>Adem\u00e1s, para garantizar una celebraci\u00f3n segura y ordenada, se implementar\u00e1 un operativo especial de seguridad con la participaci\u00f3n de tres mil elementos de los tres niveles de gobierno, incluyendo autoridades municipales, estatales y federales, reforzando tareas de vigilancia, atenci\u00f3n ciudadana y protecci\u00f3n civil.<\/p>\n\n\n\n<figure class=\"wp-block-gallery has-nested-images columns-default is-cropped wp-block-gallery-6 is-layout-flex wp-block-gallery-is-layout-flex\">\n<figure class=\"wp-block-image size-large\"><img decoding=\"async\" width=\"500\" height=\"333\" data-id=\"1104778\" src=\"https:\/\/dimensionturistica.com\/es\/wp-content\/uploads\/2026\/01\/7VENTANA.jpg\" alt=\"\" class=\"wp-image-1104778\" srcset=\"https:\/\/dimensionturistica.com\/es\/wp-content\/uploads\/2026\/01\/7VENTANA.jpg 500w, https:\/\/dimensionturistica.com\/es\/wp-content\/uploads\/2026\/01\/7VENTANA-300x200.jpg 300w\" sizes=\"(max-width: 500px) 100vw, 500px\" \/><\/figure>\n<\/figure>\n\n\n\n<pre class=\"wp-block-code\"><code><\/code><\/pre>\n\n\n\n<p>La subsecretaria destac\u00f3 que: \u201cla riqueza cultural de M\u00e9xico es del pueblo, y el Carnaval Mazatleco es una expresi\u00f3n viva de este patrimonio que debemos proteger, celebrar y proyectar con orgullo\u201d, afirm\u00f3. A\u00f1adi\u00f3 que la tambora \u201cha sido voz, memoria y orgullo de Sinaloa por generaciones\u201d, raz\u00f3n por la cual constituye un s\u00edmbolo esencial del Carnaval.<\/p>\n\n\n\n<p>En su oportunidad, la secretaria de Turismo de Sinaloa, Mireya Sosa Osuna, resalt\u00f3 la identidad cultural que el Carnaval representa para Mazatl\u00e1n.<\/p>\n\n\n\n<figure class=\"wp-block-gallery has-nested-images columns-default is-cropped wp-block-gallery-7 is-layout-flex wp-block-gallery-is-layout-flex\">\n<figure class=\"wp-block-image size-large\"><img decoding=\"async\" width=\"500\" height=\"750\" data-id=\"1104779\" src=\"https:\/\/dimensionturistica.com\/es\/wp-content\/uploads\/2026\/01\/9VENTANA.jpg\" alt=\"\" class=\"wp-image-1104779\" srcset=\"https:\/\/dimensionturistica.com\/es\/wp-content\/uploads\/2026\/01\/9VENTANA.jpg 500w, https:\/\/dimensionturistica.com\/es\/wp-content\/uploads\/2026\/01\/9VENTANA-200x300.jpg 200w\" sizes=\"(max-width: 500px) 100vw, 500px\" \/><\/figure>\n<\/figure>\n\n\n\n<p>\u201cHoy, en este espacio que celebra la grandeza de M\u00e9xico, traemos el latido de un puerto que canta, que baila y que nunca deja de so\u00f1ar; traemos a Mazatl\u00e1n y, con ello, a su mayor fiesta: el Carnaval Internacional de Mazatl\u00e1n, uno de los carnavales m\u00e1s importantes del mundo\u201d.<\/p>\n\n\n\n<p>Detall\u00f3 que, durante esos d\u00edas, Mazatl\u00e1n se convertir\u00e1 nuevamente en el epicentro de esta gran celebraci\u00f3n, con una agenda que incluye las coronaciones del Rey de la Alegr\u00eda (12 de febrero), de la Reina de los Juegos Florales (13 de febrero), de la Reina del Carnaval (14 de febrero) y de la Reina Infantil (16 de febrero), as\u00ed como el Combate Naval (14 de febrero) y los Desfiles del Carnaval (15 y 17 de febrero).<\/p>\n\n\n\n<p>A estas festividades se sumar\u00e1n presentaciones art\u00edsticas de gran relevancia, con la participaci\u00f3n de Ed\u00e9n Mu\u00f1oz (Rey de la Alegr\u00eda), Yuridia (Reina del Carnaval), Belinda y Lara Campos (Reina Infantil), adem\u00e1s de un homenaje a Germ\u00e1n Liz\u00e1rraga, acompa\u00f1ado por la Orquesta Sinf\u00f3nica Sinaloa de las Artes durante la coronaci\u00f3n de la Reina de los Juegos Florales.<\/p>\n\n\n\n<figure class=\"wp-block-gallery has-nested-images columns-default is-cropped wp-block-gallery-8 is-layout-flex wp-block-gallery-is-layout-flex\">\n<figure class=\"wp-block-image size-large\"><img decoding=\"async\" width=\"500\" height=\"888\" data-id=\"1104780\" src=\"https:\/\/dimensionturistica.com\/es\/wp-content\/uploads\/2026\/01\/3VENTANA.jpg\" alt=\"\" class=\"wp-image-1104780\" srcset=\"https:\/\/dimensionturistica.com\/es\/wp-content\/uploads\/2026\/01\/3VENTANA.jpg 500w, https:\/\/dimensionturistica.com\/es\/wp-content\/uploads\/2026\/01\/3VENTANA-169x300.jpg 169w\" sizes=\"(max-width: 500px) 100vw, 500px\" \/><\/figure>\n<\/figure>\n\n\n\n<p>Por su parte, la presidenta municipal de Mazatl\u00e1n, Estrella Palacios Dom\u00ednguez, destac\u00f3 el respaldo del Gobierno del Estado y del gobernador Rub\u00e9n Rocha Moya, y afirm\u00f3: \u201cEste a\u00f1o estamos celebrando 128 a\u00f1os de tradici\u00f3n de uno de los carnavales m\u00e1s alegres y coloridos del pa\u00eds, pero sobre todo con m\u00e1s cultura, porque representa justamente eso, la cultura viva de un lugar que es un para\u00edso. Impulsamos este Carnaval con una visi\u00f3n clara: cuidar su esencia y asegurar que su impacto positivo se refleje en el bienestar de la gente\u201d, afirm\u00f3.<\/p>\n\n\n\n<figure class=\"wp-block-gallery has-nested-images columns-default is-cropped wp-block-gallery-9 is-layout-flex wp-block-gallery-is-layout-flex\"><\/figure>\n\n\n\n<p>A\u00f1adi\u00f3 que se buscar\u00e1 proyectar, a nivel nacional e internacional, la m\u00fasica sinaloense: \u201cQueremos resaltar y dar a conocer a todo M\u00e9xico y al mundo nuestra m\u00fasica de tambora; nos sentimos muy orgullosos porque son nuestras ra\u00edces y queremos que este a\u00f1o el desfile, los eventos culturales y los carros aleg\u00f3ricos lleven el sello de lo que nos hace \u00fanicos en Mazatl\u00e1n\u201d.<\/p>\n\n\n\n<p>Se\u00f1al\u00f3 que la ciudad \u201cse transformar\u00e1 en un gran escenario cultural y art\u00edstico\u201d, con coronaciones, desfiles, m\u00fasica, arte, historia y tradici\u00f3n presentes en cada actividad para recibir a miles de visitantes nacionales e internacionales.<\/p>\n","protected":false},"excerpt":{"rendered":"<p>Se prev\u00e9 que el Carnaval de Mazatl\u00e1n genere un p\u00fablico de m\u00e1s de 1.26 millones de personas, lo que permitir\u00e1 alcanzar una derrama econ\u00f3mica estimada en mil 209 millones de pesos En el espacio Punto M\u00e9xico de la Secretar\u00eda de Turismo se llev\u00f3 a cabo la presentaci\u00f3n del Carnaval Internacional de Mazatl\u00e1n 2026. Arriba la [&hellip;]<\/p>\n","protected":false},"author":1,"featured_media":0,"comment_status":"open","ping_status":"closed","sticky":false,"template":"","format":"standard","meta":{"om_disable_all_campaigns":false,"jnews-multi-image_gallery":[],"jnews_single_post":[],"jnews_primary_category":[],"jnews_social_meta":[],"footnotes":""},"categories":[39],"tags":[],"class_list":["post-1104772","post","type-post","status-publish","format-standard","hentry","category-viajes"],"_links":{"self":[{"href":"https:\/\/dimensionturistica.com\/es\/wp-json\/wp\/v2\/posts\/1104772","targetHints":{"allow":["GET"]}}],"collection":[{"href":"https:\/\/dimensionturistica.com\/es\/wp-json\/wp\/v2\/posts"}],"about":[{"href":"https:\/\/dimensionturistica.com\/es\/wp-json\/wp\/v2\/types\/post"}],"author":[{"embeddable":true,"href":"https:\/\/dimensionturistica.com\/es\/wp-json\/wp\/v2\/users\/1"}],"replies":[{"embeddable":true,"href":"https:\/\/dimensionturistica.com\/es\/wp-json\/wp\/v2\/comments?post=1104772"}],"version-history":[{"count":1,"href":"https:\/\/dimensionturistica.com\/es\/wp-json\/wp\/v2\/posts\/1104772\/revisions"}],"predecessor-version":[{"id":1104782,"href":"https:\/\/dimensionturistica.com\/es\/wp-json\/wp\/v2\/posts\/1104772\/revisions\/1104782"}],"wp:attachment":[{"href":"https:\/\/dimensionturistica.com\/es\/wp-json\/wp\/v2\/media?parent=1104772"}],"wp:term":[{"taxonomy":"category","embeddable":true,"href":"https:\/\/dimensionturistica.com\/es\/wp-json\/wp\/v2\/categories?post=1104772"},{"taxonomy":"post_tag","embeddable":true,"href":"https:\/\/dimensionturistica.com\/es\/wp-json\/wp\/v2\/tags?post=1104772"}],"curies":[{"name":"wp","href":"https:\/\/api.w.org\/{rel}","templated":true}]}}