{"id":1104756,"date":"2026-01-28T22:23:13","date_gmt":"2026-01-28T22:23:13","guid":{"rendered":"https:\/\/dimensionturistica.com\/es\/?p=1104756"},"modified":"2026-01-28T22:23:13","modified_gmt":"2026-01-28T22:23:13","slug":"prsenta-mystika-inmersivo-noche-especial-art-weekuna-experiencia-sensorial-con-zohar-y-luis-cardoso","status":"publish","type":"post","link":"https:\/\/dimensionturistica.com\/es\/prsenta-mystika-inmersivo-noche-especial-art-weekuna-experiencia-sensorial-con-zohar-y-luis-cardoso\/","title":{"rendered":"Prsenta \u00a0Mystika Inmersivo \u201cNoche especial Art Week\u201d}una experiencia sensorial con Zohar y Luis Cardoso"},"content":{"rendered":"\n<figure class=\"wp-block-gallery has-nested-images columns-default is-cropped wp-block-gallery-1 is-layout-flex wp-block-gallery-is-layout-flex\">\n<figure class=\"wp-block-image size-large\"><img decoding=\"async\" width=\"538\" height=\"146\" data-id=\"1104757\" src=\"https:\/\/dimensionturistica.com\/es\/wp-content\/uploads\/2026\/01\/1myst.jpg\" alt=\"\" class=\"wp-image-1104757\" srcset=\"https:\/\/dimensionturistica.com\/es\/wp-content\/uploads\/2026\/01\/1myst.jpg 538w, https:\/\/dimensionturistica.com\/es\/wp-content\/uploads\/2026\/01\/1myst-300x81.jpg 300w\" sizes=\"(max-width: 538px) 100vw, 538px\" \/><\/figure>\n<\/figure>\n\n\n\n<p>En el marco de la Semana del Arte en la Ciudad de M\u00e9xico, Mystika Inmersivo presenta \u201cNOCHE ESPECIAL ART WEEK\u201d, una experiencia \u00fanica que ampl\u00eda la agenda cultural del evento anual con una propuesta donde el arte contempor\u00e1neo se vive desde el cuerpo, el sonido y la contemplaci\u00f3n. La cita es el jueves 05 de febrero a las 19:45 horas, en Torre Cuarzo, ubicado en Paseo de la Reforma 26.<\/p>\n\n\n\n<figure class=\"wp-block-gallery has-nested-images columns-default is-cropped wp-block-gallery-2 is-layout-flex wp-block-gallery-is-layout-flex\">\n<figure class=\"wp-block-image size-large\"><img decoding=\"async\" width=\"500\" height=\"414\" data-id=\"1104758\" src=\"https:\/\/dimensionturistica.com\/es\/wp-content\/uploads\/2026\/01\/3myst.jpg\" alt=\"\" class=\"wp-image-1104758\" srcset=\"https:\/\/dimensionturistica.com\/es\/wp-content\/uploads\/2026\/01\/3myst.jpg 500w, https:\/\/dimensionturistica.com\/es\/wp-content\/uploads\/2026\/01\/3myst-300x248.jpg 300w\" sizes=\"(max-width: 500px) 100vw, 500px\" \/><\/figure>\n<\/figure>\n\n\n\n<p>Como parte de las actividades que convierten a Art Week en un punto de encuentr para distintas expresiones creativas, Mystika abre sus puertas a una experiencia sensorial que re\u00fane arte, tecnolog\u00eda y bienestar, a trav\u00e9s de una experiencia sonora inmersiva de 60 minutos, creada en colaboraci\u00f3n art\u00edstica entre Zohar y Luis Cardoso.<\/p>\n\n\n\n<p>Para esta noche especial, Mystika Inmersivo se activa como un espacio de presencia y exploraci\u00f3n sensorial, donde los est\u00edmulos audiovisuales est\u00e1n dise\u00f1ados para inducir calma, enfoque y atenci\u00f3n plena. La experiencia propone una pausa consciente dentro del recorrido cultural de Art Week, integrando el arte como una vivencia profunda y perceptiva.<\/p>\n\n\n\n<p>Zohar, artista y facilitadora con reconocimiento internacional, desarrolla ceremonias y performances sonoros que integran pr\u00e1cticas ancestrales y tecnolog\u00eda contempor\u00e1nea. Su trabajo explora el sonido como un medio para generar estados de conciencia y experiencias colectivas de introspecci\u00f3n, presentadas en diversos espacios culturales y art\u00edsticos alrededor del mundo. Zohar ha llevado su propuesta de poes\u00eda l\u00edquida y ceremonias sonoras a escenarios como Burning Man, la comunidad de MAXA Camp, IKAL Tulum, Gardens of Babylon en Alemania y Art With Me, compartiendo su arte alrededor del mundo.<\/p>\n\n\n\n<p>Por su parte, Luis Cardoso, compositor y dise\u00f1ador sonoro, ha construido una trayectoria enfocada en la creaci\u00f3n de paisajes sonoros inmersivos que dialogan con la arquitectura, la imagen y el cuerpo. Su aproximaci\u00f3n al sonido como experiencia f\u00edsica y emocional ha sido clave para proyectos que integran arte contempor\u00e1neo y percepci\u00f3n sensorial. Luis Cardoso, ha desarrollado tambi\u00e9n experiencias sonoras medicinales y ha colaborado con agrupaciones como Sin Bandera y Camila, adem\u00e1s de ser el compositor de las piezas \u201cLiberaci\u00f3n\u201d y \u201cRegreso a Casa\u201d dentro de Mystika Inmersivo.<\/p>\n\n\n\n<figure class=\"wp-block-gallery has-nested-images columns-default is-cropped wp-block-gallery-3 is-layout-flex wp-block-gallery-is-layout-flex\">\n<figure class=\"wp-block-image size-large\"><img decoding=\"async\" width=\"624\" height=\"458\" data-id=\"1104759\" src=\"https:\/\/dimensionturistica.com\/es\/wp-content\/uploads\/2026\/01\/unnamed-1.png\" alt=\"\" class=\"wp-image-1104759\" srcset=\"https:\/\/dimensionturistica.com\/es\/wp-content\/uploads\/2026\/01\/unnamed-1.png 624w, https:\/\/dimensionturistica.com\/es\/wp-content\/uploads\/2026\/01\/unnamed-1-300x220.png 300w\" sizes=\"(max-width: 624px) 100vw, 624px\" \/><\/figure>\n<\/figure>\n\n\n\n<p>Como parte del universo de Mystika Inmersivo, Zohar y Luis Cardoso han colaborado con su voz y m\u00fasica en distintas instalaciones del proyecto creado por el fot\u00f3grafo mexicano Pepe Soho. Al igual que \u00e9l, ambos artistas son mexicanos y proyectan el talento nacional a nivel internacional. Esta colaboraci\u00f3n reafirma el<\/p>\n\n\n\n<p>Mexican Power creativo de Mystika y se manifiesta en la Noche Especial Art Week como una experiencia sensorial que celebra el arte, la conciencia y la creaci\u00f3n mexicana contempor\u00e1nea.<\/p>\n\n\n\n<p>Al finalizar la experiencia sonora, los asistentes podr\u00e1n realizar el recorrido completo por Mystika Inmersivo y participar en un momento de integraci\u00f3n acompa\u00f1ado por una infusi\u00f3n herbal, cerrando la experiencia desde el cuidado y la contemplaci\u00f3n.<\/p>\n","protected":false},"excerpt":{"rendered":"<p>En el marco de la Semana del Arte en la Ciudad de M\u00e9xico, Mystika Inmersivo presenta \u201cNOCHE ESPECIAL ART WEEK\u201d, una experiencia \u00fanica que ampl\u00eda la agenda cultural del evento anual con una propuesta donde el arte contempor\u00e1neo se vive desde el cuerpo, el sonido y la contemplaci\u00f3n. La cita es el jueves 05 de [&hellip;]<\/p>\n","protected":false},"author":1,"featured_media":0,"comment_status":"open","ping_status":"closed","sticky":false,"template":"","format":"standard","meta":{"om_disable_all_campaigns":false,"jnews-multi-image_gallery":[],"jnews_single_post":{"format":"standard"},"jnews_primary_category":[],"jnews_social_meta":[],"footnotes":""},"categories":[144872],"tags":[],"class_list":["post-1104756","post","type-post","status-publish","format-standard","hentry","category-fashion"],"_links":{"self":[{"href":"https:\/\/dimensionturistica.com\/es\/wp-json\/wp\/v2\/posts\/1104756","targetHints":{"allow":["GET"]}}],"collection":[{"href":"https:\/\/dimensionturistica.com\/es\/wp-json\/wp\/v2\/posts"}],"about":[{"href":"https:\/\/dimensionturistica.com\/es\/wp-json\/wp\/v2\/types\/post"}],"author":[{"embeddable":true,"href":"https:\/\/dimensionturistica.com\/es\/wp-json\/wp\/v2\/users\/1"}],"replies":[{"embeddable":true,"href":"https:\/\/dimensionturistica.com\/es\/wp-json\/wp\/v2\/comments?post=1104756"}],"version-history":[{"count":1,"href":"https:\/\/dimensionturistica.com\/es\/wp-json\/wp\/v2\/posts\/1104756\/revisions"}],"predecessor-version":[{"id":1104760,"href":"https:\/\/dimensionturistica.com\/es\/wp-json\/wp\/v2\/posts\/1104756\/revisions\/1104760"}],"wp:attachment":[{"href":"https:\/\/dimensionturistica.com\/es\/wp-json\/wp\/v2\/media?parent=1104756"}],"wp:term":[{"taxonomy":"category","embeddable":true,"href":"https:\/\/dimensionturistica.com\/es\/wp-json\/wp\/v2\/categories?post=1104756"},{"taxonomy":"post_tag","embeddable":true,"href":"https:\/\/dimensionturistica.com\/es\/wp-json\/wp\/v2\/tags?post=1104756"}],"curies":[{"name":"wp","href":"https:\/\/api.w.org\/{rel}","templated":true}]}}