{"id":1104622,"date":"2026-01-28T15:30:43","date_gmt":"2026-01-28T15:30:43","guid":{"rendered":"https:\/\/dimensionturistica.com\/es\/?p=1104622"},"modified":"2026-01-28T15:30:43","modified_gmt":"2026-01-28T15:30:43","slug":"coleccion-de-alta-costura-primavera-2026-de-valentino-elegancia-y-vanguardia-en-cada-prenda","status":"publish","type":"post","link":"https:\/\/dimensionturistica.com\/es\/coleccion-de-alta-costura-primavera-2026-de-valentino-elegancia-y-vanguardia-en-cada-prenda\/","title":{"rendered":"Colecci\u00f3n de Alta Costura Primavera 2026 de Valentino: Elegancia y Vanguardia en Cada Prenda"},"content":{"rendered":"<h3>Elegancia Deslumbrante en la Alta Costura de Valentino<\/h3>\n<p>La \u00faltima presentaci\u00f3n de alta costura de Valentino ha capturado la esencia de la elegancia atemporal, fusionando la tradici\u00f3n con la modernidad en un espect\u00e1culo que redefine los par\u00e1metros de la moda. En un entorno que resalta el arte y la sofisticaci\u00f3n, las creaciones del ic\u00f3nico dise\u00f1ador han dado un paso adelante, convirtiendo cada prenda en una obra maestra.<\/p>\n<h4>Un Paseo por el Color y la Textura<\/h4>\n<p>Las paletas vibrantes y audaces que dominaron la pasarela son un testimonio del ingenio creativo. Colores como el intenso rojo y el azul profundo, acompa\u00f1ados de tonos m\u00e1s suaves, invitaron a los asistentes a un viaje sensorial. Las texturas variadas, desde tejidos ligeros y fluidos hasta materiales m\u00e1s estructurados, aportaron una dimensi\u00f3n enriquecedora a cada look. Esta diversidad no solo captur\u00f3 la mirada, tambi\u00e9n ofreci\u00f3 un sinf\u00edn de interpretaciones para el estilo personal.<\/p>\n<h4>Detalles que Cuentan Historias<\/h4>\n<p>Cada dise\u00f1o present\u00f3 una meticulosa atenci\u00f3n al detalle. As\u00ed como las joyas complementarias realzaban la belleza de las piezas, las aplicaciones de bordados y los drapeados evidenciaron el dominio t\u00e9cnico de los artesanos involucrados. La combinaci\u00f3n de diferentes t\u00e9cnicas de confecci\u00f3n resalta no solo la habilidad, sino tambi\u00e9n la narrativa detr\u00e1s de cada creaci\u00f3n. Cada vestido cuenta una historia, un legado que invita a ser descubierto.<\/p>\n<h4>La Silueta como Protagonista<\/h4>\n<p>La silueta se erige como el hilo conductor de esta colecci\u00f3n. Interpretaciones de la figura femenina se presentan de manera audaz, con cortes que abrazan y al mismo tiempo liberan al cuerpo. La armon\u00eda entre la estructura y la fluidez se traduce en una est\u00e9tica que celebra la individualidad, ofreciendo opciones para todo tipo de ocasiones. Desde trajes de gala hasta piezas m\u00e1s casuales pero igualmente impactantes, Valentino demuestra que la versatilidad no est\u00e1 re\u00f1ida con la sofisticaci\u00f3n.<\/p>\n<h4>Un Llamado a la Sostenibilidad<\/h4>\n<p>En un contexto donde la moda consciente emerge como una prioridad, Valentino no se queda atr\u00e1s. La propuesta de la casa incluye un fuerte compromiso con la sostenibilidad, tanto en la selecci\u00f3n de materiales como en los procesos de producci\u00f3n. Esto no solo aporta un valor adicional a las creaciones, sino que tambi\u00e9n refleja un cambio de paradigma en la industria de la moda.<\/p>\n<h4>La Influencia del Pasado en el Futuro<\/h4>\n<p>Valentino rinde homenaje a su rica herencia mientras mira hacia el futuro. La simbiosis entre el legado del pasado y la innovaci\u00f3n contempor\u00e1nea permite a la marca seguir siendo un referente en alta costura. Las inspiraciones hist\u00f3ricas se reinterpretan con una mirada fresca, lo cual dinamiza la narrativa de la moda y genera un di\u00e1logo continuo entre generaciones.<\/p>\n<h4>La Pasarela como Escenario de Sue\u00f1os<\/h4>\n<p>Este evento no solo fue una exhibici\u00f3n de moda, sino una celebraci\u00f3n del arte en su m\u00e1xima expresi\u00f3n. La escenograf\u00eda, dise\u00f1ada para encapsular la experiencia, invit\u00f3 a los asistentes a sumergirse en un mundo donde cada prenda es un sue\u00f1o por realizar. La m\u00fasica cuidadosamente seleccionada y la atm\u00f3sfera m\u00e1gica contribuyeron a crear momentos memorables que trascendieron lo visual y se convirtieron en emociones palpables.<\/p>\n<p>El fen\u00f3meno Valentino en la alta costura se reafirma como un hito ineludible. Las creaciones no solo visten, sino que inspiran, generan conversaci\u00f3n y, sobre todo, nos recuerdan el poder transformador de la moda.<\/p>\n<p><em> &#8221; Fuentes www.vogue.com &#8221; <\/em><\/p>\n","protected":false},"excerpt":{"rendered":"<p>Elegancia Deslumbrante en la Alta Costura de Valentino La \u00faltima presentaci\u00f3n de alta costura de Valentino ha capturado la esencia de la elegancia atemporal, fusionando la tradici\u00f3n con la modernidad en un espect\u00e1culo que redefine los par\u00e1metros de la moda. En un entorno que resalta el arte y la sofisticaci\u00f3n, las creaciones del ic\u00f3nico dise\u00f1ador [&hellip;]<\/p>\n","protected":false},"author":14,"featured_media":1104623,"comment_status":"open","ping_status":"closed","sticky":false,"template":"","format":"standard","meta":{"om_disable_all_campaigns":false,"jnews-multi-image_gallery":[],"jnews_single_post":[],"jnews_primary_category":[],"jnews_social_meta":[],"footnotes":""},"categories":[144872],"tags":[199076,201505,166,192704,174140,202051,8774,94447,200339,218721,265268,206267],"class_list":["post-1104622","post","type-post","status-publish","format-standard","has-post-thumbnail","hentry","category-fashion","tag-couture","tag-designer-collection","tag-fashion","tag-haute-couture","tag-high-fashion","tag-italian-fashion","tag-luxury","tag-runway","tag-runway_review","tag-spring-2026","tag-spring-2026-couture","tag-valentino"],"_links":{"self":[{"href":"https:\/\/dimensionturistica.com\/es\/wp-json\/wp\/v2\/posts\/1104622","targetHints":{"allow":["GET"]}}],"collection":[{"href":"https:\/\/dimensionturistica.com\/es\/wp-json\/wp\/v2\/posts"}],"about":[{"href":"https:\/\/dimensionturistica.com\/es\/wp-json\/wp\/v2\/types\/post"}],"author":[{"embeddable":true,"href":"https:\/\/dimensionturistica.com\/es\/wp-json\/wp\/v2\/users\/14"}],"replies":[{"embeddable":true,"href":"https:\/\/dimensionturistica.com\/es\/wp-json\/wp\/v2\/comments?post=1104622"}],"version-history":[{"count":1,"href":"https:\/\/dimensionturistica.com\/es\/wp-json\/wp\/v2\/posts\/1104622\/revisions"}],"predecessor-version":[{"id":1104624,"href":"https:\/\/dimensionturistica.com\/es\/wp-json\/wp\/v2\/posts\/1104622\/revisions\/1104624"}],"wp:featuredmedia":[{"embeddable":true,"href":"https:\/\/dimensionturistica.com\/es\/wp-json\/wp\/v2\/media\/1104623"}],"wp:attachment":[{"href":"https:\/\/dimensionturistica.com\/es\/wp-json\/wp\/v2\/media?parent=1104622"}],"wp:term":[{"taxonomy":"category","embeddable":true,"href":"https:\/\/dimensionturistica.com\/es\/wp-json\/wp\/v2\/categories?post=1104622"},{"taxonomy":"post_tag","embeddable":true,"href":"https:\/\/dimensionturistica.com\/es\/wp-json\/wp\/v2\/tags?post=1104622"}],"curies":[{"name":"wp","href":"https:\/\/api.w.org\/{rel}","templated":true}]}}