{"id":1104607,"date":"2026-01-28T15:04:28","date_gmt":"2026-01-28T15:04:28","guid":{"rendered":"https:\/\/dimensionturistica.com\/es\/?p=1104607"},"modified":"2026-01-28T15:04:28","modified_gmt":"2026-01-28T15:04:28","slug":"nayarit-proyecta-su-liderazgo-turistico-internacional-en-fitur-2026","status":"publish","type":"post","link":"https:\/\/dimensionturistica.com\/es\/nayarit-proyecta-su-liderazgo-turistico-internacional-en-fitur-2026\/","title":{"rendered":"Nayarit proyecta su liderazgo tur\u00edstico internacional en FITUR 2026"},"content":{"rendered":"\n<figure class=\"wp-block-gallery has-nested-images columns-default is-cropped wp-block-gallery-1 is-layout-flex wp-block-gallery-is-layout-flex\">\n<figure class=\"wp-block-image size-large\"><img decoding=\"async\" width=\"500\" height=\"150\" data-id=\"1104608\" src=\"https:\/\/dimensionturistica.com\/es\/wp-content\/uploads\/2026\/01\/1NAYAR.jpg\" alt=\"\" class=\"wp-image-1104608\" srcset=\"https:\/\/dimensionturistica.com\/es\/wp-content\/uploads\/2026\/01\/1NAYAR.jpg 500w, https:\/\/dimensionturistica.com\/es\/wp-content\/uploads\/2026\/01\/1NAYAR-300x90.jpg 300w\" sizes=\"(max-width: 500px) 100vw, 500px\" \/><\/figure>\n<\/figure>\n\n\n\n<p>La Feria Internacional de Turismo (FITUR) 2026, uno de los eventos tur\u00edsticos m\u00e1s importantes del mundo que se desarrolla en Madrid, del 21 al 25 de enero, ha sido el escaparate para que el Estado de Nayarit proyecte su liderazgo internacional con una serie de actividades que incluyen desde la participaci\u00f3n en eventos de los organismos m\u00e1s relevantes del turismo a nivel mundial hasta la promoci\u00f3n de su oferta tur\u00edstica, artesanal y cultural en sitios ic\u00f3nicos de la capital espa\u00f1ola.<\/p>\n\n\n\n<figure class=\"wp-block-gallery has-nested-images columns-default is-cropped wp-block-gallery-2 is-layout-flex wp-block-gallery-is-layout-flex\">\n<figure class=\"wp-block-image size-large\"><img decoding=\"async\" width=\"500\" height=\"332\" data-id=\"1104609\" src=\"https:\/\/dimensionturistica.com\/es\/wp-content\/uploads\/2026\/01\/1NAYA-3.jpg\" alt=\"\" class=\"wp-image-1104609\" srcset=\"https:\/\/dimensionturistica.com\/es\/wp-content\/uploads\/2026\/01\/1NAYA-3.jpg 500w, https:\/\/dimensionturistica.com\/es\/wp-content\/uploads\/2026\/01\/1NAYA-3-300x199.jpg 300w\" sizes=\"(max-width: 500px) 100vw, 500px\" \/><\/figure>\n<\/figure>\n\n\n\n<p>Previo al inicio oficial de FITUR, el estado de Nayarit, representado por el secretario de Turismo, Juan Enrique Su\u00e1rez del Real Tostado, particip\u00f3 en la 63\u00aa Reuni\u00f3n de la Junta Directiva de Miembros Afiliados de ONU Turismo, en su calidad de Miembro Afiliado del organismo internacional; y en donde se abordaron los principales temas que hoy definen la agenda global del sector tur\u00edstico, entre otros, el repunte de la actividad tur\u00edstica que, de acuerdo con el Bar\u00f3metro Tur\u00edstico Global, ya super\u00f3 los niveles previos a la pandemia.<\/p>\n\n\n\n<figure class=\"wp-block-gallery has-nested-images columns-default is-cropped wp-block-gallery-3 is-layout-flex wp-block-gallery-is-layout-flex\">\n<figure class=\"wp-block-image size-large\"><img decoding=\"async\" width=\"500\" height=\"332\" data-id=\"1104610\" src=\"https:\/\/dimensionturistica.com\/es\/wp-content\/uploads\/2026\/01\/3NAYA-2.jpg\" alt=\"\" class=\"wp-image-1104610\" srcset=\"https:\/\/dimensionturistica.com\/es\/wp-content\/uploads\/2026\/01\/3NAYA-2.jpg 500w, https:\/\/dimensionturistica.com\/es\/wp-content\/uploads\/2026\/01\/3NAYA-2-300x199.jpg 300w\" sizes=\"(max-width: 500px) 100vw, 500px\" \/><\/figure>\n<\/figure>\n\n\n\n<p>Del Real Tostado complement\u00f3 con la exposici\u00f3n de un an\u00e1lisis global, se\u00f1alando que los destinos de Am\u00e9rica Latina enfrentan retos diferenciados y espec\u00edficos asociados a sus condiciones sociales, ambientales y territoriales, los cuale requieren ser analizados con mayor profundidad y atendidos desde una perspectiva regional.<\/p>\n\n\n\n<figure class=\"wp-block-gallery has-nested-images columns-default is-cropped wp-block-gallery-4 is-layout-flex wp-block-gallery-is-layout-flex\">\n<figure class=\"wp-block-image size-large\"><img decoding=\"async\" width=\"500\" height=\"332\" data-id=\"1104611\" src=\"https:\/\/dimensionturistica.com\/es\/wp-content\/uploads\/2026\/01\/5NAYA-3.jpg\" alt=\"\" class=\"wp-image-1104611\" srcset=\"https:\/\/dimensionturistica.com\/es\/wp-content\/uploads\/2026\/01\/5NAYA-3.jpg 500w, https:\/\/dimensionturistica.com\/es\/wp-content\/uploads\/2026\/01\/5NAYA-3-300x199.jpg 300w\" sizes=\"(max-width: 500px) 100vw, 500px\" \/><\/figure>\n<\/figure>\n\n\n\n<p>Como parte de la proyecci\u00f3n internacional de Nayarit en eventos de alto nivel, el titular de la Secretar\u00eda de Turismo Estatal particip\u00f3 en la Conferenci Iberoamericana de Ministros y Empresarios de Turismo (CIMET), uno de los foros estrat\u00e9gicos m\u00e1s relevantes del sector que se realiza en el pre\u00e1mbulo de FITUR; en el cual comparti\u00f3 un mensaje alentador para el sector tur\u00edstico mexicano.<\/p>\n\n\n\n<p>Expuso el caso de Nayarit como primer lugar en M\u00e9xico en atracci\u00f3n de inversi\u00f3n tur\u00edstica, resultado de una pol\u00edtica p\u00fablica, encabezada por el gobernador, Miguel \u00c1ngel Navarro Quintero, la cual prioriza la certidumbre jur\u00eddica, la coordinaci\u00f3n interinstitucional y la planeaci\u00f3n de largo plazo, elementos que han permitido al estado consolidarse como un destino confiable y competitivo a nivel nacional e internacional.<\/p>\n\n\n\n<figure class=\"wp-block-gallery has-nested-images columns-default is-cropped wp-block-gallery-5 is-layout-flex wp-block-gallery-is-layout-flex\"><\/figure>\n\n\n\n<figure class=\"wp-block-gallery has-nested-images columns-default is-cropped wp-block-gallery-6 is-layout-flex wp-block-gallery-is-layout-flex\">\n<figure class=\"wp-block-image size-large\"><img decoding=\"async\" width=\"500\" height=\"332\" data-id=\"1104612\" src=\"https:\/\/dimensionturistica.com\/es\/wp-content\/uploads\/2026\/01\/6NAYA.jpg\" alt=\"\" class=\"wp-image-1104612\" srcset=\"https:\/\/dimensionturistica.com\/es\/wp-content\/uploads\/2026\/01\/6NAYA.jpg 500w, https:\/\/dimensionturistica.com\/es\/wp-content\/uploads\/2026\/01\/6NAYA-300x199.jpg 300w\" sizes=\"(max-width: 500px) 100vw, 500px\" \/><\/figure>\n<\/figure>\n\n\n\n<p>La CIMET 2026 reuni\u00f3 a ministros de Turismo de 11 pa\u00edses iberoamericanos, as\u00ed como a empresarios, inversionistas y especialistas del sector, consolid\u00e1ndose como un espacio clave para el di\u00e1logo en torno al sector.<\/p>\n\n\n\n<p>La presencia de Nayarit en este foro representa un logro relevante en t\u00e9rminos de<\/p>\n\n\n\n<p>posicionamiento internacional, al situar al estado en un espacio donde se definen<\/p>\n\n\n\n<p>tendencias, se fortalecen alianzas estrat\u00e9gicas y se generan oportunidades de cooperaci\u00f3n entre Iberoam\u00e9rica y Europa.<\/p>\n\n\n\n<figure class=\"wp-block-gallery has-nested-images columns-default is-cropped wp-block-gallery-7 is-layout-flex wp-block-gallery-is-layout-flex\">\n<figure class=\"wp-block-image size-large\"><img decoding=\"async\" width=\"500\" height=\"484\" data-id=\"1104613\" src=\"https:\/\/dimensionturistica.com\/es\/wp-content\/uploads\/2026\/01\/4NAYA-3.jpg\" alt=\"\" class=\"wp-image-1104613\" srcset=\"https:\/\/dimensionturistica.com\/es\/wp-content\/uploads\/2026\/01\/4NAYA-3.jpg 500w, https:\/\/dimensionturistica.com\/es\/wp-content\/uploads\/2026\/01\/4NAYA-3-300x290.jpg 300w\" sizes=\"(max-width: 500px) 100vw, 500px\" \/><\/figure>\n<\/figure>\n\n\n\n<p>En el marco de FITUR 2026, el Estado de Nayarit tambi\u00e9n fue distinguido con la Medalla del Conocimiento Tur\u00edstico Nexotur 2026, otorgado por el Grupo Editorial Nexotur, y que se concede a trayectorias institucionales y profesionales que han contribuido de manera significativa a la generaci\u00f3n de conocimiento, an\u00e1lisis estrat\u00e9gico y reflexi\u00f3n especializada en torno al turismo.<\/p>\n\n\n\n<p>Al iniciar formalmente las actividades de FITUR, el arte wix\u00e1rika de Nayarit tuvo especial protagonismo en la inauguraci\u00f3n del Pabell\u00f3n de M\u00e9xico, al ocupar un lugar central en la narrativa visual del evento.<\/p>\n\n\n\n<p>Las pantallas laterales que flanquean la gran pantalla \u201cM\u00e9xico\u201d fueron intervenidas con patrones y simbolog\u00edas propias de la iconograf\u00eda wix\u00e1rika, enmarcando el momento del corte de list\u00f3n con una est\u00e9tica que conjug\u00f3 territorio, identidad y memoria cultural.<\/p>\n\n\n\n<p>M\u00e1s all\u00e1 de los eventos oficiales y el recinto ferial de IFEMA Madrid, Nayarit tambi\u00e9n<\/p>\n\n\n\n<figure class=\"wp-block-gallery has-nested-images columns-default is-cropped wp-block-gallery-8 is-layout-flex wp-block-gallery-is-layout-flex\">\n<figure class=\"wp-block-image size-large\"><img decoding=\"async\" width=\"500\" height=\"595\" data-id=\"1104614\" src=\"https:\/\/dimensionturistica.com\/es\/wp-content\/uploads\/2026\/01\/7NAYA-1.jpg\" alt=\"\" class=\"wp-image-1104614\" srcset=\"https:\/\/dimensionturistica.com\/es\/wp-content\/uploads\/2026\/01\/7NAYA-1.jpg 500w, https:\/\/dimensionturistica.com\/es\/wp-content\/uploads\/2026\/01\/7NAYA-1-252x300.jpg 252w\" sizes=\"(max-width: 500px) 100vw, 500px\" \/><\/figure>\n<\/figure>\n\n\n\n<p>proyecta su riqueza en la Puerta del Sol, coraz\u00f3n simb\u00f3lico de la capital espa\u00f1ola con la develaci\u00f3n de una pieza art\u00edstica intervenida del Oso y el Madro\u00f1o, elaborada con arte wix\u00e1rika, que dialoga de manera directa con la estatua original, estableciendo adem\u00e1s, un hermanamiento cultural entre ambos s\u00edmbolos &nbsp;generando un punto de encuentro entre dos territorios con profundas ra\u00edces hist\u00f3ricas y espirituales.<\/p>\n\n\n\n<p>Las acciones emprendidas en torno a FITUR 2026, son fundamentales para proyectar y consolidar el liderazgo de Nayarit en materia tur\u00edstica a nivel internacional, y responde a la estrategia de pol\u00edtica p\u00fablica impulsada por el gobernador Miguel \u00c1ngel Navarro Quintero, orientada a fortalecer la planeaci\u00f3n, la gobernanza y la proyecci\u00f3n internacional del turismo.<\/p>\n","protected":false},"excerpt":{"rendered":"<p>La Feria Internacional de Turismo (FITUR) 2026, uno de los eventos tur\u00edsticos m\u00e1s importantes del mundo que se desarrolla en Madrid, del 21 al 25 de enero, ha sido el escaparate para que el Estado de Nayarit proyecte su liderazgo internacional con una serie de actividades que incluyen desde la participaci\u00f3n en eventos de los [&hellip;]<\/p>\n","protected":false},"author":1,"featured_media":0,"comment_status":"open","ping_status":"closed","sticky":false,"template":"","format":"standard","meta":{"om_disable_all_campaigns":false,"jnews-multi-image_gallery":[],"jnews_single_post":{"format":"standard"},"jnews_primary_category":[],"jnews_social_meta":[],"footnotes":""},"categories":[39],"tags":[],"class_list":["post-1104607","post","type-post","status-publish","format-standard","hentry","category-viajes"],"_links":{"self":[{"href":"https:\/\/dimensionturistica.com\/es\/wp-json\/wp\/v2\/posts\/1104607","targetHints":{"allow":["GET"]}}],"collection":[{"href":"https:\/\/dimensionturistica.com\/es\/wp-json\/wp\/v2\/posts"}],"about":[{"href":"https:\/\/dimensionturistica.com\/es\/wp-json\/wp\/v2\/types\/post"}],"author":[{"embeddable":true,"href":"https:\/\/dimensionturistica.com\/es\/wp-json\/wp\/v2\/users\/1"}],"replies":[{"embeddable":true,"href":"https:\/\/dimensionturistica.com\/es\/wp-json\/wp\/v2\/comments?post=1104607"}],"version-history":[{"count":1,"href":"https:\/\/dimensionturistica.com\/es\/wp-json\/wp\/v2\/posts\/1104607\/revisions"}],"predecessor-version":[{"id":1104615,"href":"https:\/\/dimensionturistica.com\/es\/wp-json\/wp\/v2\/posts\/1104607\/revisions\/1104615"}],"wp:attachment":[{"href":"https:\/\/dimensionturistica.com\/es\/wp-json\/wp\/v2\/media?parent=1104607"}],"wp:term":[{"taxonomy":"category","embeddable":true,"href":"https:\/\/dimensionturistica.com\/es\/wp-json\/wp\/v2\/categories?post=1104607"},{"taxonomy":"post_tag","embeddable":true,"href":"https:\/\/dimensionturistica.com\/es\/wp-json\/wp\/v2\/tags?post=1104607"}],"curies":[{"name":"wp","href":"https:\/\/api.w.org\/{rel}","templated":true}]}}