{"id":1104317,"date":"2026-01-27T22:54:41","date_gmt":"2026-01-27T22:54:41","guid":{"rendered":"https:\/\/dimensionturistica.com\/es\/?p=1104317"},"modified":"2026-01-27T22:54:41","modified_gmt":"2026-01-27T22:54:41","slug":"arte-que-invita-a-mirar-con-nuevos-ojos-y-devlyn-se-suma-a-la-ruta-de-las-empresas-en-paseo-de-la-reforma","status":"publish","type":"post","link":"https:\/\/dimensionturistica.com\/es\/arte-que-invita-a-mirar-con-nuevos-ojos-y-devlyn-se-suma-a-la-ruta-de-las-empresas-en-paseo-de-la-reforma\/","title":{"rendered":"Arte que invita a mirar con nuevos ojos y \u00a0Devlyn se suma a la Ruta de las Empresas en Paseo de la Reforma"},"content":{"rendered":"\n<figure class=\"wp-block-gallery has-nested-images columns-default is-cropped wp-block-gallery-1 is-layout-flex wp-block-gallery-is-layout-flex\">\n<figure class=\"wp-block-image size-large\"><img decoding=\"async\" width=\"1024\" height=\"172\" data-id=\"1104318\" src=\"https:\/\/dimensionturistica.com\/es\/wp-content\/uploads\/2026\/01\/Devlyn-1024x172.png\" alt=\"\" class=\"wp-image-1104318\" srcset=\"https:\/\/dimensionturistica.com\/es\/wp-content\/uploads\/2026\/01\/Devlyn-1024x172.png 1024w, https:\/\/dimensionturistica.com\/es\/wp-content\/uploads\/2026\/01\/Devlyn-300x50.png 300w, https:\/\/dimensionturistica.com\/es\/wp-content\/uploads\/2026\/01\/Devlyn-768x129.png 768w, https:\/\/dimensionturistica.com\/es\/wp-content\/uploads\/2026\/01\/Devlyn-750x126.png 750w, https:\/\/dimensionturistica.com\/es\/wp-content\/uploads\/2026\/01\/Devlyn-1140x192.png 1140w, https:\/\/dimensionturistica.com\/es\/wp-content\/uploads\/2026\/01\/Devlyn.png 1201w\" sizes=\"(max-width: 1024px) 100vw, 1024px\" \/><\/figure>\n<\/figure>\n\n\n\n<p>El arte sali\u00f3 a la calle para abrir una conversaci\u00f3n con la ciudad. Este fin de semana, la Glorieta del \u00c1ngel de la Independencia fue el punto de partida de la Ruta de las Empresas, una iniciativa impulsada por el Consejo de la Comunicaci\u00f3n (CC) que convierte el espacio p\u00fablico en un recorrido art\u00edstico para reflexionar sobre el papel que las empresas desempe\u00f1an en la vida cotidiana del pa\u00eds.<\/p>\n\n\n\n<figure class=\"wp-block-gallery has-nested-images columns-default is-cropped wp-block-gallery-2 is-layout-flex wp-block-gallery-is-layout-flex\">\n<figure class=\"wp-block-image size-large\"><img decoding=\"async\" width=\"500\" height=\"333\" data-id=\"1104319\" src=\"https:\/\/dimensionturistica.com\/es\/wp-content\/uploads\/2026\/01\/5devlyn.jpg\" alt=\"\" class=\"wp-image-1104319\" srcset=\"https:\/\/dimensionturistica.com\/es\/wp-content\/uploads\/2026\/01\/5devlyn.jpg 500w, https:\/\/dimensionturistica.com\/es\/wp-content\/uploads\/2026\/01\/5devlyn-300x200.jpg 300w\" sizes=\"(max-width: 500px) 100vw, 500px\" \/><\/figure>\n<\/figure>\n\n\n\n<p>La Ruta re\u00fane esferas monumentales intervenidas por artistas mexicanos, concebidas como piezas itinerantes que recorrer\u00e1n distintas ciudades \u2014entre ellas Ciudad de M\u00e9xico, Guadalajara y Monterrey\u2014 con un objetivo com\u00fan: sensibilizar a la sociedad sobre el valor de las empresas y su impacto social, cultural y econ\u00f3mico, a trav\u00e9s del arte como lenguaje accesible y cercano.<\/p>\n\n\n\n<p>En este contexto, Grupo Devlyn se suma a la Ruta de las Empresas como parte de una visi\u00f3n empresarial que entiende el desarrollo econ\u00f3mico ligado al bienestar social. A lo largo de su historia, el grupo ha construido una forma de hacer empresa que pone en el centro a las personas, integrando iniciativas que buscan generar valor m\u00e1s all\u00e1 del negocio.<\/p>\n\n\n\n<p>Una visi\u00f3n empresarial que se refleja en acciones<\/p>\n\n\n\n<p>Como una de las expresiones de este compromiso, Fundaci\u00f3n Devlyn participa en la Ruta de las Empresas impulsando la reflexi\u00f3n en torno a la salud visual como un elemento clave para la calidad de vida. Con 18 a\u00f1os de labor institucional, la Fundaci\u00f3n ha impactado a m\u00e1s de dos millones de personas, facilitando el acceso a una mejor visi\u00f3n y contribuyendo a que m\u00e1s personas puedan aprender, trabajar y desarrollarse en mejores condiciones.<\/p>\n\n\n\n<p>Esta labor se sostiene en una tradici\u00f3n familiar de casi 90 a\u00f1os, que ha evolucionado hacia una visi\u00f3n integral donde valores como el respeto, el compromiso, la honestidad y el trabajo en equipo forman parte de la cultura del grupo y de su manera de relacionarse con la sociedad.<\/p>\n\n\n\n<figure class=\"wp-block-gallery has-nested-images columns-default is-cropped wp-block-gallery-3 is-layout-flex wp-block-gallery-is-layout-flex\">\n<figure class=\"wp-block-image size-large\"><img decoding=\"async\" width=\"500\" height=\"281\" data-id=\"1104320\" src=\"https:\/\/dimensionturistica.com\/es\/wp-content\/uploads\/2026\/01\/4devlyn.jpg\" alt=\"\" class=\"wp-image-1104320\" srcset=\"https:\/\/dimensionturistica.com\/es\/wp-content\/uploads\/2026\/01\/4devlyn.jpg 500w, https:\/\/dimensionturistica.com\/es\/wp-content\/uploads\/2026\/01\/4devlyn-300x169.jpg 300w\" sizes=\"(max-width: 500px) 100vw, 500px\" \/><\/figure>\n<\/figure>\n\n\n\n<p>\u201cLa Ruta de las Empresas nos permite mostrar, a trav\u00e9s del arte, que las empresas tambi\u00e9n generamos impacto positivo desde distintos frentes. En Grupo Devlyn creemos que nuestro trabajo s\u00f3lo tiene sentido si mejora la vida de las personas, y por eso nuestro compromiso con la salud visual va m\u00e1s all\u00e1 del negocio. La esfera intervenida por Tlacuilo refleja esa convicci\u00f3n: que todas y todos podamos ver el espect\u00e1culo de la vida con mayor claridad y entender que, cuando las empresas actuamos con prop\u00f3sito y visi\u00f3n de largo plazo, podemos contribuir de manera real al bienestar de la sociedad\u201d, mencion\u00f3 Jessica Devlyn, Directora de Fundaci\u00f3n Devlyn.<\/p>\n\n\n\n<figure class=\"wp-block-gallery has-nested-images columns-default is-cropped wp-block-gallery-4 is-layout-flex wp-block-gallery-is-layout-flex\">\n<figure class=\"wp-block-image size-large\"><img decoding=\"async\" width=\"500\" height=\"333\" data-id=\"1104321\" src=\"https:\/\/dimensionturistica.com\/es\/wp-content\/uploads\/2026\/01\/11devlyn.jpg\" alt=\"\" class=\"wp-image-1104321\" srcset=\"https:\/\/dimensionturistica.com\/es\/wp-content\/uploads\/2026\/01\/11devlyn.jpg 500w, https:\/\/dimensionturistica.com\/es\/wp-content\/uploads\/2026\/01\/11devlyn-300x200.jpg 300w\" sizes=\"(max-width: 500px) 100vw, 500px\" \/><\/figure>\n<\/figure>\n\n\n\n<p>Arte que genera di\u00e1logo y conciencia<\/p>\n\n\n\n<p>Como parte de la exhibici\u00f3n, Grupo Devlyn participa con la esfera titulada \u2018Visi\u00f3n, sue\u00f1o, vista\u2019, intervenida por el artista Tlacuilo, cuya obra propone una reflexi\u00f3n visual en torno a la mirada, el acompa\u00f1amiento y la construcci\u00f3n colectiva. A trav\u00e9s de s\u00edmbolos y escenas que invitan a observar con atenci\u00f3n, la pieza conecta con la idea de que mirar con claridad tambi\u00e9n implica comprender mejor el entorno y a quienes lo habitan.<\/p>\n\n\n\n<figure class=\"wp-block-gallery has-nested-images columns-default is-cropped wp-block-gallery-5 is-layout-flex wp-block-gallery-is-layout-flex\">\n<figure class=\"wp-block-image size-large\"><img decoding=\"async\" width=\"500\" height=\"666\" data-id=\"1104322\" src=\"https:\/\/dimensionturistica.com\/es\/wp-content\/uploads\/2026\/01\/3devlyn.jpg\" alt=\"\" class=\"wp-image-1104322\" srcset=\"https:\/\/dimensionturistica.com\/es\/wp-content\/uploads\/2026\/01\/3devlyn.jpg 500w, https:\/\/dimensionturistica.com\/es\/wp-content\/uploads\/2026\/01\/3devlyn-225x300.jpg 225w\" sizes=\"(max-width: 500px) 100vw, 500px\" \/><\/figure>\n<\/figure>\n\n\n\n<p>La presencia de esta obra en la Ruta de las Empresas refuerza el esp\u00edritu de la iniciativa: utilizar el arte como un punto de encuentro para generar di\u00e1logo, conciencia y nuevas formas de entender el impacto positivo de las empresas en la sociedad.<\/p>\n","protected":false},"excerpt":{"rendered":"<p>El arte sali\u00f3 a la calle para abrir una conversaci\u00f3n con la ciudad. Este fin de semana, la Glorieta del \u00c1ngel de la Independencia fue el punto de partida de la Ruta de las Empresas, una iniciativa impulsada por el Consejo de la Comunicaci\u00f3n (CC) que convierte el espacio p\u00fablico en un recorrido art\u00edstico para [&hellip;]<\/p>\n","protected":false},"author":1,"featured_media":0,"comment_status":"open","ping_status":"closed","sticky":false,"template":"","format":"standard","meta":{"om_disable_all_campaigns":false,"jnews-multi-image_gallery":[],"jnews_single_post":[],"jnews_primary_category":[],"jnews_social_meta":[],"footnotes":""},"categories":[144872],"tags":[],"class_list":["post-1104317","post","type-post","status-publish","format-standard","hentry","category-fashion"],"_links":{"self":[{"href":"https:\/\/dimensionturistica.com\/es\/wp-json\/wp\/v2\/posts\/1104317","targetHints":{"allow":["GET"]}}],"collection":[{"href":"https:\/\/dimensionturistica.com\/es\/wp-json\/wp\/v2\/posts"}],"about":[{"href":"https:\/\/dimensionturistica.com\/es\/wp-json\/wp\/v2\/types\/post"}],"author":[{"embeddable":true,"href":"https:\/\/dimensionturistica.com\/es\/wp-json\/wp\/v2\/users\/1"}],"replies":[{"embeddable":true,"href":"https:\/\/dimensionturistica.com\/es\/wp-json\/wp\/v2\/comments?post=1104317"}],"version-history":[{"count":1,"href":"https:\/\/dimensionturistica.com\/es\/wp-json\/wp\/v2\/posts\/1104317\/revisions"}],"predecessor-version":[{"id":1104323,"href":"https:\/\/dimensionturistica.com\/es\/wp-json\/wp\/v2\/posts\/1104317\/revisions\/1104323"}],"wp:attachment":[{"href":"https:\/\/dimensionturistica.com\/es\/wp-json\/wp\/v2\/media?parent=1104317"}],"wp:term":[{"taxonomy":"category","embeddable":true,"href":"https:\/\/dimensionturistica.com\/es\/wp-json\/wp\/v2\/categories?post=1104317"},{"taxonomy":"post_tag","embeddable":true,"href":"https:\/\/dimensionturistica.com\/es\/wp-json\/wp\/v2\/tags?post=1104317"}],"curies":[{"name":"wp","href":"https:\/\/api.w.org\/{rel}","templated":true}]}}