{"id":1104249,"date":"2026-01-27T20:36:09","date_gmt":"2026-01-27T20:36:09","guid":{"rendered":"https:\/\/dimensionturistica.com\/es\/?p=1104249"},"modified":"2026-01-27T20:36:09","modified_gmt":"2026-01-27T20:36:09","slug":"la-ciudad-de-santa-anada-la-bienvenida-al-ano-del-caballo-con-el-tercer-festival-tet-ano-nuevo-lunar-anual","status":"publish","type":"post","link":"https:\/\/dimensionturistica.com\/es\/la-ciudad-de-santa-anada-la-bienvenida-al-ano-del-caballo-con-el-tercer-festival-tet-ano-nuevo-lunar-anual\/","title":{"rendered":"La Ciudad de Santa Anada la bienvenida al A\u00f1o del Caballo con el tercer Festival T\u1ebft A\u00f1o Nuevo Lunar anual"},"content":{"rendered":"\n<figure class=\"wp-block-gallery has-nested-images columns-default is-cropped wp-block-gallery-1 is-layout-flex wp-block-gallery-is-layout-flex\">\n<figure class=\"wp-block-image size-large\"><img decoding=\"async\" width=\"500\" height=\"500\" data-id=\"1104250\" src=\"https:\/\/dimensionturistica.com\/es\/wp-content\/uploads\/2026\/01\/1SANTA.jpg\" alt=\"\" class=\"wp-image-1104250\" srcset=\"https:\/\/dimensionturistica.com\/es\/wp-content\/uploads\/2026\/01\/1SANTA.jpg 500w, https:\/\/dimensionturistica.com\/es\/wp-content\/uploads\/2026\/01\/1SANTA-300x300.jpg 300w, https:\/\/dimensionturistica.com\/es\/wp-content\/uploads\/2026\/01\/1SANTA-150x150.jpg 150w, https:\/\/dimensionturistica.com\/es\/wp-content\/uploads\/2026\/01\/1SANTA-75x75.jpg 75w, https:\/\/dimensionturistica.com\/es\/wp-content\/uploads\/2026\/01\/1SANTA-350x350.jpg 350w\" sizes=\"(max-width: 500px) 100vw, 500px\" \/><\/figure>\n<\/figure>\n\n\n\n<p>&nbsp;En honor a la vibrante herencia asi\u00e1tica y vietnamita de Santa Ana, la Ciudad de Santa Ana invita a la comunidad a dar la bienvenida al A\u00f1o del Caballo en el tercer Festival anual T\u1ebft A\u00f1o Nuevo Lunar. Esta celebraci\u00f3n gratuita y apta para toda la familia tendr\u00e1 lugar el s\u00e1bado 7 de febrero de 2026, de 1 a 6 p.m., en el Parque Centennial (3000 W. Edinger Ave.), y contar\u00e1 con espect\u00e1culos culturales, actividades y diversi\u00f3n festiva para todas las edades.<\/p>\n\n\n\n<figure class=\"wp-block-gallery has-nested-images columns-default is-cropped wp-block-gallery-2 is-layout-flex wp-block-gallery-is-layout-flex\">\n<figure class=\"wp-block-image size-large\"><img decoding=\"async\" width=\"500\" height=\"333\" data-id=\"1104255\" src=\"https:\/\/dimensionturistica.com\/es\/wp-content\/uploads\/2026\/01\/2SANTA.jpg\" alt=\"\" class=\"wp-image-1104255\" srcset=\"https:\/\/dimensionturistica.com\/es\/wp-content\/uploads\/2026\/01\/2SANTA.jpg 500w, https:\/\/dimensionturistica.com\/es\/wp-content\/uploads\/2026\/01\/2SANTA-300x200.jpg 300w\" sizes=\"(max-width: 500px) 100vw, 500px\" \/><\/figure>\n<\/figure>\n\n\n\n<p>\u201c\u00c1nimo a toda la comunidad de Santa Ana a unirse en nuestro Festival anual de T\u1ebft para celebrar la renovaci\u00f3n, la conexi\u00f3n y el orgullo cultural\u201d, dijo la alcaldesa Valerie Amezcua. \u201cEste querido evento destaca las tradiciones y las contribuciones de nuestros residentes vietnamitas y asi\u00e1ticos y nos recuerda los valores compartidos que unen a nuestra ciudad mientras damos la bienvenida a un a\u00f1o lleno de esperanza\u201d.<\/p>\n\n\n\n<figure class=\"wp-block-gallery has-nested-images columns-default is-cropped wp-block-gallery-3 is-layout-flex wp-block-gallery-is-layout-flex\">\n<figure class=\"wp-block-image size-large\"><img decoding=\"async\" width=\"500\" height=\"612\" data-id=\"1104251\" src=\"https:\/\/dimensionturistica.com\/es\/wp-content\/uploads\/2026\/01\/7SANTA.jpg\" alt=\"\" class=\"wp-image-1104251\" srcset=\"https:\/\/dimensionturistica.com\/es\/wp-content\/uploads\/2026\/01\/7SANTA.jpg 500w, https:\/\/dimensionturistica.com\/es\/wp-content\/uploads\/2026\/01\/7SANTA-245x300.jpg 245w\" sizes=\"(max-width: 500px) 100vw, 500px\" \/><\/figure>\n<\/figure>\n\n\n\n<p>Durante este evento colaborativo presentado por la Agencia de Parques, Recreaci\u00f3n y Servicios Comunitarios de Santa Ana y la Biblioteca P\u00fablica de Santa Ana, los invitados podr\u00e1n disfrutar de<\/p>\n\n\n\n<p>Actuaciones y espect\u00e1culos culturales, incluyendo una danza del le\u00f3n y el drag\u00f3n<\/p>\n\n\n\n<p>Exposiciones culturales y regalos gratuitos (hasta agotar existencias)<\/p>\n\n\n\n<p>Actuaciones con tambores<\/p>\n\n\n\n<p>Zona para ni\u00f1os<\/p>\n\n\n\n<figure class=\"wp-block-gallery has-nested-images columns-default is-cropped wp-block-gallery-4 is-layout-flex wp-block-gallery-is-layout-flex\">\n<figure class=\"wp-block-image size-large\"><img decoding=\"async\" width=\"500\" height=\"333\" data-id=\"1104256\" src=\"https:\/\/dimensionturistica.com\/es\/wp-content\/uploads\/2026\/01\/3SANTA.jpg\" alt=\"\" class=\"wp-image-1104256\" srcset=\"https:\/\/dimensionturistica.com\/es\/wp-content\/uploads\/2026\/01\/3SANTA.jpg 500w, https:\/\/dimensionturistica.com\/es\/wp-content\/uploads\/2026\/01\/3SANTA-300x200.jpg 300w\" sizes=\"(max-width: 500px) 100vw, 500px\" \/><\/figure>\n<\/figure>\n\n\n\n<p>Carril de la biblioteca<\/p>\n\n\n\n<p>Vendedores de comida<\/p>\n\n\n\n<p>Artesan\u00edas<\/p>\n\n\n\n<p>Juego de b\u00fasqueda del tesoro<\/p>\n\n\n\n<p>Espect\u00e1culo de fuegos artificiales a las 5:45 p.m.<\/p>\n\n\n\n<p>Copia de T\u1ebft (Lunar New Year) Festival BR1<\/p>\n\n\n\n<p>Adem\u00e1s de estos eventos destacados, los invitados tambi\u00e9n podr\u00e1n disfrutar de la participaci\u00f3n especial de nuestros patrocinadores y socios titulares:<\/p>\n\n\n\n<figure class=\"wp-block-gallery has-nested-images columns-default is-cropped wp-block-gallery-5 is-layout-flex wp-block-gallery-is-layout-flex\">\n<figure class=\"wp-block-image size-large\"><img decoding=\"async\" width=\"500\" height=\"333\" data-id=\"1104257\" src=\"https:\/\/dimensionturistica.com\/es\/wp-content\/uploads\/2026\/01\/5SANTA.jpg\" alt=\"\" class=\"wp-image-1104257\" srcset=\"https:\/\/dimensionturistica.com\/es\/wp-content\/uploads\/2026\/01\/5SANTA.jpg 500w, https:\/\/dimensionturistica.com\/es\/wp-content\/uploads\/2026\/01\/5SANTA-300x200.jpg 300w\" sizes=\"(max-width: 500px) 100vw, 500px\" \/><\/figure>\n<\/figure>\n\n\n\n<p>Vinfast estar\u00e1 presente con una deslumbrante exposici\u00f3n de veh\u00edculos, manualidades gratuitas, alegres obsequios y emocionantes premios para los ganadores de la b\u00fasqueda del tesoro.<\/p>\n\n\n\n<p>Los Anaheim Ducksse sumar\u00e1n a la fiesta con divertidas actividades tem\u00e1ticas, obsequios exclusivos hasta agotar existencias y fant\u00e1sticos premios para los afortunados ganadores de la b\u00fasqueda del tesoro.<\/p>\n\n\n\n<p>Robinson Pharmadesempe\u00f1ar\u00e1 un papel importante, con su apoyo generoso, en la mejora de las operaciones esenciales del evento y los elementos especiales del programa, contribuyendo a crear una experiencia excepcional para los asistentes.<\/p>\n\n\n\n<p>Copia de T\u1ebft (Lunar New Year) Festival BR2<\/p>\n\n\n\n<p>El Festival T\u1ebft de Santa Ana es familiar y est\u00e1 disponsible a todos. El estacionamiento es gratuito. Se anima a los asistentes a traer sus propias sillas de jard\u00edn, mantas y picnics. Consulta el programa completo de actuaciones y obt\u00e9n m\u00e1s informaci\u00f3n en nuestra p\u00e1gina web.<\/p>\n","protected":false},"excerpt":{"rendered":"<p>&nbsp;En honor a la vibrante herencia asi\u00e1tica y vietnamita de Santa Ana, la Ciudad de Santa Ana invita a la comunidad a dar la bienvenida al A\u00f1o del Caballo en el tercer Festival anual T\u1ebft A\u00f1o Nuevo Lunar. Esta celebraci\u00f3n gratuita y apta para toda la familia tendr\u00e1 lugar el s\u00e1bado 7 de febrero de [&hellip;]<\/p>\n","protected":false},"author":1,"featured_media":0,"comment_status":"open","ping_status":"closed","sticky":false,"template":"","format":"standard","meta":{"om_disable_all_campaigns":false,"jnews-multi-image_gallery":[],"jnews_single_post":[],"jnews_primary_category":[],"jnews_social_meta":[],"footnotes":""},"categories":[39],"tags":[],"class_list":["post-1104249","post","type-post","status-publish","format-standard","hentry","category-viajes"],"_links":{"self":[{"href":"https:\/\/dimensionturistica.com\/es\/wp-json\/wp\/v2\/posts\/1104249","targetHints":{"allow":["GET"]}}],"collection":[{"href":"https:\/\/dimensionturistica.com\/es\/wp-json\/wp\/v2\/posts"}],"about":[{"href":"https:\/\/dimensionturistica.com\/es\/wp-json\/wp\/v2\/types\/post"}],"author":[{"embeddable":true,"href":"https:\/\/dimensionturistica.com\/es\/wp-json\/wp\/v2\/users\/1"}],"replies":[{"embeddable":true,"href":"https:\/\/dimensionturistica.com\/es\/wp-json\/wp\/v2\/comments?post=1104249"}],"version-history":[{"count":1,"href":"https:\/\/dimensionturistica.com\/es\/wp-json\/wp\/v2\/posts\/1104249\/revisions"}],"predecessor-version":[{"id":1104259,"href":"https:\/\/dimensionturistica.com\/es\/wp-json\/wp\/v2\/posts\/1104249\/revisions\/1104259"}],"wp:attachment":[{"href":"https:\/\/dimensionturistica.com\/es\/wp-json\/wp\/v2\/media?parent=1104249"}],"wp:term":[{"taxonomy":"category","embeddable":true,"href":"https:\/\/dimensionturistica.com\/es\/wp-json\/wp\/v2\/categories?post=1104249"},{"taxonomy":"post_tag","embeddable":true,"href":"https:\/\/dimensionturistica.com\/es\/wp-json\/wp\/v2\/tags?post=1104249"}],"curies":[{"name":"wp","href":"https:\/\/api.w.org\/{rel}","templated":true}]}}