{"id":1104185,"date":"2026-01-27T16:57:11","date_gmt":"2026-01-27T16:57:11","guid":{"rendered":"https:\/\/dimensionturistica.com\/es\/?p=1104185"},"modified":"2026-01-27T16:57:11","modified_gmt":"2026-01-27T16:57:11","slug":"irapuato-convertira-su-espacio-publico-en-el-escenario-cultural-mas-activo-del-estado-durante-su-479-aniversario","status":"publish","type":"post","link":"https:\/\/dimensionturistica.com\/es\/irapuato-convertira-su-espacio-publico-en-el-escenario-cultural-mas-activo-del-estado-durante-su-479-aniversario\/","title":{"rendered":"Irapuato convertir\u00e1 su espacio p\u00fablico en el escenario cultural m\u00e1s activo del estado durante su 479 aniversario"},"content":{"rendered":"\n<figure class=\"wp-block-gallery has-nested-images columns-default is-cropped wp-block-gallery-1 is-layout-flex wp-block-gallery-is-layout-flex\">\n<figure class=\"wp-block-image size-large\"><img decoding=\"async\" width=\"500\" height=\"125\" data-id=\"1104187\" src=\"https:\/\/dimensionturistica.com\/es\/wp-content\/uploads\/2026\/01\/11IRAPUATO.jpg\" alt=\"\" class=\"wp-image-1104187\" srcset=\"https:\/\/dimensionturistica.com\/es\/wp-content\/uploads\/2026\/01\/11IRAPUATO.jpg 500w, https:\/\/dimensionturistica.com\/es\/wp-content\/uploads\/2026\/01\/11IRAPUATO-300x75.jpg 300w\" sizes=\"(max-width: 500px) 100vw, 500px\" \/><\/figure>\n<\/figure>\n\n\n\n<p>Con m\u00e1s de 2,000 artistas, 150 actividades y 35 sedes simult\u00e1neas, Irapuato celebrar\u00e1 su 479 aniversario transformando calles, plazas, paraderos, templos, comunidades y comercios en un gran escenario cultural abierto y gratuito con el &#8220;Festival de la Ciudad 2026. Somos Eraitzicutzio&#8221;, del 1 al 15 de febrero.<\/p>\n\n\n\n<figure class=\"wp-block-gallery has-nested-images columns-default is-cropped wp-block-gallery-2 is-layout-flex wp-block-gallery-is-layout-flex\">\n<figure class=\"wp-block-image size-large\"><img decoding=\"async\" width=\"500\" height=\"387\" data-id=\"1104188\" src=\"https:\/\/dimensionturistica.com\/es\/wp-content\/uploads\/2026\/01\/444IRAPUATO-1.jpg\" alt=\"\" class=\"wp-image-1104188\" srcset=\"https:\/\/dimensionturistica.com\/es\/wp-content\/uploads\/2026\/01\/444IRAPUATO-1.jpg 500w, https:\/\/dimensionturistica.com\/es\/wp-content\/uploads\/2026\/01\/444IRAPUATO-1-300x232.jpg 300w\" sizes=\"(max-width: 500px) 100vw, 500px\" \/><\/figure>\n<\/figure>\n\n\n\n<p>Durante 15 d\u00edas, el arte ser\u00e1 una de las disciplinas que transformar\u00e1 la ciudad con:<\/p>\n\n\n\n<p>M\u00e1s de 2,000 artistas (90% irapuatenses)<\/p>\n\n\n\n<p>95% de actividades gratuitas<\/p>\n\n\n\n<p>35 sedes en plazas, barrios, comunidades, museos y espacios emblem\u00e1ticos<\/p>\n\n\n\n<p>Programaci\u00f3n continua con m\u00fasica, danza, teatro, exposiciones, recorridos tur\u00edsticos, gastronom\u00eda, arte urbano y actividades comunitarias<\/p>\n\n\n\n<figure class=\"wp-block-gallery has-nested-images columns-default is-cropped wp-block-gallery-3 is-layout-flex wp-block-gallery-is-layout-flex\">\n<figure class=\"wp-block-image size-large\"><img decoding=\"async\" width=\"500\" height=\"504\" data-id=\"1104189\" src=\"https:\/\/dimensionturistica.com\/es\/wp-content\/uploads\/2026\/01\/666IRAPUATO.jpg\" alt=\"\" class=\"wp-image-1104189\" srcset=\"https:\/\/dimensionturistica.com\/es\/wp-content\/uploads\/2026\/01\/666IRAPUATO.jpg 500w, https:\/\/dimensionturistica.com\/es\/wp-content\/uploads\/2026\/01\/666IRAPUATO-298x300.jpg 298w, https:\/\/dimensionturistica.com\/es\/wp-content\/uploads\/2026\/01\/666IRAPUATO-150x150.jpg 150w, https:\/\/dimensionturistica.com\/es\/wp-content\/uploads\/2026\/01\/666IRAPUATO-75x75.jpg 75w\" sizes=\"(max-width: 500px) 100vw, 500px\" \/><\/figure>\n<\/figure>\n\n\n\n<p>La conmemoraci\u00f3n integra la cuarta edici\u00f3n del Festival de Intervenciones Urbanas (FIU), un proyecto que en cuatro a\u00f1os ha evolucionado de intervenir mobiliario urbano a integrar fachadas y cortinas de comercios del Centro Hist\u00f3rico, consolidando a la ciudad como una galer\u00eda urbana viva.<\/p>\n\n\n\n<p>Un modelo que evoluciona a\u00f1o con a\u00f1o<\/p>\n\n\n\n<p>Desde 2023, el FIU ha desarrollado un proceso sostenido de intervenci\u00f3n urbana:<\/p>\n\n\n\n<p>2023 Sostenibilidad: 78 artistas y 32 intervenciones en el Centro Hist\u00f3rico<\/p>\n\n\n\n<figure class=\"wp-block-gallery has-nested-images columns-default is-cropped wp-block-gallery-4 is-layout-flex wp-block-gallery-is-layout-flex\">\n<figure class=\"wp-block-image size-large\"><img decoding=\"async\" width=\"500\" height=\"511\" data-id=\"1104190\" src=\"https:\/\/dimensionturistica.com\/es\/wp-content\/uploads\/2026\/01\/222IRAPUATO.jpg\" alt=\"\" class=\"wp-image-1104190\" srcset=\"https:\/\/dimensionturistica.com\/es\/wp-content\/uploads\/2026\/01\/222IRAPUATO.jpg 500w, https:\/\/dimensionturistica.com\/es\/wp-content\/uploads\/2026\/01\/222IRAPUATO-294x300.jpg 294w\" sizes=\"(max-width: 500px) 100vw, 500px\" \/><\/figure>\n<\/figure>\n\n\n\n<p>2024-Memoria: 150 artistas y expansi\u00f3n a corredores culturales<\/p>\n\n\n\n<p>2025 Los sentidos: m\u00e1s de 200 artistas y activaci\u00f3n de nuevas plazas y barrios<\/p>\n\n\n\n<p>2026 El tiempo: integraci\u00f3n de locatarios y apropiaci\u00f3n permanente del espacio p\u00fablico<\/p>\n\n\n\n<p>Para esta edici\u00f3n participar\u00e1n 217 artistas locales, regionales e internacionales.<\/p>\n\n\n\n<p>Ciudad activa: cultura, turismo y econom\u00eda local.<\/p>\n\n\n\n<p>El Festival de la Ciudad articula esta transformaci\u00f3n con:<\/p>\n\n\n\n<p>Recorridos tur\u00edsticos tem\u00e1ticos e inclusivos por el Centro Hist\u00f3rico y comunidades<\/p>\n\n\n\n<p>Activaciones culturales en paraderos con narradores que llevan la leyenda de Eraitzicutzio a espacios cotidianos<\/p>\n\n\n\n<p>Pabell\u00f3n gastron\u00f3mico y caravana de emprendedores locales Intervenciones urbanas seleccionadas por votaci\u00f3n ciudadana<\/p>\n\n\n\n<p>Conciertos y presentaciones en plazas p\u00fablicas, parques, andadores teatros<\/p>\n\n\n\n<p>La programaci\u00f3n incluye presentaciones como Javier Camarena, Daniela Spal Jenny and The Mexicats, Majo Aguilar, la Orquesta Filarm\u00f3nica Mahler, entre otros artistas, distribuidos en distintos puntos de la ciudad.<\/p>\n\n\n\n<p>M\u00e1s que un festival: una ciudad en funcionamiento cultural<\/p>\n\n\n\n<figure class=\"wp-block-gallery has-nested-images columns-default is-cropped wp-block-gallery-5 is-layout-flex wp-block-gallery-is-layout-flex\">\n<figure class=\"wp-block-image size-large\"><img decoding=\"async\" width=\"500\" height=\"225\" data-id=\"1104191\" src=\"https:\/\/dimensionturistica.com\/es\/wp-content\/uploads\/2026\/01\/777IRAPUATO.jpg\" alt=\"\" class=\"wp-image-1104191\" srcset=\"https:\/\/dimensionturistica.com\/es\/wp-content\/uploads\/2026\/01\/777IRAPUATO.jpg 500w, https:\/\/dimensionturistica.com\/es\/wp-content\/uploads\/2026\/01\/777IRAPUATO-300x135.jpg 300w\" sizes=\"(max-width: 500px) 100vw, 500px\" \/><\/figure>\n<\/figure>\n\n\n\n<p>Esta celebraci\u00f3n no se limita a una cartelera art\u00edstica. Durante 15 d\u00edas, Iraguato opera como un ecosistema cultural en movimiento donde el espacio p\u00fablico se convierte en punto de encuentro, identidad y convivencia.<\/p>\n\n\n\n<p>El proyecto posiciona a Irapuato como un referente de activaci\u00f3n cultural, tu y social, donde el arte se utiliza como herramienta de apropiaci\u00f3n del es impulso al comercio local y construcci\u00f3n de comunidad.<\/p>\n","protected":false},"excerpt":{"rendered":"<p>Con m\u00e1s de 2,000 artistas, 150 actividades y 35 sedes simult\u00e1neas, Irapuato celebrar\u00e1 su 479 aniversario transformando calles, plazas, paraderos, templos, comunidades y comercios en un gran escenario cultural abierto y gratuito con el &#8220;Festival de la Ciudad 2026. Somos Eraitzicutzio&#8221;, del 1 al 15 de febrero. Durante 15 d\u00edas, el arte ser\u00e1 una de [&hellip;]<\/p>\n","protected":false},"author":1,"featured_media":0,"comment_status":"open","ping_status":"closed","sticky":false,"template":"","format":"standard","meta":{"om_disable_all_campaigns":false,"jnews-multi-image_gallery":[],"jnews_single_post":{"format":"standard"},"jnews_primary_category":[],"jnews_social_meta":[],"footnotes":""},"categories":[39],"tags":[],"class_list":["post-1104185","post","type-post","status-publish","format-standard","hentry","category-viajes"],"_links":{"self":[{"href":"https:\/\/dimensionturistica.com\/es\/wp-json\/wp\/v2\/posts\/1104185","targetHints":{"allow":["GET"]}}],"collection":[{"href":"https:\/\/dimensionturistica.com\/es\/wp-json\/wp\/v2\/posts"}],"about":[{"href":"https:\/\/dimensionturistica.com\/es\/wp-json\/wp\/v2\/types\/post"}],"author":[{"embeddable":true,"href":"https:\/\/dimensionturistica.com\/es\/wp-json\/wp\/v2\/users\/1"}],"replies":[{"embeddable":true,"href":"https:\/\/dimensionturistica.com\/es\/wp-json\/wp\/v2\/comments?post=1104185"}],"version-history":[{"count":1,"href":"https:\/\/dimensionturistica.com\/es\/wp-json\/wp\/v2\/posts\/1104185\/revisions"}],"predecessor-version":[{"id":1104192,"href":"https:\/\/dimensionturistica.com\/es\/wp-json\/wp\/v2\/posts\/1104185\/revisions\/1104192"}],"wp:attachment":[{"href":"https:\/\/dimensionturistica.com\/es\/wp-json\/wp\/v2\/media?parent=1104185"}],"wp:term":[{"taxonomy":"category","embeddable":true,"href":"https:\/\/dimensionturistica.com\/es\/wp-json\/wp\/v2\/categories?post=1104185"},{"taxonomy":"post_tag","embeddable":true,"href":"https:\/\/dimensionturistica.com\/es\/wp-json\/wp\/v2\/tags?post=1104185"}],"curies":[{"name":"wp","href":"https:\/\/api.w.org\/{rel}","templated":true}]}}