{"id":1104122,"date":"2026-01-27T14:57:00","date_gmt":"2026-01-27T14:57:00","guid":{"rendered":"https:\/\/dimensionturistica.com\/es\/?p=1104122"},"modified":"2026-01-27T14:57:00","modified_gmt":"2026-01-27T14:57:00","slug":"mexico-brillo-en-fitur-2026-y-consolido-su-liderazgo-turistico-global-como-pais-invitado","status":"publish","type":"post","link":"https:\/\/dimensionturistica.com\/es\/mexico-brillo-en-fitur-2026-y-consolido-su-liderazgo-turistico-global-como-pais-invitado\/","title":{"rendered":"M\u00e9xico brill\u00f3 en FITUR 2026 y consolid\u00f3 su liderazgo tur\u00edstico global como Pa\u00eds Invitado"},"content":{"rendered":"\n<figure class=\"wp-block-gallery has-nested-images columns-default is-cropped wp-block-gallery-1 is-layout-flex wp-block-gallery-is-layout-flex\">\n<figure class=\"wp-block-image size-large\"><img decoding=\"async\" width=\"500\" height=\"333\" data-id=\"1104123\" src=\"https:\/\/dimensionturistica.com\/es\/wp-content\/uploads\/2026\/01\/12FITUR.jpg\" alt=\"\" class=\"wp-image-1104123\" srcset=\"https:\/\/dimensionturistica.com\/es\/wp-content\/uploads\/2026\/01\/12FITUR.jpg 500w, https:\/\/dimensionturistica.com\/es\/wp-content\/uploads\/2026\/01\/12FITUR-300x200.jpg 300w\" sizes=\"(max-width: 500px) 100vw, 500px\" \/><\/figure>\n<\/figure>\n\n\n\n<p>La secretaria de Turismo del Gobierno de M\u00e9xico, Josefina Rodr\u00edguez Zamora, inform\u00f3 que este domingo concluy\u00f3 la participaci\u00f3n de M\u00e9xico como Pa\u00eds Invitado en la 46\u00aa edici\u00f3n de la Feria Internacional de Turismo (Fitur) 2026, en Madrid, Espa\u00f1a, consolidando una presencia hist\u00f3rica que proyect\u00f3 la fortaleza, diversidad y competitividad del turismo nacional en uno de los foros m\u00e1s influyentes del sector a nivel global.<\/p>\n\n\n\n<figure class=\"wp-block-gallery has-nested-images columns-default is-cropped wp-block-gallery-2 is-layout-flex wp-block-gallery-is-layout-flex\">\n<figure class=\"wp-block-image size-large\"><img decoding=\"async\" width=\"500\" height=\"333\" data-id=\"1104124\" src=\"https:\/\/dimensionturistica.com\/es\/wp-content\/uploads\/2026\/01\/1FITUR.jpg\" alt=\"\" class=\"wp-image-1104124\" srcset=\"https:\/\/dimensionturistica.com\/es\/wp-content\/uploads\/2026\/01\/1FITUR.jpg 500w, https:\/\/dimensionturistica.com\/es\/wp-content\/uploads\/2026\/01\/1FITUR-300x200.jpg 300w\" sizes=\"(max-width: 500px) 100vw, 500px\" \/><\/figure>\n<\/figure>\n\n\n\n<p>\u201cM\u00e9xico lleg\u00f3 a Fitur 2026 con una sola voz y un objetivo claro: posicionarnos como potencia tur\u00edstica global. Hoy cerramos esta edici\u00f3n con resultados hist\u00f3ricos y un futuro lleno de oportunidades para el pa\u00eds\u201d, expres\u00f3.<\/p>\n\n\n\n<p>La titular de la Secretar\u00eda de Turismo (Sectur) subray\u00f3 que esta edici\u00f3n rompi\u00f3 r\u00e9cords y \u201cmarc\u00f3 un antes y un despu\u00e9s\u201d en la proyecci\u00f3n internacional del turismo mexicano, al registrar m\u00e1s de 155 mil visitantes profesionales durante los primeros tres d\u00edas; adem\u00e1s, se convirti\u00f3 en un evento clave para posicionar a M\u00e9xico como un referente global en promoci\u00f3n, conectividad, inversi\u00f3n y cultura tur\u00edstica.<\/p>\n\n\n\n<figure class=\"wp-block-gallery has-nested-images columns-default is-cropped wp-block-gallery-3 is-layout-flex wp-block-gallery-is-layout-flex\">\n<figure class=\"wp-block-image size-large\"><img decoding=\"async\" width=\"500\" height=\"333\" data-id=\"1104125\" src=\"https:\/\/dimensionturistica.com\/es\/wp-content\/uploads\/2026\/01\/2FITUR.jpg\" alt=\"\" class=\"wp-image-1104125\" srcset=\"https:\/\/dimensionturistica.com\/es\/wp-content\/uploads\/2026\/01\/2FITUR.jpg 500w, https:\/\/dimensionturistica.com\/es\/wp-content\/uploads\/2026\/01\/2FITUR-300x200.jpg 300w\" sizes=\"(max-width: 500px) 100vw, 500px\" \/><\/figure>\n<\/figure>\n\n\n\n<p>Precis\u00f3 que, del 21 al 25 de enero en IFEMA Madrid, M\u00e9xico present\u00f3 el pabell\u00f3n m\u00e1s grande y m\u00e1s visitado de las Am\u00e9ricas, con mil 800 metros cuadrados (m2) de exposici\u00f3n, la participaci\u00f3n por primera vez de los 32 estados del pa\u00eds, en donde participaron mil 500 expositores. Estas cifras, sin precedentes, reflejan el inter\u00e9s del mercado internacional y consolidan la unidad del sector tur\u00edstico mexicano, representado por una delegaci\u00f3n de m\u00e1s de 800 integrantes entre autoridades, empresarios y representantes de los sectores productivos.<\/p>\n\n\n\n<figure class=\"wp-block-gallery has-nested-images columns-default is-cropped wp-block-gallery-4 is-layout-flex wp-block-gallery-is-layout-flex\">\n<figure class=\"wp-block-image size-large\"><img decoding=\"async\" width=\"500\" height=\"333\" data-id=\"1104126\" src=\"https:\/\/dimensionturistica.com\/es\/wp-content\/uploads\/2026\/01\/4FITUR.jpg\" alt=\"\" class=\"wp-image-1104126\" srcset=\"https:\/\/dimensionturistica.com\/es\/wp-content\/uploads\/2026\/01\/4FITUR.jpg 500w, https:\/\/dimensionturistica.com\/es\/wp-content\/uploads\/2026\/01\/4FITUR-300x200.jpg 300w\" sizes=\"(max-width: 500px) 100vw, 500px\" \/><\/figure>\n<\/figure>\n\n\n\n<p>Rodr\u00edguez Zamora indic\u00f3 que Fitur 2026 se convirti\u00f3 en una plataforma estrat\u00e9gica para fortalecer la presencia de M\u00e9xico en los principales mercados emisores, al darse a conocer iniciativas para ampliar la conectividad a\u00e9rea con Europa. Entre ellas, destacan los anuncios de nuevas rutas de Aerom\u00e9xico como Ciudad de M\u00e9xico\u2013Barcelona, con seis frecuencias semanales; Monterrey\u2013Par\u00eds, con tres frecuencias semanales; y un total de 71 vuelos semanales hacia Europa; as\u00ed como nuevas rutas de Iberia, como Monterrey\u2013Madrid, con tres frecuencias semanales, y Guadalajara\u2013Madrid. A ello se suma la operaci\u00f3n Quer\u00e9taro\u2013Madrid con Iberojet y el inicio de conversaciones entre Air Europa y Guanajuato para una posible nueva ruta.<\/p>\n\n\n\n<figure class=\"wp-block-gallery has-nested-images columns-default is-cropped wp-block-gallery-5 is-layout-flex wp-block-gallery-is-layout-flex\">\n<figure class=\"wp-block-image size-large\"><img decoding=\"async\" width=\"500\" height=\"333\" data-id=\"1104127\" src=\"https:\/\/dimensionturistica.com\/es\/wp-content\/uploads\/2026\/01\/3FITUR.jpg\" alt=\"\" class=\"wp-image-1104127\" srcset=\"https:\/\/dimensionturistica.com\/es\/wp-content\/uploads\/2026\/01\/3FITUR.jpg 500w, https:\/\/dimensionturistica.com\/es\/wp-content\/uploads\/2026\/01\/3FITUR-300x200.jpg 300w\" sizes=\"(max-width: 500px) 100vw, 500px\" \/><\/figure>\n<\/figure>\n\n\n\n<p>A\u00f1adi\u00f3 que, de manera paralela, M\u00e9xico fortaleci\u00f3 su atracci\u00f3n de inversiones tur\u00edsticas mediante su participaci\u00f3n en foros organizados por BBVA y Santander, as\u00ed como a trav\u00e9s de reuniones estrat\u00e9gicas con grupos hoteleros como Inverotel. Adem\u00e1s, destac\u00f3 el anuncio de Wyndham Hotels &amp; Resorts sobre la realizaci\u00f3n de un estudio para instalar hasta 25 nuevos hoteles en territorio mexicano, lo que robustece la oferta de hospedaje y genera confianza para la expansi\u00f3n de proyectos tur\u00edsticos de capital extranjero.<\/p>\n\n\n\n<figure class=\"wp-block-gallery has-nested-images columns-default is-cropped wp-block-gallery-6 is-layout-flex wp-block-gallery-is-layout-flex\">\n<figure class=\"wp-block-image size-large\"><img decoding=\"async\" width=\"500\" height=\"333\" data-id=\"1104128\" src=\"https:\/\/dimensionturistica.com\/es\/wp-content\/uploads\/2026\/01\/5FITUR.jpg\" alt=\"\" class=\"wp-image-1104128\" srcset=\"https:\/\/dimensionturistica.com\/es\/wp-content\/uploads\/2026\/01\/5FITUR.jpg 500w, https:\/\/dimensionturistica.com\/es\/wp-content\/uploads\/2026\/01\/5FITUR-300x200.jpg 300w\" sizes=\"(max-width: 500px) 100vw, 500px\" \/><\/figure>\n<\/figure>\n\n\n\n<p>La secretaria resalt\u00f3 que la presencia de M\u00e9xico trascendi\u00f3 los espacios feriales para ocupar puntos emblem\u00e1ticos de Madrid. Por primera vez en la historia, una obra wix\u00e1rika fue exhibida en la Puerta del Sol: la escultura El Oso y el Madro\u00f1o, adherida al escudo her\u00e1ldico de la capital espa\u00f1ola, que registr\u00f3 alrededor de 20 mil visitas diarias durante cinco d\u00edas, superando las 150 mil interacciones presenciales y sumando millones de impresiones potenciales en redes sociales.<\/p>\n\n\n\n<p>Asimismo, los estados realizaron m\u00e1s de 100 activaciones dentro y fuera de IFEMA, consolidando a M\u00e9xico como un actor cultural y tur\u00edstico de alto impacto durante la feria.<\/p>\n\n\n\n<figure class=\"wp-block-gallery has-nested-images columns-default is-cropped wp-block-gallery-7 is-layout-flex wp-block-gallery-is-layout-flex\">\n<figure class=\"wp-block-image size-large\"><img decoding=\"async\" width=\"500\" height=\"333\" data-id=\"1104129\" src=\"https:\/\/dimensionturistica.com\/es\/wp-content\/uploads\/2026\/01\/6FITUR.jpg\" alt=\"\" class=\"wp-image-1104129\" srcset=\"https:\/\/dimensionturistica.com\/es\/wp-content\/uploads\/2026\/01\/6FITUR.jpg 500w, https:\/\/dimensionturistica.com\/es\/wp-content\/uploads\/2026\/01\/6FITUR-300x200.jpg 300w\" sizes=\"(max-width: 500px) 100vw, 500px\" \/><\/figure>\n<\/figure>\n\n\n\n<p>En el \u00e1mbito institucional, Rodr\u00edguez Zamora sostuvo reuniones de alto nivel con autoridades como el ministro de Industria y Turismo de Espa\u00f1a, Jordi Hereu y con la secretaria general de ONU Turismo, Shaikha Nasser Al Nowais, con quienes se avanz\u00f3 en la conformaci\u00f3n de una agenda estrat\u00e9gica orientada a impulsar el turismo comunitario con acompa\u00f1amiento internacional, generar fondos y cooperaci\u00f3n para centros comunitarios en M\u00e9xico, y consolidar la participaci\u00f3n del pa\u00eds en espacios ejecutivos de decisi\u00f3n para Am\u00e9rica Latina.<\/p>\n\n\n\n<figure class=\"wp-block-gallery has-nested-images columns-default is-cropped wp-block-gallery-8 is-layout-flex wp-block-gallery-is-layout-flex\">\n<figure class=\"wp-block-image size-large\"><img decoding=\"async\" width=\"500\" height=\"333\" data-id=\"1104130\" src=\"https:\/\/dimensionturistica.com\/es\/wp-content\/uploads\/2026\/01\/7FITUR.jpg\" alt=\"\" class=\"wp-image-1104130\" srcset=\"https:\/\/dimensionturistica.com\/es\/wp-content\/uploads\/2026\/01\/7FITUR.jpg 500w, https:\/\/dimensionturistica.com\/es\/wp-content\/uploads\/2026\/01\/7FITUR-300x200.jpg 300w\" sizes=\"(max-width: 500px) 100vw, 500px\" \/><\/figure>\n<\/figure>\n\n\n\n<p>Otra acci\u00f3n relevante, se\u00f1al\u00f3, fue la promoci\u00f3n tur\u00edstica in\u00e9dita en territorio europeo, que incluy\u00f3 acuerdos con FlixBus para impulsar destinos mexicanos en autobuses que recorren la Uni\u00f3n Europea, la promoci\u00f3n de M\u00e9xico en estaciones emblem\u00e1ticas del Metro de Madrid y la instalaci\u00f3n de Ventana M\u00e9xico \u2014un espacio, en coordinaci\u00f3n con Fonart, para la venta y exhibici\u00f3n de artesan\u00edas mexicanas\u2014, lo que permiti\u00f3 fortalecer el posicionamiento cultural del pa\u00eds con un enfoque econ\u00f3mico y diplom\u00e1tico.<\/p>\n\n\n\n<figure class=\"wp-block-gallery has-nested-images columns-default is-cropped wp-block-gallery-9 is-layout-flex wp-block-gallery-is-layout-flex\">\n<figure class=\"wp-block-image size-large\"><img decoding=\"async\" width=\"500\" height=\"333\" data-id=\"1104131\" src=\"https:\/\/dimensionturistica.com\/es\/wp-content\/uploads\/2026\/01\/8FITUR.jpg\" alt=\"\" class=\"wp-image-1104131\" srcset=\"https:\/\/dimensionturistica.com\/es\/wp-content\/uploads\/2026\/01\/8FITUR.jpg 500w, https:\/\/dimensionturistica.com\/es\/wp-content\/uploads\/2026\/01\/8FITUR-300x200.jpg 300w\" sizes=\"(max-width: 500px) 100vw, 500px\" \/><\/figure>\n<\/figure>\n\n\n\n<p>Asimismo, M\u00e9xico recibi\u00f3 la Presidencia Pro Tempore de la Organizaci\u00f3n Mundo Maya (OMM) para el periodo 2026\u20132028, organismo regional integrado por Belice, El Salvador, Guatemala, Honduras y M\u00e9xico, cuyo objetivo es impulsar el desarrollo tur\u00edstico del Mundo Maya mediante una visi\u00f3n compartida que articula su riqueza cultural, hist\u00f3rica y natural.<\/p>\n\n\n\n<figure class=\"wp-block-gallery has-nested-images columns-default is-cropped wp-block-gallery-10 is-layout-flex wp-block-gallery-is-layout-flex\">\n<figure class=\"wp-block-image size-large\"><img decoding=\"async\" width=\"500\" height=\"333\" data-id=\"1104132\" src=\"https:\/\/dimensionturistica.com\/es\/wp-content\/uploads\/2026\/01\/10FITUR.jpg\" alt=\"\" class=\"wp-image-1104132\" srcset=\"https:\/\/dimensionturistica.com\/es\/wp-content\/uploads\/2026\/01\/10FITUR.jpg 500w, https:\/\/dimensionturistica.com\/es\/wp-content\/uploads\/2026\/01\/10FITUR-300x200.jpg 300w\" sizes=\"(max-width: 500px) 100vw, 500px\" \/><\/figure>\n<\/figure>\n\n\n\n<p>Rodr\u00edguez Zamora subray\u00f3 que uno de los componentes emblem\u00e1ticos de esta edici\u00f3n fue la destacada presencia de pueblos originarios de M\u00e9xico, quienes participaron activamente en la inauguraci\u00f3n y en diversas actividades culturales dentro de la feria, enriqueciendo la experiencia de Fitur 2026 y posicionando al turismo comunitario como un eje estrat\u00e9gico de la pol\u00edtica tur\u00edstica nacional.<\/p>\n\n\n\n<figure class=\"wp-block-gallery has-nested-images columns-default is-cropped wp-block-gallery-11 is-layout-flex wp-block-gallery-is-layout-flex\">\n<figure class=\"wp-block-image size-large\"><img decoding=\"async\" width=\"500\" height=\"333\" data-id=\"1104133\" src=\"https:\/\/dimensionturistica.com\/es\/wp-content\/uploads\/2026\/01\/13FITUR.jpg\" alt=\"\" class=\"wp-image-1104133\" srcset=\"https:\/\/dimensionturistica.com\/es\/wp-content\/uploads\/2026\/01\/13FITUR.jpg 500w, https:\/\/dimensionturistica.com\/es\/wp-content\/uploads\/2026\/01\/13FITUR-300x200.jpg 300w\" sizes=\"(max-width: 500px) 100vw, 500px\" \/><\/figure>\n<\/figure>\n\n\n\n<p>\u201cLa participaci\u00f3n de M\u00e9xico en Fitur 2026 ha fortalecido su imagen como destino tur\u00edstico global, al poner de manifiesto la solidez de su oferta tur\u00edstica, la unidad del sector y las amplias oportunidades de crecimiento y colaboraci\u00f3n que se abren en 2026, un a\u00f1o clave para la consolidaci\u00f3n de la industria tur\u00edstica nacional\u201d, concluy\u00f3.<\/p>\n","protected":false},"excerpt":{"rendered":"<p>La secretaria de Turismo del Gobierno de M\u00e9xico, Josefina Rodr\u00edguez Zamora, inform\u00f3 que este domingo concluy\u00f3 la participaci\u00f3n de M\u00e9xico como Pa\u00eds Invitado en la 46\u00aa edici\u00f3n de la Feria Internacional de Turismo (Fitur) 2026, en Madrid, Espa\u00f1a, consolidando una presencia hist\u00f3rica que proyect\u00f3 la fortaleza, diversidad y competitividad del turismo nacional en uno de [&hellip;]<\/p>\n","protected":false},"author":1,"featured_media":0,"comment_status":"open","ping_status":"closed","sticky":false,"template":"","format":"standard","meta":{"om_disable_all_campaigns":false,"jnews-multi-image_gallery":[],"jnews_single_post":{"format":"standard"},"jnews_primary_category":[],"jnews_social_meta":[],"footnotes":""},"categories":[39],"tags":[],"class_list":["post-1104122","post","type-post","status-publish","format-standard","hentry","category-viajes"],"_links":{"self":[{"href":"https:\/\/dimensionturistica.com\/es\/wp-json\/wp\/v2\/posts\/1104122","targetHints":{"allow":["GET"]}}],"collection":[{"href":"https:\/\/dimensionturistica.com\/es\/wp-json\/wp\/v2\/posts"}],"about":[{"href":"https:\/\/dimensionturistica.com\/es\/wp-json\/wp\/v2\/types\/post"}],"author":[{"embeddable":true,"href":"https:\/\/dimensionturistica.com\/es\/wp-json\/wp\/v2\/users\/1"}],"replies":[{"embeddable":true,"href":"https:\/\/dimensionturistica.com\/es\/wp-json\/wp\/v2\/comments?post=1104122"}],"version-history":[{"count":1,"href":"https:\/\/dimensionturistica.com\/es\/wp-json\/wp\/v2\/posts\/1104122\/revisions"}],"predecessor-version":[{"id":1104134,"href":"https:\/\/dimensionturistica.com\/es\/wp-json\/wp\/v2\/posts\/1104122\/revisions\/1104134"}],"wp:attachment":[{"href":"https:\/\/dimensionturistica.com\/es\/wp-json\/wp\/v2\/media?parent=1104122"}],"wp:term":[{"taxonomy":"category","embeddable":true,"href":"https:\/\/dimensionturistica.com\/es\/wp-json\/wp\/v2\/categories?post=1104122"},{"taxonomy":"post_tag","embeddable":true,"href":"https:\/\/dimensionturistica.com\/es\/wp-json\/wp\/v2\/tags?post=1104122"}],"curies":[{"name":"wp","href":"https:\/\/api.w.org\/{rel}","templated":true}]}}