{"id":1104107,"date":"2026-01-27T14:02:41","date_gmt":"2026-01-27T14:02:41","guid":{"rendered":"https:\/\/dimensionturistica.com\/es\/?p=1104107"},"modified":"2026-01-27T14:02:41","modified_gmt":"2026-01-27T14:02:41","slug":"el-mexicano-alfredo-gallegos-es-reconocido-como-el-mejor-creador-internacional-de-viajes","status":"publish","type":"post","link":"https:\/\/dimensionturistica.com\/es\/el-mexicano-alfredo-gallegos-es-reconocido-como-el-mejor-creador-internacional-de-viajes\/","title":{"rendered":"El mexicano Alfredo Gallegos es reconocido como el mejor \u201cCreador Internacional de viajes\u201d"},"content":{"rendered":"\n<figure class=\"wp-block-gallery has-nested-images columns-default is-cropped wp-block-gallery-1 is-layout-flex wp-block-gallery-is-layout-flex\">\n<figure class=\"wp-block-image size-large\"><img decoding=\"async\" width=\"500\" height=\"585\" data-id=\"1104108\" src=\"https:\/\/dimensionturistica.com\/es\/wp-content\/uploads\/2026\/01\/2PREMIO.jpg\" alt=\"\" class=\"wp-image-1104108\" srcset=\"https:\/\/dimensionturistica.com\/es\/wp-content\/uploads\/2026\/01\/2PREMIO.jpg 500w, https:\/\/dimensionturistica.com\/es\/wp-content\/uploads\/2026\/01\/2PREMIO-256x300.jpg 256w\" sizes=\"(max-width: 500px) 100vw, 500px\" \/><\/figure>\n<\/figure>\n\n\n\n<p>Alfredo Gallegos, creador de contenido y periodista de viajes mejor conocido como AlfredoDeViaje fue galardonado con el Premio IATI 2026 a Mejor Creador Internacional de Viajes, en reconocimiento a su trabajo desarrollado durante 2025.<\/p>\n\n\n\n<figure class=\"wp-block-gallery has-nested-images columns-default is-cropped wp-block-gallery-2 is-layout-flex wp-block-gallery-is-layout-flex\">\n<figure class=\"wp-block-image size-large\"><img decoding=\"async\" width=\"500\" height=\"411\" data-id=\"1104109\" src=\"https:\/\/dimensionturistica.com\/es\/wp-content\/uploads\/2026\/01\/1PREMIO.jpg\" alt=\"\" class=\"wp-image-1104109\" srcset=\"https:\/\/dimensionturistica.com\/es\/wp-content\/uploads\/2026\/01\/1PREMIO.jpg 500w, https:\/\/dimensionturistica.com\/es\/wp-content\/uploads\/2026\/01\/1PREMIO-300x247.jpg 300w\" sizes=\"(max-width: 500px) 100vw, 500px\" \/><\/figure>\n<\/figure>\n\n\n\n<p>La ceremonia reuni\u00f3 a referentes de la industria tur\u00edstica, la comunicaci\u00f3n y la creaci\u00f3n de contenido a nivel internacional.<\/p>\n\n\n\n<figure class=\"wp-block-gallery has-nested-images columns-default is-cropped wp-block-gallery-3 is-layout-flex wp-block-gallery-is-layout-flex\">\n<figure class=\"wp-block-image size-large\"><img decoding=\"async\" width=\"500\" height=\"666\" data-id=\"1104110\" src=\"https:\/\/dimensionturistica.com\/es\/wp-content\/uploads\/2026\/01\/6PREMIO.jpg\" alt=\"\" class=\"wp-image-1104110\" srcset=\"https:\/\/dimensionturistica.com\/es\/wp-content\/uploads\/2026\/01\/6PREMIO.jpg 500w, https:\/\/dimensionturistica.com\/es\/wp-content\/uploads\/2026\/01\/6PREMIO-225x300.jpg 225w\" sizes=\"(max-width: 500px) 100vw, 500px\" \/><\/figure>\n<\/figure>\n\n\n\n<p>El jurado destac\u00f3 su capacidad para construir narrativas culturales s\u00f3lidas, visibilizar destinos fuera del foco tradicional y generar una comunidad global interesada en viajar con mayor conciencia hist\u00f3rica y social.<\/p>\n\n\n\n<p>El premio consolida al mexicano AlfredoDeViaje como una voz influyente del turismo cultural en el \u00e1mbito internacional.<\/p>\n","protected":false},"excerpt":{"rendered":"<p>Alfredo Gallegos, creador de contenido y periodista de viajes mejor conocido como AlfredoDeViaje fue galardonado con el Premio IATI 2026 a Mejor Creador Internacional de Viajes, en reconocimiento a su trabajo desarrollado durante 2025. La ceremonia reuni\u00f3 a referentes de la industria tur\u00edstica, la comunicaci\u00f3n y la creaci\u00f3n de contenido a nivel internacional. El jurado [&hellip;]<\/p>\n","protected":false},"author":1,"featured_media":0,"comment_status":"open","ping_status":"closed","sticky":false,"template":"","format":"standard","meta":{"om_disable_all_campaigns":false,"jnews-multi-image_gallery":[],"jnews_single_post":{"format":"standard"},"jnews_primary_category":[],"jnews_social_meta":[],"footnotes":""},"categories":[39],"tags":[],"class_list":["post-1104107","post","type-post","status-publish","format-standard","hentry","category-viajes"],"_links":{"self":[{"href":"https:\/\/dimensionturistica.com\/es\/wp-json\/wp\/v2\/posts\/1104107","targetHints":{"allow":["GET"]}}],"collection":[{"href":"https:\/\/dimensionturistica.com\/es\/wp-json\/wp\/v2\/posts"}],"about":[{"href":"https:\/\/dimensionturistica.com\/es\/wp-json\/wp\/v2\/types\/post"}],"author":[{"embeddable":true,"href":"https:\/\/dimensionturistica.com\/es\/wp-json\/wp\/v2\/users\/1"}],"replies":[{"embeddable":true,"href":"https:\/\/dimensionturistica.com\/es\/wp-json\/wp\/v2\/comments?post=1104107"}],"version-history":[{"count":1,"href":"https:\/\/dimensionturistica.com\/es\/wp-json\/wp\/v2\/posts\/1104107\/revisions"}],"predecessor-version":[{"id":1104111,"href":"https:\/\/dimensionturistica.com\/es\/wp-json\/wp\/v2\/posts\/1104107\/revisions\/1104111"}],"wp:attachment":[{"href":"https:\/\/dimensionturistica.com\/es\/wp-json\/wp\/v2\/media?parent=1104107"}],"wp:term":[{"taxonomy":"category","embeddable":true,"href":"https:\/\/dimensionturistica.com\/es\/wp-json\/wp\/v2\/categories?post=1104107"},{"taxonomy":"post_tag","embeddable":true,"href":"https:\/\/dimensionturistica.com\/es\/wp-json\/wp\/v2\/tags?post=1104107"}],"curies":[{"name":"wp","href":"https:\/\/api.w.org\/{rel}","templated":true}]}}