{"id":110391,"date":"2021-04-09T13:40:10","date_gmt":"2021-04-09T13:40:10","guid":{"rendered":"https:\/\/dimensionturistica.com\/es\/?p=110391"},"modified":"2021-04-09T13:40:10","modified_gmt":"2021-04-09T13:40:10","slug":"turismo-y-movilidad-actividades-turisticas-deportivas-y-educativas","status":"publish","type":"post","link":"https:\/\/dimensionturistica.com\/es\/turismo-y-movilidad-actividades-turisticas-deportivas-y-educativas\/","title":{"rendered":"TURISMO y MOVILIDAD. Actividades tur\u00edsticas, deportivas y educativas"},"content":{"rendered":"<p> <br \/>\n<\/p>\n<div>\n<p>A pesar de las actuales restricciones y medidas sanitarias que afectan a la movilidad, hay algunos casos excepcionales que permiten desplazamientos para competiciones deportivas, actividades educativas o de ocio. No nos referimos a las ligas profesionales, sino a entidades y clubes que disponen de equipos federados en categor\u00edas de formaci\u00f3n o de centros educativos que tienen programadas actividades educativas, culturales, de ocio o de estudios del medio ambiente.<\/p>\n<p>No se visualiza una vuelta a la normalidad de manera inmediata y el sector del deporte, el ocio y el educativo tambi\u00e9n debe adaptarse a la nueva normativa y las medidas restrictivas y de seguridad sanitaria que se imponen. Si que es verdad que los equipos profesionales y de las ligas nacionales de los diferentes deportes ya hace meses que compiten y se han ido adaptando a esta situaci\u00f3n. En las medidas de movilidad que entraron en vigor en Catalunya este viernes <strong>9 de abril. <\/strong>Se vuelve al confinamiento comarcal y quedar\u00e1 restringida la entrada y salida de personas de cada comarca. Hay excepciones para la <strong>movilidad esencial<\/strong> que se indican en el <a rel=\"nofollow noopener\" target=\"_blank\" href=\"http:\/\/interior.gencat.cat\/es\/arees_dactuacio\/proteccio_civil\/consells_autoproteccio_emergencia\/malalties-transmissibles-emergents-amb-potencial-alt-risc-\/noves-mesures-per-contenir-els-brots-covid-19\/index.html\"><strong>informe de medidas en vigor<\/strong><\/a> y que afectan a entidades deportivas y educativas o de ocio.<\/p>\n<p>Las entidades deportivas, educativas y de ocio deber\u00e1n tener en cuenta las repercusiones actuales y futuras, econ\u00f3micas, sociales y medioambientales para poder satisfacer las necesidades de movilidad para llevar a cabo sus diferentes actividades, ya sean como complemento de un viaje tur\u00edstico o con pernoctaci\u00f3n en destino para el desarrollo de las activitades.<\/p>\n<div class=\"wysiwyg-photo\"><img decoding=\"async\" src=\"https:\/\/static.hosteltur.com\/app\/public\/uploads\/img\/releases\/2021\/04\/09\/L_151650_avantgrup-mnac-bus766-lateral-cartell-museu5.jpg\" alt=\"Imagen nota de prensa Hosteltur\" width=\"1349\" height=\"703\"\/><\/div>\n<p>La situaci\u00f3n que se presenta por delante obliga al sector tur\u00edstico, educativo y del deporte a repensar sus propuestas de movilidad mientras no podamos volver a una situaci\u00f3n normalizada. Aunque actualmente se tienen que adaptar a la nueva normalidad para mantener las distancias sociales y la presencia de p\u00fablico en los diferentes recintos deportivos est\u00e1 muy regulada, en todas las actividades se aplican las medidas sanitarias necesarias. En los pr\u00f3ximos meses se abre una oportunidad para apostar decididamente por el transporte sostenible y responsable. El futuro de la movilidad no ser\u00e1 una pr\u00f3rroga del pasado y todo ser\u00e1 muy diferente de como lo hemos conocido hasta ahora. Habr\u00e1 que sumar esfuerzos y trabajar conjuntamente para estructurar nuevas propuestas destinadas a promover una <strong>movilidad sostenible y segura<\/strong>, m\u00e1s respetuosa con el medio ambiente y, de paso, fomentar el uso de transporte p\u00fablico o de otros veh\u00edculos de bajas emisiones y actualizar las rutas o itinerarios. Tambi\u00e9n habr\u00e1 que medir la huella de carbono de cada actividad que se lleve a cabo. Se deber\u00e1n revisar exhaustivamente los informes y estudios que miden la huella de carbono en cada viaje y esto puede hacer cambiar todo el entramado respecto a las opciones de transporte que actualmente existen. Los principios de sostenibilidad se refieren tanto a aspectos medioambientales como econ\u00f3micos o socio-culturales. El desarrollo sostenible exige la participaci\u00f3n de todos los agentes relevantes. <strong>Ser\u00e1 un proceso continuado y requerir\u00e1 un seguimiento constante.<\/strong><\/p>\n<p>La sostenibilidad en los viajes ya hace meses que se est\u00e1 debatiendo y ahora se ha visto acelerada la demanda de impulsar un cambio desde la sociedad. Cada vez es m\u00e1s elevada la exigencia de programas de viajes m\u00e1s sostenibles. Las empresas de gesti\u00f3n de viajes y organizaci\u00f3n de eventos deportivos o de actividades de ocio se les abre la oportunidad de desarrollar un papel clave para que estas actividades, ya sean de competici\u00f3n, de estudio, o de ocio, sean m\u00e1s sostenibles. En cualquier actividad ser\u00e1 necesario contemplar las opciones de movilidad. En este sentido, el transporte p\u00fablico hace un esfuerzo adicional en la adaptaci\u00f3n de los veh\u00edculos al ser m\u00e1s sostenibles. El proceso de innovaci\u00f3n ha sido muy importante y ha permitido facilitar la gesti\u00f3n de los servicios de transporte a entidades, empresas, centros educativos, golf equipment deportivos y, incluso, a los pasajeros individuales que comparten itinerarios similares.<\/p>\n<div class=\"wysiwyg-photo\"><img decoding=\"async\" src=\"https:\/\/static.hosteltur.com\/app\/public\/uploads\/img\/releases\/2021\/04\/09\/L_152005_avantgrup-montjuic-museu-bus764.jpg\" alt=\"Imagen nota de prensa Hosteltur\" width=\"2000\" height=\"1286\"\/>  <\/p>\n<p><strong>Innovaci\u00f3n y tecnificaci\u00f3n<\/strong><\/p>\n<div class=\"wysiwyg-photo\"><a rel=\"nofollow noopener\" target=\"_blank\" href=\"http:\/\/www.avantgrup.com\/\"><strong>Avant Grup<\/strong><\/a>, siempre consciente de las necesidades medioambientales y del cambio clim\u00e1tico, avalada por la normativa europea, dispone en su flota de los motores Euro V y Euro VI, las nuevas generaciones para autocares con las m\u00e1s bajas emisiones de CO2.<\/div><\/div>\n<p>Las emisiones de di\u00f3xido de carbono originadas por el transporte de la Uni\u00f3n Europea, actualmente, constituyen el 3,5% de emisiones globales de CO2. Ante esta situaci\u00f3n, period necesario un cambio que promoviera este futuro esperanzador. El desarrollo de motores EURO VI ha logrado un nuevo hito con la que se combinan unas prestaciones extraordinarias con un bajo consumo y una compatibilidad medioambiental ejemplar.<\/p>\n<p>Desde el <strong><a rel=\"nofollow noopener\" target=\"_blank\" href=\"http:\/\/www.avantgrup.com\/wp-content\/uploads\/2021\/02\/AvantCPesp21.pdf\">grupo de transporte AVANT <\/a><\/strong>se ha trabajado intensamente en innovaci\u00f3n y tecnificaci\u00f3n que ha permitido a clientes y tener una informaci\u00f3n muy detallada de la gesti\u00f3n de cada servicio o viaje. Destacamos algunos de los procesos:<\/p>\n<p><em> <strong>Plataforma de reserva OnLine.<\/strong><\/em><em> <strong>Management Operativo<\/strong>. App del conductor \/ App del usuario \/ cliente<\/em><em> <strong>Monitoreo del servicio.<\/strong> Seguimiento del servicio y posicionamiento del veh\u00edculo<\/em><em> <strong>Optimizaci\u00f3n de costes<\/strong>, con un an\u00e1lisis continuado de las necesidades de movilidad de cada centro, empresa o entidad.<\/em><em> <strong>Digitalizaci\u00f3n completa de cada servicio<\/strong> de transporte para garantizar la m\u00e1xima trazabilidad<\/em><em> <strong>Reducci\u00f3n del impacto ambiental y mayor sostenibilidad.<\/strong> Reducci\u00f3n efectiva de emisiones de CO2<\/em><em> <strong>Informaci\u00f3n On-line<\/strong> y en tiempo actual de la ruta. Seguimiento del veh\u00edculo y sistema de notificaciones<\/em><\/p>\n<p>La <strong>especializaci\u00f3n<\/strong> y la <strong>profesionalizaci\u00f3n<\/strong> ha llevado a la compa\u00f1\u00eda a una posici\u00f3n l\u00edder en el servicio de atenci\u00f3n al cliente, con una amplia experiencia en servicios de transporte para viajeros y totalmente comprometida con un servicio de calidad con estrategias que permiten una reducci\u00f3n de las emisiones de CO2.<\/p>\n<div class=\"wysiwyg-photo\"><img decoding=\"async\" src=\"https:\/\/static.hosteltur.com\/app\/public\/uploads\/img\/releases\/2021\/04\/09\/L_152431_avantgrup-autocars-certificacions1-copia.jpg\" alt=\"Imagen nota de prensa Hosteltur\" width=\"853\" height=\"509\"\/>   <\/div><\/div>\n\n<p><em> &#8221; Fuentes www.hosteltur.com &#8221; <\/em><\/p>\n","protected":false},"excerpt":{"rendered":"<p>A pesar de las actuales restricciones y medidas sanitarias que afectan a la movilidad, hay algunos casos excepcionales que permiten desplazamientos para competiciones deportivas, actividades educativas o de ocio. No nos referimos a las ligas profesionales, sino a entidades y clubes que disponen de equipos federados en categor\u00edas de formaci\u00f3n o de centros educativos que [&hellip;]<\/p>\n","protected":false},"author":4,"featured_media":110392,"comment_status":"open","ping_status":"closed","sticky":false,"template":"","format":"standard","meta":{"om_disable_all_campaigns":false,"jnews-multi-image_gallery":[],"jnews_single_post":[],"jnews_primary_category":[],"jnews_social_meta":[],"footnotes":""},"categories":[40],"tags":[1555],"class_list":["post-110391","post","type-post","status-publish","format-standard","has-post-thumbnail","hentry","category-industria","tag-transportes"],"_links":{"self":[{"href":"https:\/\/dimensionturistica.com\/es\/wp-json\/wp\/v2\/posts\/110391","targetHints":{"allow":["GET"]}}],"collection":[{"href":"https:\/\/dimensionturistica.com\/es\/wp-json\/wp\/v2\/posts"}],"about":[{"href":"https:\/\/dimensionturistica.com\/es\/wp-json\/wp\/v2\/types\/post"}],"author":[{"embeddable":true,"href":"https:\/\/dimensionturistica.com\/es\/wp-json\/wp\/v2\/users\/4"}],"replies":[{"embeddable":true,"href":"https:\/\/dimensionturistica.com\/es\/wp-json\/wp\/v2\/comments?post=110391"}],"version-history":[{"count":0,"href":"https:\/\/dimensionturistica.com\/es\/wp-json\/wp\/v2\/posts\/110391\/revisions"}],"wp:featuredmedia":[{"embeddable":true,"href":"https:\/\/dimensionturistica.com\/es\/wp-json\/wp\/v2\/media\/110392"}],"wp:attachment":[{"href":"https:\/\/dimensionturistica.com\/es\/wp-json\/wp\/v2\/media?parent=110391"}],"wp:term":[{"taxonomy":"category","embeddable":true,"href":"https:\/\/dimensionturistica.com\/es\/wp-json\/wp\/v2\/categories?post=110391"},{"taxonomy":"post_tag","embeddable":true,"href":"https:\/\/dimensionturistica.com\/es\/wp-json\/wp\/v2\/tags?post=110391"}],"curies":[{"name":"wp","href":"https:\/\/api.w.org\/{rel}","templated":true}]}}