{"id":1103883,"date":"2026-01-26T23:22:45","date_gmt":"2026-01-26T23:22:45","guid":{"rendered":"https:\/\/dimensionturistica.com\/es\/?p=1103883"},"modified":"2026-01-26T23:22:45","modified_gmt":"2026-01-26T23:22:45","slug":"ampi-se-posiciona-como-puente-de-dialogo-y-referente-de-soluciones-para-el-sector-inmobiliario-en-un-entorno-de-polarizacion-creciente","status":"publish","type":"post","link":"https:\/\/dimensionturistica.com\/es\/ampi-se-posiciona-como-puente-de-dialogo-y-referente-de-soluciones-para-el-sector-inmobiliario-en-un-entorno-de-polarizacion-creciente\/","title":{"rendered":"AMPI se posiciona como puente de di\u00e1logo y referente de soluciones para el sector inmobiliario, en un entorno de polarizaci\u00f3n creciente."},"content":{"rendered":"\n<figure class=\"wp-block-gallery has-nested-images columns-default is-cropped wp-block-gallery-1 is-layout-flex wp-block-gallery-is-layout-flex\">\n<figure class=\"wp-block-image size-large\"><img decoding=\"async\" width=\"500\" height=\"507\" data-id=\"1103884\" src=\"https:\/\/dimensionturistica.com\/es\/wp-content\/uploads\/2026\/01\/1AMPI-1.jpg\" alt=\"\" class=\"wp-image-1103884\" srcset=\"https:\/\/dimensionturistica.com\/es\/wp-content\/uploads\/2026\/01\/1AMPI-1.jpg 500w, https:\/\/dimensionturistica.com\/es\/wp-content\/uploads\/2026\/01\/1AMPI-1-296x300.jpg 296w, https:\/\/dimensionturistica.com\/es\/wp-content\/uploads\/2026\/01\/1AMPI-1-75x75.jpg 75w\" sizes=\"(max-width: 500px) 100vw, 500px\" \/><\/figure>\n<\/figure>\n\n\n\n<p>Jenny Althair Rivas Padilla rindi\u00f3 protesta como Presidenta Nacional de la Asociaci\u00f3n Mexicana de Profesionales Inmobiliarios (AMPI) ante representantes del sector p\u00fablico y privado, marcando el inicio de una gesti\u00f3n enfocada en convertir a la asociaci\u00f3n en un referente de soluciones concretas para los desaf\u00edos del sector.<\/p>\n\n\n\n<figure class=\"wp-block-gallery has-nested-images columns-default is-cropped wp-block-gallery-2 is-layout-flex wp-block-gallery-is-layout-flex\">\n<figure class=\"wp-block-image size-large\"><img decoding=\"async\" width=\"500\" height=\"328\" data-id=\"1103885\" src=\"https:\/\/dimensionturistica.com\/es\/wp-content\/uploads\/2026\/01\/3AMPI-1.jpg\" alt=\"\" class=\"wp-image-1103885\" srcset=\"https:\/\/dimensionturistica.com\/es\/wp-content\/uploads\/2026\/01\/3AMPI-1.jpg 500w, https:\/\/dimensionturistica.com\/es\/wp-content\/uploads\/2026\/01\/3AMPI-1-300x197.jpg 300w\" sizes=\"(max-width: 500px) 100vw, 500px\" \/><\/figure>\n<\/figure>\n\n\n\n<p>En un entorno de polarizaci\u00f3n creciente, Rivas Padilla destac\u00f3 que AMPI, con m\u00e1s de 7,000 asociados en 96 secciones a nivel nacional, se posicionar\u00e1 como un puente de di\u00e1logo y acuerdo entre los poderes p\u00fablicos, organismos empresariales y la sociedad, para impulsar soluciones en materia de compraventa, renta y desarrollo inmobiliario.<\/p>\n\n\n\n<p>Tres ejes estrat\u00e9gicos con impacto medible<\/p>\n\n\n\n<figure class=\"wp-block-gallery has-nested-images columns-default is-cropped wp-block-gallery-3 is-layout-flex wp-block-gallery-is-layout-flex\">\n<figure class=\"wp-block-image size-large\"><img decoding=\"async\" width=\"500\" height=\"311\" data-id=\"1103886\" src=\"https:\/\/dimensionturistica.com\/es\/wp-content\/uploads\/2026\/01\/4AMPI.jpg\" alt=\"\" class=\"wp-image-1103886\" srcset=\"https:\/\/dimensionturistica.com\/es\/wp-content\/uploads\/2026\/01\/4AMPI.jpg 500w, https:\/\/dimensionturistica.com\/es\/wp-content\/uploads\/2026\/01\/4AMPI-300x187.jpg 300w\" sizes=\"(max-width: 500px) 100vw, 500px\" \/><\/figure>\n<\/figure>\n\n\n\n<p>La nueva Presidenta present\u00f3 un plan de trabajo estructurado en tres pilares, dise\u00f1ados para fortalecer no solo a la asociaci\u00f3n, sino a todo el ecosistema inmobiliario:<\/p>\n\n\n\n<p>Fortalecimiento Operativo: Unificar las operaciones de AMPI desde el \u00e1mbito nacional hasta cada secci\u00f3n local, creando una estructura m\u00e1s \u00e1gil, profesional y conectada que permita a cada asociado generar m\u00e1s negocio, cumplir metas y aumentar su visibilidad con el respaldo de una red nacional s\u00f3lida.<\/p>\n\n\n\n<figure class=\"wp-block-gallery has-nested-images columns-default is-cropped wp-block-gallery-4 is-layout-flex wp-block-gallery-is-layout-flex\">\n<figure class=\"wp-block-image size-large\"><img decoding=\"async\" width=\"500\" height=\"224\" data-id=\"1103887\" src=\"https:\/\/dimensionturistica.com\/es\/wp-content\/uploads\/2026\/01\/5AMPI.jpg\" alt=\"\" class=\"wp-image-1103887\" srcset=\"https:\/\/dimensionturistica.com\/es\/wp-content\/uploads\/2026\/01\/5AMPI.jpg 500w, https:\/\/dimensionturistica.com\/es\/wp-content\/uploads\/2026\/01\/5AMPI-300x134.jpg 300w\" sizes=\"(max-width: 500px) 100vw, 500px\" \/><figcaption class=\"wp-element-caption\">ai<\/figcaption><\/figure>\n<\/figure>\n\n\n\n<p>Impacto Nacional: AMPI actuar\u00e1 como motor de certidumbre y profesionalizaci\u00f3n para acelerar el flujo de capital en las regiones donde opera, elevando el valor de la membres\u00eda y posicion\u00e1ndose como el espacio donde todo profesional inmobiliario quiere estar, gracias a acceso a datos, capacitaci\u00f3n continua y herramientas de negocio.<\/p>\n\n\n\n<p>Capitalizaci\u00f3n Global: Aprovechar est\u00e1ndares globales y certificaciones internacionales para fortalecer la competitividad del sector mexicano, consolidar alianzas internacionales, como la ya existente con la National Association of Realtors (NAR), y atraer inversi\u00f3n mediante misiones comerciales estrat\u00e9gicas.<\/p>\n\n\n\n<figure class=\"wp-block-gallery has-nested-images columns-default is-cropped wp-block-gallery-5 is-layout-flex wp-block-gallery-is-layout-flex\">\n<figure class=\"wp-block-image size-large\"><img decoding=\"async\" width=\"500\" height=\"224\" data-id=\"1103888\" src=\"https:\/\/dimensionturistica.com\/es\/wp-content\/uploads\/2026\/01\/7AMPI.jpg\" alt=\"\" class=\"wp-image-1103888\" srcset=\"https:\/\/dimensionturistica.com\/es\/wp-content\/uploads\/2026\/01\/7AMPI.jpg 500w, https:\/\/dimensionturistica.com\/es\/wp-content\/uploads\/2026\/01\/7AMPI-300x134.jpg 300w\" sizes=\"(max-width: 500px) 100vw, 500px\" \/><figcaption class=\"wp-element-caption\">ai<\/figcaption><\/figure>\n<\/figure>\n\n\n\n<p>Reconocimiento gubernamental al rol estrat\u00e9gico de AMPI<\/p>\n\n\n\n<p>Durante la toma de protesta, Ana Gabriela Gonz\u00e1lez Gonz\u00e1lez, Directora General de Operaciones de la Secretar\u00eda de Econom\u00eda, destac\u00f3 que el sector inmobiliario es uno de los motores fundamentales de la econom\u00eda nacional, no solo por las transacciones, sino por su capacidad para generar empleo, impulsar cadenas productivas y contribuir al ordenamiento territorial.<\/p>\n\n\n\n<figure class=\"wp-block-gallery has-nested-images columns-default is-cropped wp-block-gallery-6 is-layout-flex wp-block-gallery-is-layout-flex\">\n<figure class=\"wp-block-image size-large\"><img decoding=\"async\" width=\"500\" height=\"225\" data-id=\"1103889\" src=\"https:\/\/dimensionturistica.com\/es\/wp-content\/uploads\/2026\/01\/8AMPI.jpg\" alt=\"\" class=\"wp-image-1103889\" srcset=\"https:\/\/dimensionturistica.com\/es\/wp-content\/uploads\/2026\/01\/8AMPI.jpg 500w, https:\/\/dimensionturistica.com\/es\/wp-content\/uploads\/2026\/01\/8AMPI-300x135.jpg 300w\" sizes=\"(max-width: 500px) 100vw, 500px\" \/><figcaption class=\"wp-element-caption\">ai<\/figcaption><\/figure>\n<\/figure>\n\n\n\n<p>Reconoci\u00f3 que el sector enfrenta retos estructurales, entre ellos un rezago habitacional de 8 millones de viviendas (INEGI, 2008-2024), que se refleja en falta de vivienda nueva, hacinamiento y carencia de servicios b\u00e1sicos. Ante este panorama, Gonz\u00e1lez Gonz\u00e1lez se\u00f1al\u00f3 que la Secretar\u00eda de Econom\u00eda promueve 153 proyectos prioritarios de vivienda, tur\u00edsticos e industriales, con una inversi\u00f3n estimada de 2 billones de pesos y un potencial de 218,000 viviendas y 578,000 empleos.<\/p>\n\n\n\n<figure class=\"wp-block-gallery has-nested-images columns-default is-cropped wp-block-gallery-7 is-layout-flex wp-block-gallery-is-layout-flex\">\n<figure class=\"wp-block-image size-large\"><img decoding=\"async\" width=\"500\" height=\"224\" data-id=\"1103890\" src=\"https:\/\/dimensionturistica.com\/es\/wp-content\/uploads\/2026\/01\/9AMPI.jpg\" alt=\"\" class=\"wp-image-1103890\" srcset=\"https:\/\/dimensionturistica.com\/es\/wp-content\/uploads\/2026\/01\/9AMPI.jpg 500w, https:\/\/dimensionturistica.com\/es\/wp-content\/uploads\/2026\/01\/9AMPI-300x134.jpg 300w\" sizes=\"(max-width: 500px) 100vw, 500px\" \/><figcaption class=\"wp-element-caption\">ai<\/figcaption><\/figure>\n<\/figure>\n\n\n\n<p>\u201cHaremos equipo con AMPI para impulsar m\u00e1s proyectos inmobiliarios en los polos de desarrollo que estamos promoviendo\u201d, afirm\u00f3.<\/p>\n\n\n\n<p>Colaboraci\u00f3n institucional para ampliar el acceso al cr\u00e9dito<\/p>\n\n\n\n<p>En el mismo acto, Priscila Adriana Blasco Magaldi, Subdirectora de Cr\u00e9dito del FOVISSSTE, propuso fortalecer la colaboraci\u00f3n con AMPI para difundir esquemas de financiamiento accesibles entre los derechohabientes, especialmente en un contexto de menor colocaci\u00f3n de cr\u00e9ditos.<\/p>\n\n\n\n<p>\u201cTrabajaremos de la mano con los profesionales inmobiliarios para que m\u00e1s familias conozcan y accedan a cr\u00e9ditos suficientes y a tasas preferenciales\u201d, se\u00f1al\u00f3.<\/p>\n\n\n\n<figure class=\"wp-block-gallery has-nested-images columns-default is-cropped wp-block-gallery-8 is-layout-flex wp-block-gallery-is-layout-flex\">\n<figure class=\"wp-block-image size-large\"><img decoding=\"async\" width=\"500\" height=\"333\" data-id=\"1103895\" src=\"https:\/\/dimensionturistica.com\/es\/wp-content\/uploads\/2026\/01\/2145AMPI.jpg\" alt=\"\" class=\"wp-image-1103895\" srcset=\"https:\/\/dimensionturistica.com\/es\/wp-content\/uploads\/2026\/01\/2145AMPI.jpg 500w, https:\/\/dimensionturistica.com\/es\/wp-content\/uploads\/2026\/01\/2145AMPI-300x200.jpg 300w\" sizes=\"(max-width: 500px) 100vw, 500px\" \/><\/figure>\n<\/figure>\n\n\n\n<p>Un cierre con visi\u00f3n de integraci\u00f3n<\/p>\n\n\n\n<p>La nueva gesti\u00f3n de AMPI inicia con un compromiso de articulaci\u00f3n: entre lo local y lo global, entre el sector p\u00fablico y privado, y entre la necesidad urgente de vivienda y la profesionalizaci\u00f3n del mercado.<\/p>\n\n\n\n<p>\u201cNo venimos solo a se\u00f1alar problemas, sino a construir soluciones. AMPI ser\u00e1 la plataforma desde la cual impulsaremos un sector m\u00e1s \u00e9tico, competitivo y accesible, en beneficio de los profesionales, las familias y la econom\u00eda de M\u00e9xico\u201d, concluy\u00f3 Jenny Rivas Padilla.<\/p>\n","protected":false},"excerpt":{"rendered":"<p>Jenny Althair Rivas Padilla rindi\u00f3 protesta como Presidenta Nacional de la Asociaci\u00f3n Mexicana de Profesionales Inmobiliarios (AMPI) ante representantes del sector p\u00fablico y privado, marcando el inicio de una gesti\u00f3n enfocada en convertir a la asociaci\u00f3n en un referente de soluciones concretas para los desaf\u00edos del sector. En un entorno de polarizaci\u00f3n creciente, Rivas Padilla [&hellip;]<\/p>\n","protected":false},"author":1,"featured_media":0,"comment_status":"open","ping_status":"closed","sticky":false,"template":"","format":"standard","meta":{"om_disable_all_campaigns":false,"jnews-multi-image_gallery":[],"jnews_single_post":[],"jnews_primary_category":[],"jnews_social_meta":[],"footnotes":""},"categories":[40],"tags":[],"class_list":["post-1103883","post","type-post","status-publish","format-standard","hentry","category-industria"],"_links":{"self":[{"href":"https:\/\/dimensionturistica.com\/es\/wp-json\/wp\/v2\/posts\/1103883","targetHints":{"allow":["GET"]}}],"collection":[{"href":"https:\/\/dimensionturistica.com\/es\/wp-json\/wp\/v2\/posts"}],"about":[{"href":"https:\/\/dimensionturistica.com\/es\/wp-json\/wp\/v2\/types\/post"}],"author":[{"embeddable":true,"href":"https:\/\/dimensionturistica.com\/es\/wp-json\/wp\/v2\/users\/1"}],"replies":[{"embeddable":true,"href":"https:\/\/dimensionturistica.com\/es\/wp-json\/wp\/v2\/comments?post=1103883"}],"version-history":[{"count":1,"href":"https:\/\/dimensionturistica.com\/es\/wp-json\/wp\/v2\/posts\/1103883\/revisions"}],"predecessor-version":[{"id":1103896,"href":"https:\/\/dimensionturistica.com\/es\/wp-json\/wp\/v2\/posts\/1103883\/revisions\/1103896"}],"wp:attachment":[{"href":"https:\/\/dimensionturistica.com\/es\/wp-json\/wp\/v2\/media?parent=1103883"}],"wp:term":[{"taxonomy":"category","embeddable":true,"href":"https:\/\/dimensionturistica.com\/es\/wp-json\/wp\/v2\/categories?post=1103883"},{"taxonomy":"post_tag","embeddable":true,"href":"https:\/\/dimensionturistica.com\/es\/wp-json\/wp\/v2\/tags?post=1103883"}],"curies":[{"name":"wp","href":"https:\/\/api.w.org\/{rel}","templated":true}]}}