{"id":1103871,"date":"2026-01-26T22:50:22","date_gmt":"2026-01-26T22:50:22","guid":{"rendered":"https:\/\/dimensionturistica.com\/es\/?p=1103871"},"modified":"2026-01-26T22:50:22","modified_gmt":"2026-01-26T22:50:22","slug":"sectur-acompana-presentacion-de-michoacan-el-alma-de-mexico-campana-internacional-que-impulsara-el-turismo-de-la-entidad","status":"publish","type":"post","link":"https:\/\/dimensionturistica.com\/es\/sectur-acompana-presentacion-de-michoacan-el-alma-de-mexico-campana-internacional-que-impulsara-el-turismo-de-la-entidad\/","title":{"rendered":"Sectur acompa\u00f1a presentaci\u00f3n de \u201cMichoac\u00e1n, el alma de M\u00e9xico\u201d, campa\u00f1a internacional que impulsar\u00e1 el turismo de la entidad"},"content":{"rendered":"\n<figure class=\"wp-block-gallery has-nested-images columns-default is-cropped wp-block-gallery-1 is-layout-flex wp-block-gallery-is-layout-flex\">\n<figure class=\"wp-block-image size-large\"><img decoding=\"async\" width=\"500\" height=\"75\" data-id=\"1103872\" src=\"https:\/\/dimensionturistica.com\/es\/wp-content\/uploads\/2026\/01\/3MICH-3.jpg\" alt=\"\" class=\"wp-image-1103872\" srcset=\"https:\/\/dimensionturistica.com\/es\/wp-content\/uploads\/2026\/01\/3MICH-3.jpg 500w, https:\/\/dimensionturistica.com\/es\/wp-content\/uploads\/2026\/01\/3MICH-3-300x45.jpg 300w\" sizes=\"(max-width: 500px) 100vw, 500px\" \/><\/figure>\n<\/figure>\n\n\n\n<p>En el marco de la Feria Internacional de Turismo (Fitur) 2026 y como parte de las acciones del Gobierno de M\u00e9xico para el Plan Michoac\u00e1n por la Paz y la Justicia, la secretaria de Turismo, Josefina Rodr\u00edguez Zamora, acompa\u00f1\u00f3 en Madrid la presentaci\u00f3n de la campa\u00f1a internacional \u201cMichoac\u00e1n, el alma de M\u00e9xico\u201d, estrategia que posiciona a la entidad como un destino de clase mundial, al fusionar su herencia milenaria con las herramientas tecnol\u00f3gicas m\u00e1s avanzadas del sector.<\/p>\n\n\n\n<p>\u201cEl Plan Michoac\u00e1n por la Paz y la Justicia, impulsado por la Presidenta Claudia Sheinbaum Pardo, reconoce al turismo como un motor de transformaci\u00f3n social. Hoy venimos a decirle al mundo que Michoac\u00e1n avanza con rumbo, con identidad y con una visi\u00f3n de futuro que pone en el centro a las comunidades\u201d, afirm\u00f3 en el evento que se llev\u00f3 a cabo en la Casa de M\u00e9xico en Espa\u00f1a.<\/p>\n\n\n\n<p>La titular de Sectur subray\u00f3 que la pol\u00edtica tur\u00edstica nacional se articula como una herramienta de bienestar, seguridad y desarrollo regional y destac\u00f3 la relevancia de mostrar a M\u00e9xico en los principales escaparates internacionales como un pa\u00eds moderno, diverso y confiable.<\/p>\n\n\n\n<figure class=\"wp-block-gallery has-nested-images columns-default is-cropped wp-block-gallery-2 is-layout-flex wp-block-gallery-is-layout-flex\">\n<figure class=\"wp-block-image size-large\"><img decoding=\"async\" width=\"500\" height=\"375\" data-id=\"1103873\" src=\"https:\/\/dimensionturistica.com\/es\/wp-content\/uploads\/2026\/01\/1MICH-3.jpg\" alt=\"\" class=\"wp-image-1103873\" srcset=\"https:\/\/dimensionturistica.com\/es\/wp-content\/uploads\/2026\/01\/1MICH-3.jpg 500w, https:\/\/dimensionturistica.com\/es\/wp-content\/uploads\/2026\/01\/1MICH-3-300x225.jpg 300w\" sizes=\"(max-width: 500px) 100vw, 500px\" \/><\/figure>\n<\/figure>\n\n\n\n<p>Por su parte, el secretario de Turismo de Michoac\u00e1n, Roberto Monroy Garc\u00eda, calific\u00f3 como exitosa la participaci\u00f3n del estado, al concretar m\u00e1s de 100 reuniones de negocios con turoperadores de Europa, as\u00ed como de pa\u00edses asi\u00e1ticos como China y Jap\u00f3n, lo que permitir\u00e1 fortalecer la llegada de visitantes internacionales al estado.<\/p>\n\n\n\n<p>\u201cLogramos acuerdos para promover a Michoac\u00e1n y vincular a viajeros internacionales interesados en vivir experiencias \u00fanicas, como la de dos patrimonios de la humanidad emblem\u00e1ticos: la Mariposa Monarca y la Noche de Muertos\u201d, se\u00f1al\u00f3 el titular de la Secretar\u00eda de Turismo estatal, quien se encuentra en representaci\u00f3n del gobernador Alfredo Ram\u00edrez Bedolla.<\/p>\n\n\n\n<p>En este contexto, Michoac\u00e1n record\u00f3 que el estado cuenta con &#8220;Tata Pancho&#8221;, una plataforma de Inteligencia Artificial dise\u00f1ada para transformar la experiencia del viajero. Esta herramienta permite a los turistas planificar itinerarios personalizados en tiempo real, facilitando el acceso a la oferta cultural, gastron\u00f3mica y de naturaleza del estado de manera inteligente y eficiente.<\/p>\n\n\n\n<figure class=\"wp-block-gallery has-nested-images columns-default is-cropped wp-block-gallery-3 is-layout-flex wp-block-gallery-is-layout-flex\">\n<figure class=\"wp-block-image size-large\"><img decoding=\"async\" width=\"500\" height=\"375\" data-id=\"1103874\" src=\"https:\/\/dimensionturistica.com\/es\/wp-content\/uploads\/2026\/01\/55MICH-1.jpg\" alt=\"\" class=\"wp-image-1103874\" srcset=\"https:\/\/dimensionturistica.com\/es\/wp-content\/uploads\/2026\/01\/55MICH-1.jpg 500w, https:\/\/dimensionturistica.com\/es\/wp-content\/uploads\/2026\/01\/55MICH-1-300x225.jpg 300w\" sizes=\"(max-width: 500px) 100vw, 500px\" \/><\/figure>\n<\/figure>\n\n\n\n<p>El lanzamiento de la campa\u00f1a \u201cMichoac\u00e1n, el alma de M\u00e9xico\u201d se da tras un a\u00f1o de resultados hist\u00f3ricos para el estado. Michoac\u00e1n cerr\u00f3 2025 con una afluencia superior a los 10.6 millones de turistas, lo que respalda la confianza en el destino. Para sostener este crecimiento, el gobierno estatal impulsa proyectos estrat\u00e9gicos de infraestructura, entre los que destacan la modernizaci\u00f3n del muelle de P\u00e1tzcuaro y la Isla de Janitzio, mejoras en el acceso y servicios del Volc\u00e1n Paricut\u00edn, as\u00ed como el fortalecimiento de la conectividad terrestre y a\u00e9rea con respaldo federal.<\/p>\n\n\n\n<p>Adicionalmente, y con la mirada puesta en la Copa Mundial de la FIFA 2026, se anunci\u00f3 la creaci\u00f3n de una red de 270 itinerarios tur\u00edsticos, dise\u00f1ada para distribuir el flujo de visitantes por todo M\u00e9xico, incluidos destinos estrat\u00e9gicos como Michoac\u00e1n, e integrada en la plataforma digital VisitM\u00e9xico.<\/p>\n\n\n\n<p>\u201cTrabajamos para que el turismo sea un instrumento de Prosperidad Compartida. Michoac\u00e1n es ejemplo de c\u00f3mo la cultura, la innovaci\u00f3n y la tecnolog\u00eda pueden convivir para ofrecer experiencias aut\u00e9nticas y seguras a quienes nos visitan\u201d, se\u00f1al\u00f3 Rodr\u00edguez Zamora.<\/p>\n\n\n\n<figure class=\"wp-block-gallery has-nested-images columns-default is-cropped wp-block-gallery-4 is-layout-flex wp-block-gallery-is-layout-flex\">\n<figure class=\"wp-block-image size-large\"><img decoding=\"async\" width=\"500\" height=\"375\" data-id=\"1103875\" src=\"https:\/\/dimensionturistica.com\/es\/wp-content\/uploads\/2026\/01\/4MICH-2.jpg\" alt=\"\" class=\"wp-image-1103875\" srcset=\"https:\/\/dimensionturistica.com\/es\/wp-content\/uploads\/2026\/01\/4MICH-2.jpg 500w, https:\/\/dimensionturistica.com\/es\/wp-content\/uploads\/2026\/01\/4MICH-2-300x225.jpg 300w\" sizes=\"(max-width: 500px) 100vw, 500px\" \/><\/figure>\n<\/figure>\n\n\n\n<p>Adem\u00e1s de la gira internacional en Madrid, la estrategia de promoci\u00f3n se intensificar\u00e1 en territorio nacional con participaciones destacadas en eventos como el festival \u201cM\u00e9xico de mis Sabores\u201d, en la Ciudad de M\u00e9xico, reforzando el v\u00ednculo entre la gastronom\u00eda michoacana \u2014Patrimonio Cultural Inmaterial de la Humanidad\u2014 y los principales mercados emisores.<\/p>\n\n\n\n<p>Con este despliegue, los encargados del Turismo se\u00f1alaron que Michoac\u00e1n no s\u00f3lo busca atraer visitantes, sino consolidar un modelo de turismo sostenible, innovador y culturalmente responsable, alineado a la visi\u00f3n de desarrollo territorial del Gobierno de M\u00e9xico y la Presidenta Claudia Sheinbaum Pardo.&nbsp;&nbsp;&nbsp;&nbsp;&nbsp;&nbsp;&nbsp;&nbsp;&nbsp;&nbsp;<\/p>\n","protected":false},"excerpt":{"rendered":"<p>En el marco de la Feria Internacional de Turismo (Fitur) 2026 y como parte de las acciones del Gobierno de M\u00e9xico para el Plan Michoac\u00e1n por la Paz y la Justicia, la secretaria de Turismo, Josefina Rodr\u00edguez Zamora, acompa\u00f1\u00f3 en Madrid la presentaci\u00f3n de la campa\u00f1a internacional \u201cMichoac\u00e1n, el alma de M\u00e9xico\u201d, estrategia que posiciona [&hellip;]<\/p>\n","protected":false},"author":1,"featured_media":0,"comment_status":"open","ping_status":"closed","sticky":false,"template":"","format":"standard","meta":{"om_disable_all_campaigns":false,"jnews-multi-image_gallery":[],"jnews_single_post":[],"jnews_primary_category":[],"jnews_social_meta":[],"footnotes":""},"categories":[39],"tags":[],"class_list":["post-1103871","post","type-post","status-publish","format-standard","hentry","category-viajes"],"_links":{"self":[{"href":"https:\/\/dimensionturistica.com\/es\/wp-json\/wp\/v2\/posts\/1103871","targetHints":{"allow":["GET"]}}],"collection":[{"href":"https:\/\/dimensionturistica.com\/es\/wp-json\/wp\/v2\/posts"}],"about":[{"href":"https:\/\/dimensionturistica.com\/es\/wp-json\/wp\/v2\/types\/post"}],"author":[{"embeddable":true,"href":"https:\/\/dimensionturistica.com\/es\/wp-json\/wp\/v2\/users\/1"}],"replies":[{"embeddable":true,"href":"https:\/\/dimensionturistica.com\/es\/wp-json\/wp\/v2\/comments?post=1103871"}],"version-history":[{"count":1,"href":"https:\/\/dimensionturistica.com\/es\/wp-json\/wp\/v2\/posts\/1103871\/revisions"}],"predecessor-version":[{"id":1103876,"href":"https:\/\/dimensionturistica.com\/es\/wp-json\/wp\/v2\/posts\/1103871\/revisions\/1103876"}],"wp:attachment":[{"href":"https:\/\/dimensionturistica.com\/es\/wp-json\/wp\/v2\/media?parent=1103871"}],"wp:term":[{"taxonomy":"category","embeddable":true,"href":"https:\/\/dimensionturistica.com\/es\/wp-json\/wp\/v2\/categories?post=1103871"},{"taxonomy":"post_tag","embeddable":true,"href":"https:\/\/dimensionturistica.com\/es\/wp-json\/wp\/v2\/tags?post=1103871"}],"curies":[{"name":"wp","href":"https:\/\/api.w.org\/{rel}","templated":true}]}}