{"id":1103857,"date":"2026-01-26T22:31:05","date_gmt":"2026-01-26T22:31:05","guid":{"rendered":"https:\/\/dimensionturistica.com\/es\/?p=1103857"},"modified":"2026-01-26T22:31:05","modified_gmt":"2026-01-26T22:31:05","slug":"msc-cruises-y-bwt-alpine-formula-one-team-entraron-hoy-en-los-libros-de-historia-convirtiendose-en-el-primero-en-la-historia-del-deporte-en-mostrar-los-colores-de-su-coche-a-bordo-de-un-crucero","status":"publish","type":"post","link":"https:\/\/dimensionturistica.com\/es\/msc-cruises-y-bwt-alpine-formula-one-team-entraron-hoy-en-los-libros-de-historia-convirtiendose-en-el-primero-en-la-historia-del-deporte-en-mostrar-los-colores-de-su-coche-a-bordo-de-un-crucero\/","title":{"rendered":"MSC Cruises y BWT Alpine Formula One Team entraron hoy en los libros de historia, convirti\u00e9ndose en el primero en la historia del deporte en mostrar los colores de su coche a bordo de un crucero."},"content":{"rendered":"\n<figure class=\"wp-block-gallery has-nested-images columns-default is-cropped wp-block-gallery-1 is-layout-flex wp-block-gallery-is-layout-flex\">\n<figure class=\"wp-block-image size-large\"><img decoding=\"async\" width=\"500\" height=\"250\" data-id=\"1103858\" src=\"https:\/\/dimensionturistica.com\/es\/wp-content\/uploads\/2026\/01\/1MSC-1.jpg\" alt=\"\" class=\"wp-image-1103858\" srcset=\"https:\/\/dimensionturistica.com\/es\/wp-content\/uploads\/2026\/01\/1MSC-1.jpg 500w, https:\/\/dimensionturistica.com\/es\/wp-content\/uploads\/2026\/01\/1MSC-1-300x150.jpg 300w, https:\/\/dimensionturistica.com\/es\/wp-content\/uploads\/2026\/01\/1MSC-1-360x180.jpg 360w\" sizes=\"(max-width: 500px) 100vw, 500px\" \/><\/figure>\n<\/figure>\n\n\n\n<p>Los colores y las insignias del equipo para sus rivales durante 2026, para el A526 se revelaron durante un evento exclusivo a bordo del buque insignia europeo de MSC Cruceros, MSC World Europa, en Barcelona, mientras estaba atracada en la nueva terminal de \u00faltima generaci\u00f3n de MSC Cruceros.<\/p>\n\n\n\n<figure class=\"wp-block-gallery has-nested-images columns-default is-cropped wp-block-gallery-2 is-layout-flex wp-block-gallery-is-layout-flex\">\n<figure class=\"wp-block-image size-large\"><img decoding=\"async\" width=\"580\" height=\"385\" data-id=\"1103859\" src=\"https:\/\/dimensionturistica.com\/es\/wp-content\/uploads\/2026\/01\/7MSC-1.jpg\" alt=\"\" class=\"wp-image-1103859\" srcset=\"https:\/\/dimensionturistica.com\/es\/wp-content\/uploads\/2026\/01\/7MSC-1.jpg 580w, https:\/\/dimensionturistica.com\/es\/wp-content\/uploads\/2026\/01\/7MSC-1-300x199.jpg 300w\" sizes=\"(max-width: 580px) 100vw, 580px\" \/><\/figure>\n<\/figure>\n\n\n\n<p>Esta ocasi\u00f3n hist\u00f3rica reuni\u00f3 a los pilotos Pierre Gasly y Franco Colapinto, al asesor ejecutivo de Alpine Flavio Briatore, al presidente ejecutivo de MSC Cruises Pierfrancesco Vago y a un selecto grupo de invitados VIP.<\/p>\n\n\n\n<p>El buque oper\u00f3 utilizando Bio-GNL a trav\u00e9s del sistema europeo de balance de masas, lo que significa que MSC World Europa fue cero emisiones de carbono durante toda la duraci\u00f3n del evento. Este enfoque complementa el nuevo BWT Alpine Formula One Team, que para la temporada 2026 funcionar\u00e1 con combustible sint\u00e9tico, un combustible que MSC Cruises tambi\u00e9n est\u00e1 preparando para utilizar en el futuro.<\/p>\n\n\n\n<figure class=\"wp-block-gallery has-nested-images columns-default is-cropped wp-block-gallery-3 is-layout-flex wp-block-gallery-is-layout-flex\"><\/figure>\n\n\n\n<figure class=\"wp-block-gallery has-nested-images columns-default is-cropped wp-block-gallery-4 is-layout-flex wp-block-gallery-is-layout-flex\">\n<figure class=\"wp-block-image size-large\"><img decoding=\"async\" width=\"500\" height=\"333\" data-id=\"1103862\" src=\"https:\/\/dimensionturistica.com\/es\/wp-content\/uploads\/2026\/01\/5MSC-1.jpg\" alt=\"\" class=\"wp-image-1103862\" srcset=\"https:\/\/dimensionturistica.com\/es\/wp-content\/uploads\/2026\/01\/5MSC-1.jpg 500w, https:\/\/dimensionturistica.com\/es\/wp-content\/uploads\/2026\/01\/5MSC-1-300x200.jpg 300w\" sizes=\"(max-width: 500px) 100vw, 500px\" \/><\/figure>\n<\/figure>\n\n\n\n<p>MSC World Europa, construido en Saint-Nazaire, Francia por Chantiers de l&#8217;Atlantique, y Alpine, que opera una f\u00e1brica de coches de calle en Dieppe, encarnan con orgullo la tradici\u00f3n del &#8220;Made in France&#8221;. Ambas compa\u00f1\u00edas representan lo mejor del savoir-faire de ingenier\u00eda francesa, situ\u00e1ndose como l\u00edderes del sector en innovaci\u00f3n, eficiencia y dise\u00f1o innovador.<\/p>\n\n\n\n<p>Pierfrancesco Vago, presidente ejecutivo de MSC Cruceros y la anfitriona Clara Amfo<\/p>\n\n\n\n<p>Pie de Foto; Pierfrancesco Vago, presidente ejecutivo de MSC Cruceros y la anfitriona Clara Amfo<\/p>\n\n\n\n<p>Pierfrancesco Vago, presidente ejecutivo de MSC Cruceros, declar\u00f3:<\/p>\n\n\n\n<figure class=\"wp-block-gallery has-nested-images columns-default is-cropped wp-block-gallery-5 is-layout-flex wp-block-gallery-is-layout-flex\">\n<figure class=\"wp-block-image size-large\"><img decoding=\"async\" width=\"500\" height=\"357\" data-id=\"1103863\" src=\"https:\/\/dimensionturistica.com\/es\/wp-content\/uploads\/2026\/01\/4MSC.jpg\" alt=\"\" class=\"wp-image-1103863\" srcset=\"https:\/\/dimensionturistica.com\/es\/wp-content\/uploads\/2026\/01\/4MSC.jpg 500w, https:\/\/dimensionturistica.com\/es\/wp-content\/uploads\/2026\/01\/4MSC-300x214.jpg 300w, https:\/\/dimensionturistica.com\/es\/wp-content\/uploads\/2026\/01\/4MSC-120x86.jpg 120w, https:\/\/dimensionturistica.com\/es\/wp-content\/uploads\/2026\/01\/4MSC-350x250.jpg 350w\" sizes=\"(max-width: 500px) 100vw, 500px\" \/><\/figure>\n<\/figure>\n\n\n\n<p>&#8220;Estamos extremadamente orgullosos de haber sido parte de este momento legendario a bordo del MSC World Europa. Aunque los cruceros y la F\u00f3rmula 1\u00ae puedan parecer mundos apartes, compartimos el mismo ADN: un profundo compromiso con el trabajo en equipo, la innovaci\u00f3n y la creaci\u00f3n de momentos inolvidables, como los que nuestra excepcional tripulaci\u00f3n ofrece en nuestros barcos cada d\u00eda.<\/p>\n\n\n\n<p>&#8220;Nuestra colaboraci\u00f3n con el equipo BWT Alpine Formula One no solo se basa en valores compartidos, sino tambi\u00e9n en los fuertes v\u00ednculos con la ingenier\u00eda de excelencia francesa, lo que hace especialmente significativo acoger este evento hist\u00f3rico en un barco dise\u00f1ado y construido en Francia. Tambi\u00e9n estoy muy orgulloso de trabajar con un socio que comparte los mismos compromisos para alcanzar la neutralidad de emisiones netas.&#8221;<\/p>\n\n\n\n<figure class=\"wp-block-gallery has-nested-images columns-default is-cropped wp-block-gallery-6 is-layout-flex wp-block-gallery-is-layout-flex\">\n<figure class=\"wp-block-image size-large\"><img decoding=\"async\" width=\"500\" height=\"356\" data-id=\"1103864\" src=\"https:\/\/dimensionturistica.com\/es\/wp-content\/uploads\/2026\/01\/6MSC.jpg\" alt=\"\" class=\"wp-image-1103864\" srcset=\"https:\/\/dimensionturistica.com\/es\/wp-content\/uploads\/2026\/01\/6MSC.jpg 500w, https:\/\/dimensionturistica.com\/es\/wp-content\/uploads\/2026\/01\/6MSC-300x214.jpg 300w, https:\/\/dimensionturistica.com\/es\/wp-content\/uploads\/2026\/01\/6MSC-120x86.jpg 120w, https:\/\/dimensionturistica.com\/es\/wp-content\/uploads\/2026\/01\/6MSC-350x250.jpg 350w\" sizes=\"(max-width: 500px) 100vw, 500px\" \/><\/figure>\n<\/figure>\n\n\n\n<p>Pierfrancesco Vago y el asesor ejecutivo del equipo BWT Alpine Formula One, Flavio Briatore, y los pilotos en el MSC World Europa-1<\/p>\n\n\n\n<p>Pie de Foto: Pierfrancesco Vago y el asesor ejecutivo del equipo BWT Alpine Formula One, Flavio Briatore, y los pilotos en el MSC World Europa<\/p>\n\n\n\n<p>Flavio Briatore, asesor ejecutivo del equipo BWT Alpine Formula One, declar\u00f3:<\/p>\n\n\n\n<p>&#8220;Hoy marca el comienzo de un nuevo cap\u00edtulo para el equipo BWT Alpine de F\u00f3rmula 1&#8221;, dice Flavio Briatore.<\/p>\n\n\n\n<p>&#8220;Estoy muy agradecido a nuestros socios de MSC Cruceros no solo por recibirnos hoy aqu\u00ed en Barcelona, en este incre\u00edble barco, MSC World Europa, sino tambi\u00e9n por su apoyo y compromiso con nuestro equipo. Han demostrado ser socios genuinos mientras nos preparamos para lo que sin duda ser\u00e1 una temporada \u00fanica en la historia de la F\u00f3rmula 1, especialmente para nosotros con las nuevas normativas t\u00e9cnicas. Empezamos la temporada con una hoja en ceros y una gran oportunidad para ser m\u00e1s competitivos que en campa\u00f1as anteriores&#8221;, a\u00f1ade.<\/p>\n\n\n\n<p>&#8220;Han sido unos meses implacables en la f\u00e1brica de Enstone preparando la temporada, dise\u00f1ando y creando el A526, junto con Mercedes-AMG , que suministrar\u00e1 la nueva unidad motriz y caja de cambios a partir de esta temporada; Una colaboraci\u00f3n que nos entusiasma mucho.<\/p>\n\n\n\n<figure class=\"wp-block-gallery has-nested-images columns-default is-cropped wp-block-gallery-7 is-layout-flex wp-block-gallery-is-layout-flex\">\n<figure class=\"wp-block-image size-large\"><img decoding=\"async\" width=\"500\" height=\"333\" data-id=\"1103865\" src=\"https:\/\/dimensionturistica.com\/es\/wp-content\/uploads\/2026\/01\/2MSC-1.jpg\" alt=\"\" class=\"wp-image-1103865\" srcset=\"https:\/\/dimensionturistica.com\/es\/wp-content\/uploads\/2026\/01\/2MSC-1.jpg 500w, https:\/\/dimensionturistica.com\/es\/wp-content\/uploads\/2026\/01\/2MSC-1-300x200.jpg 300w\" sizes=\"(max-width: 500px) 100vw, 500px\" \/><\/figure>\n<\/figure>\n\n\n\n<p>&#8220;Estar acompa\u00f1ados por tantos de nuestros socios en un evento como este es fant\u00e1stico. Les doy las gracias a todos, tanto a los nuevos como a los que ya existen, por su compromiso con el equipo, especialmente despu\u00e9s de los retos que enfrentamos en la pista el a\u00f1o pasado.&#8221;<\/p>\n\n\n\n<p>Pierfrancesco Vago, presidente ejecutivo de MSC Cruceros y la anfitriona Clara Amfo-1<\/p>\n\n\n\n<p>Pie de Foto: Pierfrancesco Vago, presidente ejecutivo de MSC Cruceros y la anfitriona Clara Amfo<\/p>\n\n\n\n<p>Los invitados al evento disfrutaron de agua mineralizada de BWT, reci\u00e9n filtrada y mineralizada a bordo utilizando tecnolog\u00eda de purificaci\u00f3n de \u00faltima generaci\u00f3n de BWT.<\/p>\n\n\n\n<p>El despliegue completo de esta agua, AQUA por parte de MSC, en toda la flota, supondr\u00e1 la eliminaci\u00f3n promedio de m\u00e1s de 4 millones de botellas de agua de pl\u00e1stico cada mes. Para 2026, esto representar\u00e1 una media anual de m\u00e1s de 49 millones de botellas de agua de pl\u00e1stico de un solo uso recortadas en toda la flota, demostrando a\u00fan m\u00e1s el compromiso de MSC Cruises con la reducci\u00f3n de su impacto medioambiental, y este es un compromiso compartido del equipo BWT Alpine Formula One.<\/p>\n\n\n\n<p>Esta hist\u00f3rica presentaci\u00f3n forma parte de la colaboraci\u00f3n global entre MSC Cruises y el equipo BWT Alpine Formula One.<\/p>\n\n\n\n<p>MSC Cruceros es socio premium del equipo desde febrero de 2025 y patrocinador global de la F\u00f3rmula 1\u00ae desde 2022.<\/p>\n\n\n\n<p>Los pilotos del equipo BWT Alpine Formula One revelan su dise\u00f1o para 2026 en el MSC World Europa<\/p>\n\n\n\n<p>Pie de Foto: Los pilotos del equipo BWT Alpine Formula One revelan su dise\u00f1o para 2026 en el MSC World Europa.<\/p>\n","protected":false},"excerpt":{"rendered":"<p>Los colores y las insignias del equipo para sus rivales durante 2026, para el A526 se revelaron durante un evento exclusivo a bordo del buque insignia europeo de MSC Cruceros, MSC World Europa, en Barcelona, mientras estaba atracada en la nueva terminal de \u00faltima generaci\u00f3n de MSC Cruceros. Esta ocasi\u00f3n hist\u00f3rica reuni\u00f3 a los pilotos [&hellip;]<\/p>\n","protected":false},"author":1,"featured_media":0,"comment_status":"open","ping_status":"closed","sticky":false,"template":"","format":"standard","meta":{"om_disable_all_campaigns":false,"jnews-multi-image_gallery":[],"jnews_single_post":[],"jnews_primary_category":[],"jnews_social_meta":[],"footnotes":""},"categories":[41],"tags":[],"class_list":["post-1103857","post","type-post","status-publish","format-standard","hentry","category-cruceros"],"_links":{"self":[{"href":"https:\/\/dimensionturistica.com\/es\/wp-json\/wp\/v2\/posts\/1103857","targetHints":{"allow":["GET"]}}],"collection":[{"href":"https:\/\/dimensionturistica.com\/es\/wp-json\/wp\/v2\/posts"}],"about":[{"href":"https:\/\/dimensionturistica.com\/es\/wp-json\/wp\/v2\/types\/post"}],"author":[{"embeddable":true,"href":"https:\/\/dimensionturistica.com\/es\/wp-json\/wp\/v2\/users\/1"}],"replies":[{"embeddable":true,"href":"https:\/\/dimensionturistica.com\/es\/wp-json\/wp\/v2\/comments?post=1103857"}],"version-history":[{"count":1,"href":"https:\/\/dimensionturistica.com\/es\/wp-json\/wp\/v2\/posts\/1103857\/revisions"}],"predecessor-version":[{"id":1103866,"href":"https:\/\/dimensionturistica.com\/es\/wp-json\/wp\/v2\/posts\/1103857\/revisions\/1103866"}],"wp:attachment":[{"href":"https:\/\/dimensionturistica.com\/es\/wp-json\/wp\/v2\/media?parent=1103857"}],"wp:term":[{"taxonomy":"category","embeddable":true,"href":"https:\/\/dimensionturistica.com\/es\/wp-json\/wp\/v2\/categories?post=1103857"},{"taxonomy":"post_tag","embeddable":true,"href":"https:\/\/dimensionturistica.com\/es\/wp-json\/wp\/v2\/tags?post=1103857"}],"curies":[{"name":"wp","href":"https:\/\/api.w.org\/{rel}","templated":true}]}}