{"id":1103845,"date":"2026-01-26T22:05:13","date_gmt":"2026-01-26T22:05:13","guid":{"rendered":"https:\/\/dimensionturistica.com\/es\/?p=1103845"},"modified":"2026-01-26T22:05:13","modified_gmt":"2026-01-26T22:05:13","slug":"el-consejo-mundial-de-viajes-y-turismo-wttc-por-sus-siglas-en-ingles-el-ministerio-de-industria-y-turismo-de-espana-y-el-ayuntamiento-de-la-ciudad-de-madrid-suscribieron-un-memorandum-de-entendim","status":"publish","type":"post","link":"https:\/\/dimensionturistica.com\/es\/el-consejo-mundial-de-viajes-y-turismo-wttc-por-sus-siglas-en-ingles-el-ministerio-de-industria-y-turismo-de-espana-y-el-ayuntamiento-de-la-ciudad-de-madrid-suscribieron-un-memorandum-de-entendim\/","title":{"rendered":"El Consejo Mundial de Viajes y Turismo (WTTC, por sus siglas en ingl\u00e9s), el Ministerio de Industria y Turismo de Espa\u00f1a y el Ayuntamiento de la Ciudad de Madrid, suscribieron un memor\u00e1ndum de entendimiento que permitir\u00e1 ratificar el cambio de sede del WTTC a Madrid."},"content":{"rendered":"\n<figure class=\"wp-block-gallery has-nested-images columns-default is-cropped wp-block-gallery-1 is-layout-flex wp-block-gallery-is-layout-flex\">\n<figure class=\"wp-block-image size-large\"><img decoding=\"async\" width=\"500\" height=\"490\" data-id=\"1103846\" src=\"https:\/\/dimensionturistica.com\/es\/wp-content\/uploads\/2026\/01\/1GLORIA-1.jpg\" alt=\"\" class=\"wp-image-1103846\" srcset=\"https:\/\/dimensionturistica.com\/es\/wp-content\/uploads\/2026\/01\/1GLORIA-1.jpg 500w, https:\/\/dimensionturistica.com\/es\/wp-content\/uploads\/2026\/01\/1GLORIA-1-300x294.jpg 300w, https:\/\/dimensionturistica.com\/es\/wp-content\/uploads\/2026\/01\/1GLORIA-1-75x75.jpg 75w\" sizes=\"(max-width: 500px) 100vw, 500px\" \/><\/figure>\n<\/figure>\n\n\n\n<p>La firma estuvo a cargo de Gloria Guevara Manzo, Presidenta y CEO del WTTC; el Ministro de Industria y Turismo de Espa\u00f1a, Jordi Hereu Boher, y el Alcalde de Madrid, Jos\u00e9 Luis Mart\u00ednez-Almeida. Este acuerdo representa el inicio de un nuevo cap\u00edtulo para el turismo global, donde Espa\u00f1a seguir\u00e1 fortaleciendo su posici\u00f3n de liderazgo en el sector a nivel mundial.<\/p>\n\n\n\n<figure class=\"wp-block-gallery has-nested-images columns-default is-cropped wp-block-gallery-2 is-layout-flex wp-block-gallery-is-layout-flex\">\n<figure class=\"wp-block-image size-large\"><img decoding=\"async\" width=\"500\" height=\"333\" data-id=\"1103847\" src=\"https:\/\/dimensionturistica.com\/es\/wp-content\/uploads\/2026\/01\/5GLORIA.jpg\" alt=\"\" class=\"wp-image-1103847\" srcset=\"https:\/\/dimensionturistica.com\/es\/wp-content\/uploads\/2026\/01\/5GLORIA.jpg 500w, https:\/\/dimensionturistica.com\/es\/wp-content\/uploads\/2026\/01\/5GLORIA-300x200.jpg 300w\" sizes=\"(max-width: 500px) 100vw, 500px\" \/><\/figure>\n<\/figure>\n\n\n\n<p>Madrid, Espa\u00f1a, ofreci\u00f3 la mejor propuesta para ser la nueva sede de la oficina Global del WTTC. La decisi\u00f3n fue tomada por los 17 miembros que integran el Consejo de Administraci\u00f3n del organismo global, tras una evaluaci\u00f3n exhaustiva de las propuestas de diferentes pa\u00edses, donde se incluian oficinas para la sede, un entorno fiscal m\u00e1s favorable, incentivos,&nbsp; facilitaci\u00f3n de visas&nbsp; y permisos de trabajo, entre otras cuestiones m\u00e1s.<\/p>\n\n\n\n<p>Establecer la nueva oficina global del WTTC en Madrid, contribuir\u00e1 a generar un valor tangible e intangible para sus miembros y a impulsar el potencial de crecimiento del sector. Adem\u00e1s, con esta decisi\u00f3n se abre un nuevo cap\u00edtulo sin precedente en la colaboraci\u00f3n entre los sectores p\u00fablico y privado; adem\u00e1s de fortalecer las sinergias de trabajo con organizaciones internacionales del sector como ONU Turismo.<\/p>\n\n\n\n<p>Gloria Guevara Manzo agradeci\u00f3 el apoyo del Ministerio de Industria y Turismo de Espa\u00f1a y del Ayuntamiento de Madrid, y se\u00f1al\u00f3: \u201cEstamos entusiasmados por el Cambio de la oficina global del WTTC a la ciudad de Madrid, una gran ciudad con grandes fortalezas competitivas que permitir\u00e1n convertir a Espa\u00f1a en la capital de la gobernanza tur\u00edstica mundial. Desde esta importante ciudad europea se definir\u00e1n la agenda global y las pr\u00f3ximas acciones, as\u00ed como el rumbo del sector privado global de viajes y turismo. El WTTC considera que esta decisi\u00f3n genera una oportunidad \u00fanica que debe aprovecharse para millones de personas\u201d.<\/p>\n\n\n\n<figure class=\"wp-block-gallery has-nested-images columns-default is-cropped wp-block-gallery-3 is-layout-flex wp-block-gallery-is-layout-flex\">\n<figure class=\"wp-block-image size-large\"><img decoding=\"async\" width=\"500\" height=\"333\" data-id=\"1103850\" src=\"https:\/\/dimensionturistica.com\/es\/wp-content\/uploads\/2026\/01\/2GLORIA.jpg\" alt=\"\" class=\"wp-image-1103850\" srcset=\"https:\/\/dimensionturistica.com\/es\/wp-content\/uploads\/2026\/01\/2GLORIA.jpg 500w, https:\/\/dimensionturistica.com\/es\/wp-content\/uploads\/2026\/01\/2GLORIA-300x200.jpg 300w\" sizes=\"(max-width: 500px) 100vw, 500px\" \/><\/figure>\n<\/figure>\n\n\n\n<p>Por su parte, el Ministro de Industria y Turismo de Espa\u00f1a, Jordi Hereu Boher, celebr\u00f3 el acuerdo, que \u201ces resultado del intenso trabajo conjunto y colaboraci\u00f3n durante meses entre Gobierno de Espa\u00f1a y la organizaci\u00f3n\u201d, que \u201crefuerza la posici\u00f3n de liderazgo de nuestro pa\u00eds como potencia tur\u00edstica mundial\u201d.<\/p>\n\n\n\n<p>El Alcalde de Madrid, Jos\u00e9 Luis Mart\u00ednez-Almeida destac\u00f3 que \u201cesta elecci\u00f3n convierte a Madrid en la capital mundial del turismo y demuestra la confianza que genera la ciudad en las instituciones y organizaciones tur\u00edsticas a nivel internacional\u201d, subrayando que \u201cMadrid es hoy una ciudad competitiva y fiable, capaz de atraer a las grandes organizaciones que marcan el rumbo del turismo global&#8221;.<\/p>\n\n\n\n<p>Finalmente, Manfredi Lefebvre, Presidente del Consejo de Administraci\u00f3n del WTTC, coment\u00f3: Finalmente, Manfredi Lefebvre, Presidente del Consejo de Administraci\u00f3n del WTTC, coment\u00f3: \u201cLa decisi\u00f3n un\u00e1nime de establecer nuestra Oficina Global en Madrid refleja una visi\u00f3n clara sobre la Nueva Era del WTTC, con el s\u00f3lido respaldo del gobierno espa\u00f1ol a todos los niveles\u201d.<\/p>\n\n\n\n<figure class=\"wp-block-gallery has-nested-images columns-default is-cropped wp-block-gallery-4 is-layout-flex wp-block-gallery-is-layout-flex\">\n<figure class=\"wp-block-image size-large\"><img decoding=\"async\" width=\"500\" height=\"334\" data-id=\"1103851\" src=\"https:\/\/dimensionturistica.com\/es\/wp-content\/uploads\/2026\/01\/3GLORIA-1.jpg\" alt=\"\" class=\"wp-image-1103851\" srcset=\"https:\/\/dimensionturistica.com\/es\/wp-content\/uploads\/2026\/01\/3GLORIA-1.jpg 500w, https:\/\/dimensionturistica.com\/es\/wp-content\/uploads\/2026\/01\/3GLORIA-1-300x200.jpg 300w\" sizes=\"(max-width: 500px) 100vw, 500px\" \/><\/figure>\n<\/figure>\n\n\n\n<p>El WTTC es la organizaci\u00f3n global m\u00e1s importante del sector privado, que incluye a toda la cadena de valor del sector de viajes y turismo con alrededor de 200 l\u00edderes globales, quienes ahora definir\u00e1n desde Madrid la agenda mundial del sector privado en viajes y turismo.<\/p>\n\n\n\n<p>De acuerdo con estimaciones del WTTC, el 2025 fue el a\u00f1o r\u00e9cord del sector con una contribuci\u00f3n total de 11.7 trillones de d\u00f3lares (10,3%) a la econom\u00eda global y represent\u00f3 371 millones de empleos, es decir, uno de cada 3 empleos.<\/p>\n","protected":false},"excerpt":{"rendered":"<p>La firma estuvo a cargo de Gloria Guevara Manzo, Presidenta y CEO del WTTC; el Ministro de Industria y Turismo de Espa\u00f1a, Jordi Hereu Boher, y el Alcalde de Madrid, Jos\u00e9 Luis Mart\u00ednez-Almeida. Este acuerdo representa el inicio de un nuevo cap\u00edtulo para el turismo global, donde Espa\u00f1a seguir\u00e1 fortaleciendo su posici\u00f3n de liderazgo en [&hellip;]<\/p>\n","protected":false},"author":1,"featured_media":0,"comment_status":"open","ping_status":"closed","sticky":false,"template":"","format":"standard","meta":{"om_disable_all_campaigns":false,"jnews-multi-image_gallery":[],"jnews_single_post":[],"jnews_primary_category":[],"jnews_social_meta":[],"footnotes":""},"categories":[39],"tags":[],"class_list":["post-1103845","post","type-post","status-publish","format-standard","hentry","category-viajes"],"_links":{"self":[{"href":"https:\/\/dimensionturistica.com\/es\/wp-json\/wp\/v2\/posts\/1103845","targetHints":{"allow":["GET"]}}],"collection":[{"href":"https:\/\/dimensionturistica.com\/es\/wp-json\/wp\/v2\/posts"}],"about":[{"href":"https:\/\/dimensionturistica.com\/es\/wp-json\/wp\/v2\/types\/post"}],"author":[{"embeddable":true,"href":"https:\/\/dimensionturistica.com\/es\/wp-json\/wp\/v2\/users\/1"}],"replies":[{"embeddable":true,"href":"https:\/\/dimensionturistica.com\/es\/wp-json\/wp\/v2\/comments?post=1103845"}],"version-history":[{"count":1,"href":"https:\/\/dimensionturistica.com\/es\/wp-json\/wp\/v2\/posts\/1103845\/revisions"}],"predecessor-version":[{"id":1103852,"href":"https:\/\/dimensionturistica.com\/es\/wp-json\/wp\/v2\/posts\/1103845\/revisions\/1103852"}],"wp:attachment":[{"href":"https:\/\/dimensionturistica.com\/es\/wp-json\/wp\/v2\/media?parent=1103845"}],"wp:term":[{"taxonomy":"category","embeddable":true,"href":"https:\/\/dimensionturistica.com\/es\/wp-json\/wp\/v2\/categories?post=1103845"},{"taxonomy":"post_tag","embeddable":true,"href":"https:\/\/dimensionturistica.com\/es\/wp-json\/wp\/v2\/tags?post=1103845"}],"curies":[{"name":"wp","href":"https:\/\/api.w.org\/{rel}","templated":true}]}}