{"id":1103706,"date":"2026-01-26T16:19:43","date_gmt":"2026-01-26T16:19:43","guid":{"rendered":"https:\/\/dimensionturistica.com\/es\/?p=1103706"},"modified":"2026-01-26T16:19:43","modified_gmt":"2026-01-26T16:19:43","slug":"dia-mundial-de-la-educacion-ambiental-se-hace-un-llamado-a-una-agenda-publica-activa-para-un-mejor-futuro","status":"publish","type":"post","link":"https:\/\/dimensionturistica.com\/es\/dia-mundial-de-la-educacion-ambiental-se-hace-un-llamado-a-una-agenda-publica-activa-para-un-mejor-futuro\/","title":{"rendered":"D\u00eda Mundial de la Educaci\u00f3n Ambiental se hace un llamado a una agenda p\u00fablica activa para un mejor futuro."},"content":{"rendered":"\n<figure class=\"wp-block-gallery has-nested-images columns-default is-cropped wp-block-gallery-1 is-layout-flex wp-block-gallery-is-layout-flex\">\n<figure class=\"wp-block-image size-large\"><img decoding=\"async\" width=\"500\" height=\"234\" data-id=\"1103707\" src=\"https:\/\/dimensionturistica.com\/es\/wp-content\/uploads\/2026\/01\/1HELVEX.jpg\" alt=\"\" class=\"wp-image-1103707\" srcset=\"https:\/\/dimensionturistica.com\/es\/wp-content\/uploads\/2026\/01\/1HELVEX.jpg 500w, https:\/\/dimensionturistica.com\/es\/wp-content\/uploads\/2026\/01\/1HELVEX-300x140.jpg 300w\" sizes=\"(max-width: 500px) 100vw, 500px\" \/><\/figure>\n<\/figure>\n\n\n\n<p>En M\u00e9xico se generan alrededor de 120 mil toneladas de residuos al d\u00eda, pero solo 3 de cada 10 personas separan sus desechos, de acuerdo con el Estudio Nacional sobre la Cultura del Reciclaje 2025. Este escenario cobra especial relevancia en el marco del D\u00eda Mundial de la Educaci\u00f3n Ambiental, que se conmemora el 26 de enero, y deja en evidencia un reto impostergable: avanzar hacia una mayor cultura ambiental, pero con el respaldo de una agenda p\u00fablica activa capaz de pasar del discurso a la acci\u00f3n.<\/p>\n\n\n\n<p>El Programa de las Naciones Unidas para el Medio Ambiente (PNUMA) ha sido claro en este tema, se\u00f1alando que las pol\u00edticas ambientales dif\u00edcilmente prosperan si no est\u00e1n acompa\u00f1adas de conocimiento, informaci\u00f3n y valores ecol\u00f3gicos. Adem\u00e1s, deben dise\u00f1arse e implementarse considerando el contexto social, econ\u00f3mico y cultural de cada pa\u00eds. Bajo este criterio, M\u00e9xico a\u00fan tiene un largo camino por recorrer.<\/p>\n\n\n\n<p>\u00bfPor qu\u00e9 es relevante considerar las particularidades de los contextos que se\u00f1ala PNUMA? Dise\u00f1ar estrategias de educaci\u00f3n ambiental sin atender estas diferencias limita su alcance y efectividad.<\/p>\n\n\n\n<figure class=\"wp-block-gallery has-nested-images columns-default is-cropped wp-block-gallery-2 is-layout-flex wp-block-gallery-is-layout-flex\">\n<figure class=\"wp-block-image size-large\"><img decoding=\"async\" width=\"500\" height=\"333\" data-id=\"1103708\" src=\"https:\/\/dimensionturistica.com\/es\/wp-content\/uploads\/2026\/01\/6HELVEX.jpg\" alt=\"\" class=\"wp-image-1103708\" srcset=\"https:\/\/dimensionturistica.com\/es\/wp-content\/uploads\/2026\/01\/6HELVEX.jpg 500w, https:\/\/dimensionturistica.com\/es\/wp-content\/uploads\/2026\/01\/6HELVEX-300x200.jpg 300w\" sizes=\"(max-width: 500px) 100vw, 500px\" \/><\/figure>\n<\/figure>\n\n\n\n<p>Por el contrario, cuando la educaci\u00f3n se adapta a los contextos locales y a los riesgos ambientales propios de cada regi\u00f3n, se convierte en una herramienta estrat\u00e9gica que permite transitar de una l\u00f3gica de mitigaci\u00f3n de impactos a una de prevenci\u00f3n y transformaci\u00f3n. Este enfoque fortalece la toma de decisiones informadas y contribuye de manera directa a una gobernanza ambiental m\u00e1s s\u00f3lida, articulada y sostenible.<\/p>\n\n\n\n<p>De acuerdo con la UNESCO, la Organizaci\u00f3n para la Cooperaci\u00f3n y el Desarrollo Econ\u00f3mico (OCDE) y el Banco Mundial, pa\u00edses como Alemania, Canad\u00e1, Finlandia, Jap\u00f3n y Suecia son referentes globales en educaci\u00f3n ambiental. \u00bfCu\u00e1l es la raz\u00f3n? Han convertido la educaci\u00f3n ambiental en una pol\u00edtica p\u00fablica estructural. En Alemania, forma parte de las pol\u00edticas de Estado; en Finlandia es un pilar del sistema educativo nacional; y en Jap\u00f3n, el sector privado colabora activamente a trav\u00e9s de alianzas con los gobiernos locales.<\/p>\n\n\n\n<p>Estos casos demuestran que aspirar a un futuro sostenible no basta con imaginarlo: es indispensable accionarlo. En este sentido, para Grupo Helvex, integrar la cultura del agua y el cuidado del planeta desde la educaci\u00f3n b\u00e1sica ha sido uno de sus objetivos, buscando formar h\u00e1bitos duraderos y ciudadanos conscientes de su entorno.<\/p>\n\n\n\n<p>Un ejemplo de c\u00f3mo llevar la educaci\u00f3n ambiental a la pr\u00e1ctica es \u201cXpr\u00e9sate\u201d, un programa 100% vivencial de Fundaci\u00f3n Helvex que sensibiliza a ni\u00f1os, j\u00f3venes y adultos sobre el cuidado y uso eficiente del agua en todos los niveles educativos. Esta iniciativa est\u00e1 alineada con los Objetivos de Desarrollo Sostenible de la Agenda 2030, particularmente con el ODS 6 (Agua limpia y saneamiento), el ODS 11 (Ciudades y comunidades sostenibles) y el ODS 13 (Acci\u00f3n por el clima); y desde su puesta en marcha en 2009, ha capacitado a m\u00e1s de 33 mil personas, promoviendo no solo el aprendizaje t\u00e9cnico, sino la formaci\u00f3n de agentes de cambio en sus propias comunidades.<\/p>\n\n\n\n<p>Pero, \u00bfPor qu\u00e9 son importantes este tipo de programas de la iniciativa privada? La raz\u00f3n es simple: fortalecer programas educativos de este tipo, integrar a las escuelas y capacitar a los docentes para impartir contenidos de eficiencia h\u00eddrica en \u00e1reas como ciencia, arquitectura o turismo, puede sentar las bases de una cultura h\u00eddrica s\u00f3lida y activa.<\/p>\n\n\n\n<p>Incluso si se quiere ver desde un punto de vista netamente econ\u00f3mico, estos programas hacen sentido, pues como lo se\u00f1ala el informe Global Environment Outlook, invertir en el bienestar del planeta puede generar beneficios macroecon\u00f3micos de hasta 20 billones de d\u00f3lares anuales para 2070.<\/p>\n\n\n\n<p>Por lo anterior, la participaci\u00f3n de la iniciativa privada resulta indispensable para ampliar el alcance y la efectividad de la educaci\u00f3n ambiental, mediante programas, alianzas y soluciones que complementen las pol\u00edticas p\u00fablicas y atiendan, como se\u00f1ala el PNUMA, las particularidades sociales, econ\u00f3micas, culturales y territoriales de cada comunidad. Cuando las empresas asumen un rol activo y corresponsable en la formaci\u00f3n ambiental, el impacto trasciende la sensibilizaci\u00f3n<\/p>\n\n\n\n<p>individual y se traduce en cambios estructurales: fortalecimiento de capacidades locales, adopci\u00f3n de mejores pr\u00e1cticas, mayor corresponsabilidad social y una ciudadan\u00eda mejor informada, capaz de incidir positivamente en la construcci\u00f3n de un futuro m\u00e1s sostenible.<\/p>\n\n\n\n<p>Celebrar el D\u00eda Mundial de la Educaci\u00f3n Ambiental con acciones reales y con la participaci\u00f3n decidida de los sectores p\u00fablico y privado, es la mejor forma de demostrar que el futuro sostenible no solo se desea: se construye.<\/p>\n","protected":false},"excerpt":{"rendered":"<p>En M\u00e9xico se generan alrededor de 120 mil toneladas de residuos al d\u00eda, pero solo 3 de cada 10 personas separan sus desechos, de acuerdo con el Estudio Nacional sobre la Cultura del Reciclaje 2025. Este escenario cobra especial relevancia en el marco del D\u00eda Mundial de la Educaci\u00f3n Ambiental, que se conmemora el 26 [&hellip;]<\/p>\n","protected":false},"author":1,"featured_media":0,"comment_status":"open","ping_status":"closed","sticky":false,"template":"","format":"standard","meta":{"om_disable_all_campaigns":false,"jnews-multi-image_gallery":[],"jnews_single_post":{"format":"standard"},"jnews_primary_category":[],"jnews_social_meta":[],"footnotes":""},"categories":[40],"tags":[],"class_list":["post-1103706","post","type-post","status-publish","format-standard","hentry","category-industria"],"_links":{"self":[{"href":"https:\/\/dimensionturistica.com\/es\/wp-json\/wp\/v2\/posts\/1103706","targetHints":{"allow":["GET"]}}],"collection":[{"href":"https:\/\/dimensionturistica.com\/es\/wp-json\/wp\/v2\/posts"}],"about":[{"href":"https:\/\/dimensionturistica.com\/es\/wp-json\/wp\/v2\/types\/post"}],"author":[{"embeddable":true,"href":"https:\/\/dimensionturistica.com\/es\/wp-json\/wp\/v2\/users\/1"}],"replies":[{"embeddable":true,"href":"https:\/\/dimensionturistica.com\/es\/wp-json\/wp\/v2\/comments?post=1103706"}],"version-history":[{"count":1,"href":"https:\/\/dimensionturistica.com\/es\/wp-json\/wp\/v2\/posts\/1103706\/revisions"}],"predecessor-version":[{"id":1103709,"href":"https:\/\/dimensionturistica.com\/es\/wp-json\/wp\/v2\/posts\/1103706\/revisions\/1103709"}],"wp:attachment":[{"href":"https:\/\/dimensionturistica.com\/es\/wp-json\/wp\/v2\/media?parent=1103706"}],"wp:term":[{"taxonomy":"category","embeddable":true,"href":"https:\/\/dimensionturistica.com\/es\/wp-json\/wp\/v2\/categories?post=1103706"},{"taxonomy":"post_tag","embeddable":true,"href":"https:\/\/dimensionturistica.com\/es\/wp-json\/wp\/v2\/tags?post=1103706"}],"curies":[{"name":"wp","href":"https:\/\/api.w.org\/{rel}","templated":true}]}}