{"id":1103693,"date":"2026-01-26T16:06:19","date_gmt":"2026-01-26T16:06:19","guid":{"rendered":"https:\/\/dimensionturistica.com\/es\/?p=1103693"},"modified":"2026-01-26T16:06:19","modified_gmt":"2026-01-26T16:06:19","slug":"pueblos-originarios-son-embajadores-turisticos-en-la-feria-internacional-de-turismo-de-espana","status":"publish","type":"post","link":"https:\/\/dimensionturistica.com\/es\/pueblos-originarios-son-embajadores-turisticos-en-la-feria-internacional-de-turismo-de-espana\/","title":{"rendered":"Pueblos Originarios son embajadores tur\u00edsticos en la Feria Internacional de Turismo de Espa\u00f1a"},"content":{"rendered":"\n<figure class=\"wp-block-gallery has-nested-images columns-default is-cropped wp-block-gallery-1 is-layout-flex wp-block-gallery-is-layout-flex\">\n<figure class=\"wp-block-image size-large\"><img decoding=\"async\" width=\"500\" height=\"74\" data-id=\"1103695\" src=\"https:\/\/dimensionturistica.com\/es\/wp-content\/uploads\/2026\/01\/1TUR.jpg\" alt=\"\" class=\"wp-image-1103695\" srcset=\"https:\/\/dimensionturistica.com\/es\/wp-content\/uploads\/2026\/01\/1TUR.jpg 500w, https:\/\/dimensionturistica.com\/es\/wp-content\/uploads\/2026\/01\/1TUR-300x44.jpg 300w\" sizes=\"(max-width: 500px) 100vw, 500px\" \/><\/figure>\n<\/figure>\n\n\n\n<p>Una comitiva de representantes de Pueblos Originarios, de los estados de Campeche, Oaxaca, Nayarit, Guerrero y Chihuahua acompa\u00f1\u00f3 a la secretaria de Turismo del Gobierno de M\u00e9xico, Josefina Rodr\u00edguez Zamora, a la inauguraci\u00f3n oficial de la Feria Internacional de Turismo (FITUR) 2026, en la que M\u00e9xico participa como Pa\u00eds Invitado y protagonista de la jornada.<\/p>\n\n\n\n<figure class=\"wp-block-gallery has-nested-images columns-default is-cropped wp-block-gallery-2 is-layout-flex wp-block-gallery-is-layout-flex\">\n<figure class=\"wp-block-image size-large\"><img decoding=\"async\" width=\"500\" height=\"332\" data-id=\"1103696\" src=\"https:\/\/dimensionturistica.com\/es\/wp-content\/uploads\/2026\/01\/2TURU-1.jpg\" alt=\"\" class=\"wp-image-1103696\" srcset=\"https:\/\/dimensionturistica.com\/es\/wp-content\/uploads\/2026\/01\/2TURU-1.jpg 500w, https:\/\/dimensionturistica.com\/es\/wp-content\/uploads\/2026\/01\/2TURU-1-300x199.jpg 300w\" sizes=\"(max-width: 500px) 100vw, 500px\" \/><\/figure>\n<\/figure>\n\n\n\n<p>\u201cEra importante dar a conocer el M\u00e9xico de los Pueblos Originarios y que hoy estuvieran aqu\u00ed. Vemos c\u00f3mo Espa\u00f1a vive su turismo desde las comunidades, y esa es la visi\u00f3n del turismo en el gobierno de la Presidenta Claudia Sheinbaum Pardo: que se genere prosperidad para las comunidades. Hoy, los Pueblos Originarios son una prioridad. M\u00e9xico brilla, y hoy brilla m\u00e1s que nunca por sus pueblos, por sus artesan\u00edas y por sus tradiciones\u201d, explic\u00f3 la secretaria en entrevistas posteriores al acto.<\/p>\n\n\n\n<p>De esta manera, las y los representantes de los Pueblos Originarios de M\u00e9xico se convirtieron en embajadores del turismo comunitario, de la mano de la secretaria de Turismo, Josefina Rodr\u00edguez Zamora. En el acto participaron tambi\u00e9n las gobernadoras de Quintana Roo, Mara Lezama; de Tlaxcala, Lorena Cu\u00e9llar; y de Guanajuato, Libia Dennise Garc\u00eda Mu\u00f1oz Ledo; as\u00ed como el gobernador de Quer\u00e9taro, Mauricio Kuri Gonz\u00e1lez, y secretarias y secretarios de turismo estatales.<\/p>\n\n\n\n<figure class=\"wp-block-gallery has-nested-images columns-default is-cropped wp-block-gallery-3 is-layout-flex wp-block-gallery-is-layout-flex\">\n<figure class=\"wp-block-image size-large\"><img decoding=\"async\" width=\"500\" height=\"333\" data-id=\"1103697\" src=\"https:\/\/dimensionturistica.com\/es\/wp-content\/uploads\/2026\/01\/3TUR.jpg\" alt=\"\" class=\"wp-image-1103697\" srcset=\"https:\/\/dimensionturistica.com\/es\/wp-content\/uploads\/2026\/01\/3TUR.jpg 500w, https:\/\/dimensionturistica.com\/es\/wp-content\/uploads\/2026\/01\/3TUR-300x200.jpg 300w\" sizes=\"(max-width: 500px) 100vw, 500px\" \/><\/figure>\n<\/figure>\n\n\n\n<p>La comitiva form\u00f3 parte de la inauguraci\u00f3n oficial de la participaci\u00f3n mexicana, en un acto que cont\u00f3 con una visita discreta de los Reyes de Espa\u00f1a, debido al luto oficial de tres d\u00edas decretado en ese pa\u00eds en condolencia con las familias y personas allegadas de los fallecidos en el accidente de tren en Adamuz, C\u00f3rdoba.<\/p>\n\n\n\n<p>La titular de la Secretar\u00eda de Turismo subray\u00f3 que es la primera vez que nuestro pa\u00eds muestra a sus Pueblos Originarios con este nivel de orgullo y protagonismo en la feria tur\u00edstica m\u00e1s influyente del mundo hispano, un hecho que marca un antes y un despu\u00e9s en la proyecci\u00f3n tur\u00edstica, cultural y econ\u00f3mica de la naci\u00f3n.<\/p>\n\n\n\n<figure class=\"wp-block-gallery has-nested-images columns-default is-cropped wp-block-gallery-4 is-layout-flex wp-block-gallery-is-layout-flex\">\n<figure class=\"wp-block-image size-large\"><img decoding=\"async\" width=\"500\" height=\"333\" data-id=\"1103698\" src=\"https:\/\/dimensionturistica.com\/es\/wp-content\/uploads\/2026\/01\/4TURU.jpg\" alt=\"\" class=\"wp-image-1103698\" srcset=\"https:\/\/dimensionturistica.com\/es\/wp-content\/uploads\/2026\/01\/4TURU.jpg 500w, https:\/\/dimensionturistica.com\/es\/wp-content\/uploads\/2026\/01\/4TURU-300x200.jpg 300w\" sizes=\"(max-width: 500px) 100vw, 500px\" \/><\/figure>\n<\/figure>\n\n\n\n<p>Adicionalmente, la titular de Sectur destac\u00f3 que esta participaci\u00f3n no tiene precedentes por su dimensi\u00f3n, organizaci\u00f3n y ambici\u00f3n: una comitiva hist\u00f3rica integrada por autoridades federales y estatales, c\u00e1maras empresariales, l\u00edneas a\u00e9reas, tour operadores, organismos de promoci\u00f3n, artesanas y artesanos, chefs, representantes culturales y alianzas p\u00fablico-privadas, que reflejan el potencial tur\u00edstico de los 32 estados de la Rep\u00fablica.<\/p>\n\n\n\n<p>\u201cSer Pa\u00eds Invitado significa una visibilidad reforzada, es una prioridad para este gobierno, liderazgo en la agenda global del sector y una posici\u00f3n privilegiada para atraer inversi\u00f3n, ampliar mercados, generar acuerdos y conquistar al turismo internacional con la fuerza de nuestra cultura, naturaleza y gastronom\u00eda\u201d, declar\u00f3.<\/p>\n\n\n\n<figure class=\"wp-block-gallery has-nested-images columns-default is-cropped wp-block-gallery-5 is-layout-flex wp-block-gallery-is-layout-flex\">\n<figure class=\"wp-block-image size-large\"><img decoding=\"async\" width=\"500\" height=\"333\" data-id=\"1103699\" src=\"https:\/\/dimensionturistica.com\/es\/wp-content\/uploads\/2026\/01\/6TURU.jpg\" alt=\"\" class=\"wp-image-1103699\" srcset=\"https:\/\/dimensionturistica.com\/es\/wp-content\/uploads\/2026\/01\/6TURU.jpg 500w, https:\/\/dimensionturistica.com\/es\/wp-content\/uploads\/2026\/01\/6TURU-300x200.jpg 300w\" sizes=\"(max-width: 500px) 100vw, 500px\" \/><\/figure>\n<\/figure>\n\n\n\n<figure class=\"wp-block-gallery has-nested-images columns-default is-cropped wp-block-gallery-6 is-layout-flex wp-block-gallery-is-layout-flex\"><\/figure>\n\n\n\n<p>Finalmente, la secretaria de Turismo resalt\u00f3 que, con Fitur 2026 como punto de partida, M\u00e9xico inaugura un a\u00f1o hist\u00f3rico para el turismo nacional, marcado por una proyecci\u00f3n internacional sin precedentes, una agenda fortalecida de cooperaci\u00f3n internacional, inversi\u00f3n y promoci\u00f3n cultural, as\u00ed como por el posicionamiento estrat\u00e9gico de los destinos de la Rep\u00fablica en los mercados m\u00e1s din\u00e1micos del mundo.<\/p>\n","protected":false},"excerpt":{"rendered":"<p>Una comitiva de representantes de Pueblos Originarios, de los estados de Campeche, Oaxaca, Nayarit, Guerrero y Chihuahua acompa\u00f1\u00f3 a la secretaria de Turismo del Gobierno de M\u00e9xico, Josefina Rodr\u00edguez Zamora, a la inauguraci\u00f3n oficial de la Feria Internacional de Turismo (FITUR) 2026, en la que M\u00e9xico participa como Pa\u00eds Invitado y protagonista de la jornada. [&hellip;]<\/p>\n","protected":false},"author":1,"featured_media":0,"comment_status":"open","ping_status":"closed","sticky":false,"template":"","format":"standard","meta":{"om_disable_all_campaigns":false,"jnews-multi-image_gallery":[],"jnews_single_post":[],"jnews_primary_category":[],"jnews_social_meta":[],"footnotes":""},"categories":[39],"tags":[],"class_list":["post-1103693","post","type-post","status-publish","format-standard","hentry","category-viajes"],"_links":{"self":[{"href":"https:\/\/dimensionturistica.com\/es\/wp-json\/wp\/v2\/posts\/1103693","targetHints":{"allow":["GET"]}}],"collection":[{"href":"https:\/\/dimensionturistica.com\/es\/wp-json\/wp\/v2\/posts"}],"about":[{"href":"https:\/\/dimensionturistica.com\/es\/wp-json\/wp\/v2\/types\/post"}],"author":[{"embeddable":true,"href":"https:\/\/dimensionturistica.com\/es\/wp-json\/wp\/v2\/users\/1"}],"replies":[{"embeddable":true,"href":"https:\/\/dimensionturistica.com\/es\/wp-json\/wp\/v2\/comments?post=1103693"}],"version-history":[{"count":1,"href":"https:\/\/dimensionturistica.com\/es\/wp-json\/wp\/v2\/posts\/1103693\/revisions"}],"predecessor-version":[{"id":1103700,"href":"https:\/\/dimensionturistica.com\/es\/wp-json\/wp\/v2\/posts\/1103693\/revisions\/1103700"}],"wp:attachment":[{"href":"https:\/\/dimensionturistica.com\/es\/wp-json\/wp\/v2\/media?parent=1103693"}],"wp:term":[{"taxonomy":"category","embeddable":true,"href":"https:\/\/dimensionturistica.com\/es\/wp-json\/wp\/v2\/categories?post=1103693"},{"taxonomy":"post_tag","embeddable":true,"href":"https:\/\/dimensionturistica.com\/es\/wp-json\/wp\/v2\/tags?post=1103693"}],"curies":[{"name":"wp","href":"https:\/\/api.w.org\/{rel}","templated":true}]}}