{"id":1103682,"date":"2026-01-26T15:50:30","date_gmt":"2026-01-26T15:50:30","guid":{"rendered":"https:\/\/dimensionturistica.com\/es\/?p=1103682"},"modified":"2026-01-26T15:50:30","modified_gmt":"2026-01-26T15:50:30","slug":"las-personas-con-discapacidad-quedan-excluidas-de-los-viajes-organizados-por-el-imserso","status":"publish","type":"post","link":"https:\/\/dimensionturistica.com\/es\/las-personas-con-discapacidad-quedan-excluidas-de-los-viajes-organizados-por-el-imserso\/","title":{"rendered":"Las personas con discapacidad quedan excluidas de los viajes organizados por el Imserso."},"content":{"rendered":"<h3>La Inclusi\u00f3n en el Turismo: Un Desaf\u00edo Pendiente<\/h3>\n<p>El turismo es una ventana al mundo, un espacio donde la diversidad y la inclusi\u00f3n deber\u00edan ser la norma, no la excepci\u00f3n. Sin embargo, la reciente denuncia de que m\u00e1s de 1.500 personas con discapacidad no podr\u00e1n beneficiarse de los viajes organizados por Imserso pone de manifiesto las grietas en nuestro sistema tur\u00edstico. Este hecho no solo es un recordatorio de la lucha por la accesibilidad, sino tambi\u00e9n una llamada a la acci\u00f3n para todos los actores involucrados en la promoci\u00f3n del ocio y la recreaci\u00f3n.<\/p>\n<p>Las personas con discapacidad tienen derecho a disfrutar del turismo al igual que cualquier otra persona. Sin embargo, muchas veces, la infraestructura y los servicios no est\u00e1n dise\u00f1ados para satisfacer sus necesidades. Durante a\u00f1os, las organizaciones han luchado para obtener un reconocimiento real de sus derechos, pero este caso espec\u00edfico subraya que a\u00fan queda mucho por hacer.<\/p>\n<p><strong>El Valor de la Inclusividad<\/strong><\/p>\n<p>Un turismo inclusivo no solo beneficia a quienes tienen alguna discapacidad, sino que tambi\u00e9n enriquece la experiencia de viaje para todos. Al crear un entorno accesible, se promueve un sentido de comunidad y empat\u00eda que fortalece los lazos sociales. Negar el acceso a cientos de personas no solo es una cuesti\u00f3n de justicia social, sino que tambi\u00e9n se traduce en una p\u00e9rdida de oportunidades econ\u00f3micas y culturales.<\/p>\n<p><strong>Hacia una Soluci\u00f3n Sostenible<\/strong><\/p>\n<p>\u00bfQu\u00e9 medidas se pueden implementar para garantizar que el turismo sea accesible para todos? Primero, es fundamental que las agencias de viaje y las instituciones p\u00fablicas establezcan la accesibilidad como un est\u00e1ndar en sus servicios. Desde alojamientos adaptados hasta transportes que puedan acomodar diferentes necesidades, la inversi\u00f3n en infrastructures accesibles es clave.<\/p>\n<p>Adem\u00e1s, es crucial la capacitaci\u00f3n de personal en turismo sobre la concienciaci\u00f3n y el trato adecuado hacia las personas con discapacidad. Esto no solo mejorar\u00e1 la experiencia del viajero, sino que tambi\u00e9n contribuir\u00e1 a un cambio de mentalidad en la sociedad.<\/p>\n<p><strong>Historias que Inspiran<\/strong><\/p>\n<p>A pesar de las barreras existentes, hay ejemplos inspiradores alrededor del mundo. Muchos destinos han comenzado a implementar iniciativas que promueven la inclusi\u00f3n. Desde tours adaptados que permiten que personas con movilidad reducida exploren lugares ic\u00f3nicos, hasta eventos culturales que celebran la diversidad. Estas historias demuestran que es posible ofrecer experiencias significativas a todos.<\/p>\n<p><strong>El Futuro del Turismo Inclusivo<\/strong><\/p>\n<p>A medida que el sector tur\u00edstico comienza a recuperarse tras la pandemia, es m\u00e1s importante que nunca que la inclusi\u00f3n est\u00e9 en el centro de esta recuperaci\u00f3n. La exigencia de acciones concretas por parte de ciudadanos y activistas es vital para que se tomen en cuenta las demandas de la comunidad.<\/p>\n<p>Al final, el turismo deber\u00eda ser una celebraci\u00f3n de nuestras diferencias y un espacio donde todos puedan sentirse incluidos y valorados. No podemos permitir que m\u00e1s de 1.500 personas queden excluidas de la oportunidad de explorar, aprender y disfrutar del mundo. Es momento de transformar la denuncia en acci\u00f3n y de trabajar juntos hacia un futuro en el que la accesibilidad sea una realidad para todos.<\/p>\n<p><em> &#8221; Fuentes www.65ymas.com &#8221; <\/em><\/p>\n","protected":false},"excerpt":{"rendered":"<p>La Inclusi\u00f3n en el Turismo: Un Desaf\u00edo Pendiente El turismo es una ventana al mundo, un espacio donde la diversidad y la inclusi\u00f3n deber\u00edan ser la norma, no la excepci\u00f3n. Sin embargo, la reciente denuncia de que m\u00e1s de 1.500 personas con discapacidad no podr\u00e1n beneficiarse de los viajes organizados por Imserso pone de manifiesto [&hellip;]<\/p>\n","protected":false},"author":4,"featured_media":1103684,"comment_status":"open","ping_status":"closed","sticky":false,"template":"","format":"standard","meta":{"om_disable_all_campaigns":false,"jnews-multi-image_gallery":[],"jnews_single_post":[],"jnews_primary_category":[],"jnews_social_meta":[],"footnotes":""},"categories":[39],"tags":[11324,1055,8956,813,12850,22532,544,545],"class_list":["post-1103682","post","type-post","status-publish","format-standard","has-post-thumbnail","hentry","category-viajes","tag-accesibilidad","tag-derechos","tag-discapacidad","tag-imserso","tag-inclusion","tag-personas-con-discapacidad","tag-turismo","tag-viajes"],"_links":{"self":[{"href":"https:\/\/dimensionturistica.com\/es\/wp-json\/wp\/v2\/posts\/1103682","targetHints":{"allow":["GET"]}}],"collection":[{"href":"https:\/\/dimensionturistica.com\/es\/wp-json\/wp\/v2\/posts"}],"about":[{"href":"https:\/\/dimensionturistica.com\/es\/wp-json\/wp\/v2\/types\/post"}],"author":[{"embeddable":true,"href":"https:\/\/dimensionturistica.com\/es\/wp-json\/wp\/v2\/users\/4"}],"replies":[{"embeddable":true,"href":"https:\/\/dimensionturistica.com\/es\/wp-json\/wp\/v2\/comments?post=1103682"}],"version-history":[{"count":1,"href":"https:\/\/dimensionturistica.com\/es\/wp-json\/wp\/v2\/posts\/1103682\/revisions"}],"predecessor-version":[{"id":1103686,"href":"https:\/\/dimensionturistica.com\/es\/wp-json\/wp\/v2\/posts\/1103682\/revisions\/1103686"}],"wp:featuredmedia":[{"embeddable":true,"href":"https:\/\/dimensionturistica.com\/es\/wp-json\/wp\/v2\/media\/1103684"}],"wp:attachment":[{"href":"https:\/\/dimensionturistica.com\/es\/wp-json\/wp\/v2\/media?parent=1103682"}],"wp:term":[{"taxonomy":"category","embeddable":true,"href":"https:\/\/dimensionturistica.com\/es\/wp-json\/wp\/v2\/categories?post=1103682"},{"taxonomy":"post_tag","embeddable":true,"href":"https:\/\/dimensionturistica.com\/es\/wp-json\/wp\/v2\/tags?post=1103682"}],"curies":[{"name":"wp","href":"https:\/\/api.w.org\/{rel}","templated":true}]}}