{"id":1103669,"date":"2026-01-26T15:26:13","date_gmt":"2026-01-26T15:26:13","guid":{"rendered":"https:\/\/dimensionturistica.com\/es\/?p=1103669"},"modified":"2026-01-26T15:26:13","modified_gmt":"2026-01-26T15:26:13","slug":"ia-inversion-y-venta-directa-mirai-marca-la-pauta-de-la-nueva-distribucion-hotelera-desde-fitur-2026","status":"publish","type":"post","link":"https:\/\/dimensionturistica.com\/es\/ia-inversion-y-venta-directa-mirai-marca-la-pauta-de-la-nueva-distribucion-hotelera-desde-fitur-2026\/","title":{"rendered":"IA, inversi\u00f3n y venta directa: Mirai marca la pauta de la nueva distribuci\u00f3n hotelera desde FITUR 2026"},"content":{"rendered":"\n<p><\/p>\n\n\n\n<figure class=\"wp-block-gallery has-nested-images columns-default is-cropped wp-block-gallery-1 is-layout-flex wp-block-gallery-is-layout-flex\">\n<figure class=\"wp-block-image size-large\"><img decoding=\"async\" width=\"466\" height=\"180\" data-id=\"1103670\" src=\"https:\/\/dimensionturistica.com\/es\/wp-content\/uploads\/2026\/01\/1MIRAI.jpg\" alt=\"\" class=\"wp-image-1103670\" srcset=\"https:\/\/dimensionturistica.com\/es\/wp-content\/uploads\/2026\/01\/1MIRAI.jpg 466w, https:\/\/dimensionturistica.com\/es\/wp-content\/uploads\/2026\/01\/1MIRAI-300x116.jpg 300w\" sizes=\"(max-width: 466px) 100vw, 466px\" \/><\/figure>\n<\/figure>\n\n\n\n<p>M\u00e9xico atraviesa uno de los momentos m\u00e1s s\u00f3lidos de su historia reciente en materia tur\u00edstica. De acuerdo con cifras de la Secretar\u00eda de Turismo (SECTUR), el sector registr\u00f3 una Inversi\u00f3n Extranjera Directa de 787.6 millones de d\u00f3lares en el tercer trimestre de 2025, adem\u00e1s de una Cartera de Inversi\u00f3n Tur\u00edstica superior a los 22 mil millones de d\u00f3lares, impulsada por nuevos desarrollos, infraestructura y la diversificaci\u00f3n de destinos.<\/p>\n\n\n\n<p>A este escenario se suma la expectativa de un crecimiento acelerado en 2026, impulsado por la celebraci\u00f3n del Mundial FIFA, que proyecta la llegada de m\u00e1s de 5 millones de visitantes adicionales y un incremento relevante en el gasto tur\u00edstico. En un contexto de expansi\u00f3n como este, la innovaci\u00f3n tecnol\u00f3gica se vuelve un factor estrat\u00e9gico para que los hoteles capitalicen la demanda y mantengan su competitividad, una conversaci\u00f3n que cobr\u00f3 especial relevancia en FITUR 2026, donde Mirai, firma especializada en tecnolog\u00eda para la industria hotelera, comparti\u00f3 su visi\u00f3n sobre el papel de la Inteligencia Artificial y la nueva distribuci\u00f3n hotelera en el desarrollo del mercado mexicano.<\/p>\n\n\n\n<figure class=\"wp-block-gallery has-nested-images columns-default is-cropped wp-block-gallery-2 is-layout-flex wp-block-gallery-is-layout-flex\">\n<figure class=\"wp-block-image size-large\"><img decoding=\"async\" width=\"500\" height=\"666\" data-id=\"1103671\" src=\"https:\/\/dimensionturistica.com\/es\/wp-content\/uploads\/2026\/01\/2MIRAI.jpg\" alt=\"\" class=\"wp-image-1103671\" srcset=\"https:\/\/dimensionturistica.com\/es\/wp-content\/uploads\/2026\/01\/2MIRAI.jpg 500w, https:\/\/dimensionturistica.com\/es\/wp-content\/uploads\/2026\/01\/2MIRAI-225x300.jpg 225w\" sizes=\"(max-width: 500px) 100vw, 500px\" \/><\/figure>\n<\/figure>\n\n\n\n<p>Bajo el lema \u201cDonde empiezan los viajes\u201d, FITUR 2026 se consolid\u00f3 como el principal punto de encuentro internacional para analizar el futuro del turismo, la sostenibilidad y la transformaci\u00f3n digital del sector. En este marco, Mirai puso el foco en el momento donde realmente nacen los viajes: la planificaci\u00f3n y la reserva, destacando c\u00f3mo la tecnolog\u00eda puede transformar la intenci\u00f3n del viajero en valor para los hoteles.<\/p>\n\n\n\n<p>Entre las soluciones presentadas sobresale Sarai, su herramienta basada en Inteligencia Artificial. Una nueva generaci\u00f3n de agentes de IA que ofrece interacciones m\u00e1s humanas y conversacionales, multiling\u00fce y disponible 24\/7, en diversos canales y con un entendimiento natural del lenguaje.<\/p>\n\n\n\n<p>La compa\u00f1\u00eda tambi\u00e9n destac\u00f3 su nuevo Motor de Reservas, dise\u00f1ado para fortalecer la venta directa mediante una experiencia de usuario m\u00e1s fluida, personalizada y eficiente. Ofrece m\u00e1xima velocidad, rendimiento y versatilidad junto con infinitas combinaciones para adaptarse totalmente al hotel.<\/p>\n\n\n\n<p>Estas innovaciones se alinean de forma directa con el esp\u00edritu de esta Feria Internacional del sector Tur\u00edstico, al impactar en el momento donde empiezan los viajes y ayudar a los hoteles a construir reservas directas y relaciones de largo plazo con sus hu\u00e9spedes.<\/p>\n\n\n\n<figure class=\"wp-block-gallery has-nested-images columns-default is-cropped wp-block-gallery-3 is-layout-flex wp-block-gallery-is-layout-flex\">\n<figure class=\"wp-block-image size-large\"><img decoding=\"async\" width=\"500\" height=\"403\" data-id=\"1103672\" src=\"https:\/\/dimensionturistica.com\/es\/wp-content\/uploads\/2026\/01\/6MIRAI.jpg\" alt=\"\" class=\"wp-image-1103672\" srcset=\"https:\/\/dimensionturistica.com\/es\/wp-content\/uploads\/2026\/01\/6MIRAI.jpg 500w, https:\/\/dimensionturistica.com\/es\/wp-content\/uploads\/2026\/01\/6MIRAI-300x242.jpg 300w\" sizes=\"(max-width: 500px) 100vw, 500px\" \/><\/figure>\n<\/figure>\n\n\n\n<p>\u201cEn un momento de fuerte crecimiento para M\u00e9xico, la tecnolog\u00eda y la Inteligencia Artificial se convierten en aliadas estrat\u00e9gicas para que los hoteles ganen competitividad, rentabilidad y sostenibilidad, sin perder el control de su distribuci\u00f3n\u201d, se\u00f1al\u00f3 Javier Mar\u00edn, Director Regional &amp; Head of Sales de Mirai.<\/p>\n\n\n\n<p>Con su participaci\u00f3n en FITUR 2026, Mirai reafirma su compromiso con el mercado mexicano, acompa\u00f1ando a los hoteles en la transici\u00f3n hacia un modelo de distribuci\u00f3n m\u00e1s inteligente, transparente y orientado al largo plazo, capaz de responder tanto al crecimiento de la demanda como a los retos de un entorno tur\u00edstico cada vez m\u00e1s competitivo.<\/p>\n","protected":false},"excerpt":{"rendered":"<p>M\u00e9xico atraviesa uno de los momentos m\u00e1s s\u00f3lidos de su historia reciente en materia tur\u00edstica. De acuerdo con cifras de la Secretar\u00eda de Turismo (SECTUR), el sector registr\u00f3 una Inversi\u00f3n Extranjera Directa de 787.6 millones de d\u00f3lares en el tercer trimestre de 2025, adem\u00e1s de una Cartera de Inversi\u00f3n Tur\u00edstica superior a los 22 mil [&hellip;]<\/p>\n","protected":false},"author":1,"featured_media":0,"comment_status":"open","ping_status":"closed","sticky":false,"template":"","format":"standard","meta":{"om_disable_all_campaigns":false,"jnews-multi-image_gallery":[],"jnews_single_post":[],"jnews_primary_category":[],"jnews_social_meta":[],"footnotes":""},"categories":[39],"tags":[],"class_list":["post-1103669","post","type-post","status-publish","format-standard","hentry","category-viajes"],"_links":{"self":[{"href":"https:\/\/dimensionturistica.com\/es\/wp-json\/wp\/v2\/posts\/1103669","targetHints":{"allow":["GET"]}}],"collection":[{"href":"https:\/\/dimensionturistica.com\/es\/wp-json\/wp\/v2\/posts"}],"about":[{"href":"https:\/\/dimensionturistica.com\/es\/wp-json\/wp\/v2\/types\/post"}],"author":[{"embeddable":true,"href":"https:\/\/dimensionturistica.com\/es\/wp-json\/wp\/v2\/users\/1"}],"replies":[{"embeddable":true,"href":"https:\/\/dimensionturistica.com\/es\/wp-json\/wp\/v2\/comments?post=1103669"}],"version-history":[{"count":1,"href":"https:\/\/dimensionturistica.com\/es\/wp-json\/wp\/v2\/posts\/1103669\/revisions"}],"predecessor-version":[{"id":1103673,"href":"https:\/\/dimensionturistica.com\/es\/wp-json\/wp\/v2\/posts\/1103669\/revisions\/1103673"}],"wp:attachment":[{"href":"https:\/\/dimensionturistica.com\/es\/wp-json\/wp\/v2\/media?parent=1103669"}],"wp:term":[{"taxonomy":"category","embeddable":true,"href":"https:\/\/dimensionturistica.com\/es\/wp-json\/wp\/v2\/categories?post=1103669"},{"taxonomy":"post_tag","embeddable":true,"href":"https:\/\/dimensionturistica.com\/es\/wp-json\/wp\/v2\/tags?post=1103669"}],"curies":[{"name":"wp","href":"https:\/\/api.w.org\/{rel}","templated":true}]}}